{"id":880,"date":"2023-08-25T17:04:07","date_gmt":"2023-08-25T15:04:07","guid":{"rendered":"https:\/\/www.rheinland-pfalz-saarland.freidenker.org\/cms\/?p=880"},"modified":"2024-08-30T10:20:04","modified_gmt":"2024-08-30T08:20:04","slug":"einladung-mitgliederversammlung-am-12-11-2023","status":"publish","type":"post","link":"https:\/\/www.rheinland-pfalz-saarland.freidenker.org\/cms\/?p=880","title":{"rendered":"Einladung Jahresmitgliederversammlung am 12.11.2023"},"content":{"rendered":"<p class=\"western\" align=\"center\"><strong><span style=\"color: #000000;\"><span style=\"font-size: x-large;\"><span lang=\"de-DE\">Einladung zur Jahresmitgliedervers<\/span><\/span><\/span><span style=\"font-size: x-large;\">ammlung 2023<\/span><\/strong><\/p>\n<p class=\"western\" align=\"center\"><strong>Sonntag, den 12.11.2023 um 11:00 Uhr<\/strong><\/p>\n<p class=\"western\" align=\"center\"><strong>Flugplatzgastst\u00e4tte G\u00f6ttschied Flugplatz 20<\/strong><\/p>\n<p class=\"western\" align=\"center\">in 55743 Idar-Oberstein<\/p>\n<p class=\"western\" align=\"center\"><span style=\"color: #000000;\"><span style=\"font-size: medium;\"><span lang=\"de-DE\">Parkpl\u00e4tze sind vorhanden<\/span><\/span><\/span><\/p>\n<h3 align=\"center\"><span style=\"color: #000000;\"><u>&#8222;Was ist rechts, was ist links?&#8220;<\/u><\/span><\/h3>\n<h3 align=\"center\"><span style=\"font-size: medium;\"><span style=\"color: #000000;\"><span style=\"font-size: large;\"><span lang=\"de-DE\"><b>Referent: Klaus Hartmann <\/b><\/span><\/span><\/span><\/span><\/h3>\n<p style=\"text-align: left;\" align=\"center\">Vorschlag Tagesordnung:<\/p>\n<p><span style=\"font-size: medium;\"><span style=\"color: #000000;\"><span lang=\"de-DE\">Vorschlag zur Tagesordnung:<\/span><\/span><\/span><\/p>\n<p><span style=\"font-size: medium;\"><span style=\"color: #000000;\"><span lang=\"de-DE\">11:00 Uhr Vortrag und Diskussion<\/span><\/span><\/span><\/p>\n<p><span style=\"font-size: medium;\"><span style=\"color: #000000;\"><span lang=\"de-DE\">13:00 Uhr Mittagspause<\/span><\/span><\/span><\/p>\n<p><span style=\"font-size: medium;\"><span style=\"color: #000000;\"><span lang=\"de-DE\"><u>14:00 Uhr Mitgliederversammlung <\/u><\/span><\/span><\/span><\/p>\n<p><span style=\"font-size: medium;\"><span style=\"color: #000000;\"><span lang=\"de-DE\">1. Ehrung unserer \u00e4ltesten Mitglieder<\/span><\/span><\/span><\/p>\n<p><span style=\"font-size: medium;\"><span style=\"color: #000000;\"><span lang=\"de-DE\">2. Jahresr\u00fcckblick<\/span><\/span><\/span><\/p>\n<p><span style=\"font-size: medium;\"><span style=\"color: #000000;\"><span lang=\"de-DE\">3. Wahl der Revision<\/span><\/span><\/span><\/p>\n<p><span style=\"font-size: medium;\"><span style=\"color: #000000;\"><span lang=\"de-DE\">4. Vorschl\u00e4ge f\u00fcr die weitere Arbeit<\/span><\/span><\/span><\/p>\n<p><span style=\"font-size: medium;\"><span style=\"color: #000000;\"><span lang=\"de-DE\">5. Beschl\u00fcsse<\/span><\/span><\/span><\/p>\n<p><span style=\"font-size: medium;\"><span style=\"color: #000000;\"><span lang=\"de-DE\">6. Verschiedenes<\/span><\/span><\/span><\/p>\n<p>&nbsp;<\/p>\n<p>Weitere Informationen zur Anmeldung: siehe <a href=\"https:\/\/www.rheinland-pfalz-saarland.freidenker.org\/cms\/wp-content\/uploads\/2023\/08\/Einladung-Jahresversammlung-2023-11-12.pdf\">Einladung<\/a><\/p>\n<p align=\"center\">\n","protected":false},"excerpt":{"rendered":"<p>Einladung zur Jahresmitgliederversammlung 2023 Sonntag, den 12.11.2023 um 11:00 Uhr Flugplatzgastst\u00e4tte G\u00f6ttschied Flugplatz 20 in 55743 Idar-Oberstein Parkpl\u00e4tze sind vorhanden &#8222;Was ist rechts, was ist links?&#8220; Referent: Klaus Hartmann Vorschlag Tagesordnung: Vorschlag zur Tagesordnung: 11:00 Uhr Vortrag und Diskussion 13:00 Uhr Mittagspause 14:00 Uhr Mitgliederversammlung 1. Ehrung unserer \u00e4ltesten Mitglieder 2. Jahresr\u00fcckblick 3. Wahl der [&hellip;]<\/p>\n","protected":false},"author":2,"featured_media":0,"comment_status":"closed","ping_status":"open","sticky":false,"template":"","format":"standard","meta":{"jetpack_post_was_ever_published":false,"_jetpack_newsletter_access":"","_jetpack_dont_email_post_to_subs":false,"_jetpack_newsletter_tier_id":0,"_jetpack_memberships_contains_paywalled_content":false,"_jetpack_memberships_contains_paid_content":false,"footnotes":""},"categories":[1,8],"tags":[39],"class_list":["post-880","post","type-post","status-publish","format-standard","hentry","category-allgemein","category-mitgliederinformationen","tag-mitgliederinformation"],"jetpack_featured_media_url":"","jetpack_shortlink":"https:\/\/wp.me\/p4d9vn-ec","jetpack_sharing_enabled":true,"_links":{"self":[{"href":"https:\/\/www.rheinland-pfalz-saarland.freidenker.org\/cms\/index.php?rest_route=\/wp\/v2\/posts\/880","targetHints":{"allow":["GET"]}}],"collection":[{"href":"https:\/\/www.rheinland-pfalz-saarland.freidenker.org\/cms\/index.php?rest_route=\/wp\/v2\/posts"}],"about":[{"href":"https:\/\/www.rheinland-pfalz-saarland.freidenker.org\/cms\/index.php?rest_route=\/wp\/v2\/types\/post"}],"author":[{"embeddable":true,"href":"https:\/\/www.rheinland-pfalz-saarland.freidenker.org\/cms\/index.php?rest_route=\/wp\/v2\/users\/2"}],"replies":[{"embeddable":true,"href":"https:\/\/www.rheinland-pfalz-saarland.freidenker.org\/cms\/index.php?rest_route=%2Fwp%2Fv2%2Fcomments&post=880"}],"version-history":[{"count":5,"href":"https:\/\/www.rheinland-pfalz-saarland.freidenker.org\/cms\/index.php?rest_route=\/wp\/v2\/posts\/880\/revisions"}],"predecessor-version":[{"id":885,"href":"https:\/\/www.rheinland-pfalz-saarland.freidenker.org\/cms\/index.php?rest_route=\/wp\/v2\/posts\/880\/revisions\/885"}],"wp:attachment":[{"href":"https:\/\/www.rheinland-pfalz-saarland.freidenker.org\/cms\/index.php?rest_route=%2Fwp%2Fv2%2Fmedia&parent=880"}],"wp:term":[{"taxonomy":"category","embeddable":true,"href":"https:\/\/www.rheinland-pfalz-saarland.freidenker.org\/cms\/index.php?rest_route=%2Fwp%2Fv2%2Fcategories&post=880"},{"taxonomy":"post_tag","embeddable":true,"href":"https:\/\/www.rheinland-pfalz-saarland.freidenker.org\/cms\/index.php?rest_route=%2Fwp%2Fv2%2Ftags&post=880"}],"curies":[{"name":"wp","href":"https:\/\/api.w.org\/{rel}","templated":true}]}}