{"id":4697,"date":"2025-10-21T21:52:22","date_gmt":"2025-10-21T19:52:22","guid":{"rendered":"https:\/\/www.rheinland-pfalz-saarland.freidenker.org\/cms\/?p=4697"},"modified":"2025-12-07T17:08:08","modified_gmt":"2025-12-07T16:08:08","slug":"maenner-gottes-auf-dem-weg-der-propaganda","status":"publish","type":"post","link":"https:\/\/www.rheinland-pfalz-saarland.freidenker.org\/cms\/?p=4697","title":{"rendered":"M\u00e4nner Gottes auf dem Weg der Propaganda"},"content":{"rendered":"<h3>\u2013 Bisch\u00f6fe unterst\u00fctzen \u201eVerteidigungsbereitschaft\u201c<\/h3>\n<p><em><strong><span class=\"author\">von Marcus Kl\u00f6ckner<\/span><\/strong><\/em><\/p>\n<p><img data-recalc-dims=\"1\" loading=\"lazy\" decoding=\"async\" data-attachment-id=\"4713\" data-permalink=\"https:\/\/www.rheinland-pfalz-saarland.freidenker.org\/cms\/?attachment_id=4713\" data-orig-file=\"https:\/\/i0.wp.com\/www.rheinland-pfalz-saarland.freidenker.org\/cms\/wp-content\/uploads\/2025\/10\/MKr33980_Vollversammlung_Deutsche_Bischofskonferenz_2023_Wiesbaden.jpg?fit=1200%2C800&amp;ssl=1\" data-orig-size=\"1200,800\" data-comments-opened=\"0\" data-image-meta=\"{&quot;aperture&quot;:&quot;0&quot;,&quot;credit&quot;:&quot;Martin Kraft&quot;,&quot;camera&quot;:&quot;&quot;,&quot;caption&quot;:&quot;&quot;,&quot;created_timestamp&quot;:&quot;0&quot;,&quot;copyright&quot;:&quot;Martin Kraft&quot;,&quot;focal_length&quot;:&quot;0&quot;,&quot;iso&quot;:&quot;0&quot;,&quot;shutter_speed&quot;:&quot;0&quot;,&quot;title&quot;:&quot;&quot;,&quot;orientation&quot;:&quot;0&quot;}\" data-image-title=\"MKr33980_Vollversammlung_Deutsche_Bischofskonferenz_2023_(Wiesbaden)\" data-image-description=\"\" data-image-caption=\"\" data-medium-file=\"https:\/\/i0.wp.com\/www.rheinland-pfalz-saarland.freidenker.org\/cms\/wp-content\/uploads\/2025\/10\/MKr33980_Vollversammlung_Deutsche_Bischofskonferenz_2023_Wiesbaden.jpg?fit=300%2C200&amp;ssl=1\" data-large-file=\"https:\/\/i0.wp.com\/www.rheinland-pfalz-saarland.freidenker.org\/cms\/wp-content\/uploads\/2025\/10\/MKr33980_Vollversammlung_Deutsche_Bischofskonferenz_2023_Wiesbaden.jpg?fit=417%2C278&amp;ssl=1\" class=\"alignnone wp-image-4713\" src=\"https:\/\/i0.wp.com\/www.rheinland-pfalz-saarland.freidenker.org\/cms\/wp-content\/uploads\/2025\/10\/MKr33980_Vollversammlung_Deutsche_Bischofskonferenz_2023_Wiesbaden.jpg?resize=495%2C330&#038;ssl=1\" alt=\"M\u00e4nner Gottes auf dem Weg der Propaganda \u2013 Bisch\u00f6fe unterst\u00fctzen \u201eVerteidigungsbereitschaft\u201c\" width=\"495\" height=\"330\" srcset=\"https:\/\/i0.wp.com\/www.rheinland-pfalz-saarland.freidenker.org\/cms\/wp-content\/uploads\/2025\/10\/MKr33980_Vollversammlung_Deutsche_Bischofskonferenz_2023_Wiesbaden.jpg?w=1200&amp;ssl=1 1200w, https:\/\/i0.wp.com\/www.rheinland-pfalz-saarland.freidenker.org\/cms\/wp-content\/uploads\/2025\/10\/MKr33980_Vollversammlung_Deutsche_Bischofskonferenz_2023_Wiesbaden.jpg?resize=300%2C200&amp;ssl=1 300w, https:\/\/i0.wp.com\/www.rheinland-pfalz-saarland.freidenker.org\/cms\/wp-content\/uploads\/2025\/10\/MKr33980_Vollversammlung_Deutsche_Bischofskonferenz_2023_Wiesbaden.jpg?resize=417%2C278&amp;ssl=1 417w, https:\/\/i0.wp.com\/www.rheinland-pfalz-saarland.freidenker.org\/cms\/wp-content\/uploads\/2025\/10\/MKr33980_Vollversammlung_Deutsche_Bischofskonferenz_2023_Wiesbaden.jpg?resize=768%2C512&amp;ssl=1 768w\" sizes=\"auto, (max-width: 495px) 100vw, 495px\" \/><\/p>\n<p><strong>Wie tief will die Kirche noch sinken? Gerade haben sich die Bisch\u00f6fe in die Debatte zum Wehrdienst eingeschaltet. <a href=\"https:\/\/www.dbk.de\/fileadmin\/redaktion\/diverse_downloads\/presse_2025\/2025-167a-Erklaerung-zur-Debatte-um-den-Wehrdienst-Wortlaut.pdf\" target=\"_blank\" rel=\"noopener\">In einer Erkl\u00e4rung<\/a> positionieren sich die \u201eM\u00e4nner Gottes\u201c und erweisen sich als traurig-muntere Sekundanten der Politik. Aus Sicht der katholischen Friedensethik sei die Verteidigungsf\u00e4higkeit \u201elegitim\u201c. In ihrer Erkl\u00e4rung findet sich kein kritisches Wort zum Irrsinn der Aufr\u00fcstungspolitik. Stattdessen: Eine verengte Sichtweise, die der Komplexit\u00e4t der Situation zwischen NATO und Russland nicht gerecht wird. Falsche Pr\u00e4missen f\u00fchren zu falschen Schl\u00fcssen. Dass selbst Bisch\u00f6fe nicht \u00fcber den Rand der Tagesschau-Realit\u00e4t hinausschauen, ist erschreckend. <\/strong><strong>Ein Kommentar von Marcus Kl\u00f6ckner.<\/strong><\/p>\n<p style=\"text-align: right;\"><em>Original-Artikel auf den <a href=\"https:\/\/www.nachdenkseiten.de\/?page_id=47939\" target=\"_blank\" rel=\"noopener\"><strong>NachDenkSeiten<\/strong><\/a> (vom 15. Oktober 2025):<\/em><br \/>\n<em><a href=\"https:\/\/www.nachdenkseiten.de\/?p=140599\" target=\"_blank\" rel=\"noopener\">https:\/\/www.nachdenkseiten.de\/?p=140599<\/a><\/em><\/p>\n<p>&nbsp;<\/p>\n<p>Die \u201eM\u00e4nner Gottes\u201c haben sich positioniert. Sie wollen sich einschalten in die Debatte um die Wehrpflicht. H\u00e4tten sie es besser gelassen. Am Montag dieser Wochen haben die W\u00fcrdentr\u00e4ger <a href=\"https:\/\/www.katholisch.de\/artikel\/64987-bischoefe-deutschland-muss-verteidigungsbereit-werden\" target=\"_blank\" rel=\"noopener\">eine entsprechende \u201eErkl\u00e4rung\u201c ver\u00f6ffentlicht<\/a>. Herausgekommen ist dabei ein Dokument, das verdeutlicht: Wer auf falsche Pr\u00e4missen baut, zieht auch falsche Schl\u00fcsse. Satz f\u00fcr Satz in der Erkl\u00e4rung lie\u00dfe sich an dieser Stelle zerlegen. Verzerrte, propagandistisch kontaminierte Realit\u00e4tsvorstellungen f\u00fchren eben auch zu verzerrten, propagandistisch kontaminierten Positionen. Es ist traurig \u2013 wirklich traurig! \u2013, dass man offensichtlich Bisch\u00f6fen die Welt erkl\u00e4ren muss. Politik mag nicht das Gesch\u00e4ft der Gottesdiener sein, aber wenn sie ihren Mund schon zur Politik aufmachen, dann darf, ja: muss! die Gesellschaft erwarten k\u00f6nnen, dass etwas Substanzielles zum Vorschein kommt. Propaganda wiederk\u00e4uende Bisch\u00f6fe braucht eine Gesellschaft, in der Politiker immer weiter auf Konfrontationskurs mit Russland gehen, gewiss nicht. Doch genau das kommt \u2013 bei Lichte betrachtet \u2013 zum Vorschein.<\/p>\n<p>Da hei\u00dft es etwa in der Erkl\u00e4rung:<\/p>\n<blockquote><p>\u201e<em>Angesichts der gegenw\u00e4rtigen sicherheitspolitischen und gesellschaftlichen Herausforderungen (\u2026)\u201c.<\/em><\/p><\/blockquote>\n<p>Das ist der erste Satz in der Erkl\u00e4rung \u2013 ein Satz, der so auch h\u00e4tte von der Bundesregierung, dem Verteidigungsministerium oder der NATO-Pressestelle formuliert werden k\u00f6nnen.<\/p>\n<p>Schon an dieser Stelle m\u00f6chte man den Bisch\u00f6fen entgegenrufen: Bitte, h\u00f6rt auf! Lasst es sein! Es reicht schon! Der ganze Komplex an falschen Vorstellungen, nicht sauber reflektierten Annahmen und Wahrnehmungen verdichtet sich in diesen Worten zum Eckstein einer hochgradig propagandistischen Politik. Die Bisch\u00f6fe zeigen nicht die Realit\u00e4t auf, sondern agieren wie Politiker, die in einem Akt der Propaganda \u2013 durch einen Sprechakt \u2013 jene Realit\u00e4t erzeugen, die sie dann bek\u00e4mpfen wollen.<\/p>\n<p>\u201eAngesichts der gegenw\u00e4rtigen sicherheitspolitischen und gesellschaftlichen Herausforderungen (\u2026)\u201c \u2013 ja, was ist denn im Angesicht der politisch mutwillig und vors\u00e4tzlich hervorgerufenen \u201egegenw\u00e4rtigen sicherheitspolitischen und gesellschaftlichen Herausforderungen\u201c? Was haben die Bisch\u00f6fe dazu zu sagen? Sie reden in der Erkl\u00e4rung so \u00fcber die \u201egegenw\u00e4rtigen sicherheitspolitischen und gesellschaftlichen Herausforderungen\u201c, als seien diese vom Himmel gefallen oder genauer: als seien sie aus einem Akt Putin\u2018scher Selbstzeugung hervorgegangen.<\/p>\n<p>Sind Bisch\u00f6fe wirklich so beschr\u00e4nkt, dass sie die einfachste Volksweisheit nicht begreifen? \u201eEin Bock st\u00f6\u00dft nie allein.\u201c Anders formuliert: Die Situation in der Ukraine ist eben nicht nur durch das Verhalten Russlands zu verstehen. Muss man Bisch\u00f6fen wirklich erkl\u00e4ren, was Tiefenpolitik ist? Muss man Bisch\u00f6fen wirklich erkl\u00e4ren, wie Geopolitik funktioniert? Muss man Bisch\u00f6fen wirklich erkl\u00e4ren, seit wann die CIA in der Ukraine agiert und was sie dort getan hat und tut?<\/p>\n<p>Da hei\u00dft es weiter in der Erkl\u00e4rung:<\/p>\n<blockquote><p><em>Bereits mit dem v\u00f6lkerrechtswidrigen Angriffskrieg Russlands auf die Ukraine hat sich seit 2014 die sicherheitspolitische Lage f\u00fcr Deutschland, die EU und die NATO grundlegend gewandelt.<\/em><\/p><\/blockquote>\n<p>Bei diesen Zeilen k\u00f6nnte einem leicht der Geduldsfaden rei\u00dfen. Um es sich vor Augen zu f\u00fchren: Wir reden \u00fcber Bisch\u00f6fe und nicht \u00fcber \u00c4u\u00dferungen von Stammtischbr\u00fcdern. Bisch\u00f6fe sind ziemlich kluge Menschen. Sie haben ein gro\u00dfes Wissen, einen ausgepr\u00e4gten Verstand. Und das Denken in komplexeren Zusammenh\u00e4ngen ist ihnen vertraut. Schlie\u00dflich: Die Bibel samt ihrer vielf\u00e4ltigen, weitverzweigten Geschichte bringt eine gewisse Komplexit\u00e4t mit sich. Doch der Respekt vor dem Wissen der klugen Kirchenk\u00f6pfe hilft an der Stelle ja auch nicht weiter.<\/p>\n<p>Wie kommen die Bisch\u00f6fe dazu, einen solchen Satz zu ver\u00f6ffentlichen, der die Intelligenz jedes auch nur halbwegs versierten politischen Beobachters beleidigt?<\/p>\n<p>In der Sinnenklave der bisch\u00f6flichen Politikwahrnehmung scheinen sich Ursache und Wirkung im Rausch der Medienpropaganda zu verlieren. Da ist der <em>v\u00f6lkerrechtswidrige Angriffskrieg Russlands<\/em> und da ist eine <em>sicherheitspolitische Lage<\/em>, die sich \u2013 wir achten auf die Formulierung \u2013 <em>gewandelt hat<\/em>.<\/p>\n<p>Wir alle wissen: Schon Kinder machen sich bisweilen Gedanken dar\u00fcber, was denn nun zuerst da war: Das Huhn oder das Ei? Das ist eine unterhaltsame Frage. Sie basiert auf menschlichem Erkenntnisinteresse. Gut, dass es das gibt. Wo aber ist das Erkenntnisinteresse der Bisch\u00f6fe geblieben? Die Ursache allen \u00dcbels, mit dem \u201ewir\u201c es nun zu tun haben, scheint durch den Angriff Russlands auf die Ukraine entstanden zu sein. Der Westen als \u201ePlayer\u201c, als handelnder Akteur: Er kommt in den Worten \u2013 wie auch in der gesamten Erkl\u00e4rung \u2013 nicht vor. Das Agieren westlicher Staaten in einem Stellvertreterkrieg, die Verbrennung von Menschen im Gewerkschaftshaus in Odessa, die Todessch\u00fcsse auf dem Maidan, der Coup d\u2019\u00c9tat, die 14.000 Toten im Kampf zwischen dem ukrainischen Milit\u00e4r und den Rebellen, die Erkenntnisse des ehemaligen US-Sicherheitsberaters Brzezinski zur Ukraine usw. usw. usw.: In der Sinnwelt der bisch\u00f6flichen Erkl\u00e4rung ist die Realit\u00e4t bemerkenswert eindimensional \u2013 so eindimensional, wie sie Politik und Medien unaufh\u00f6rlich zeichnen.<\/p>\n<p>Da reden die Bisch\u00f6fe von einem \u201ev\u00f6lkerrechtswidrigem Angriffskrieg Russlands\u201c (Sprachregelung Medien) und benennen <em>einen<\/em> handelnden Akteur klar und eindeutig: Russland. Aber die anderen handelnden Akteure im Ukraine-Krieg bleiben ungenannt \u2013 w\u00e4hrend die W\u00fcrdentr\u00e4ger ins Vage gleiten. Die <em>sicherheitspolitische Lage<\/em> hat sich in der Wahrnehmung der Bisch\u00f6fe \u201egewandelt\u201c.<\/p>\n<p>Erinnert sei an dieser Stelle daran, wie im Zuge der neoliberalen Revolution <em>die Globalisierung<\/em> zum unangreifbaren Subjekt wurde, das \u201everantwortlich\u201c f\u00fcr gewisse Verh\u00e4ltnisse gemacht wurde, w\u00e4hrend in der Realit\u00e4t konkret benennbare Gruppen und Akteure die Verursacher der Globalisierungspolitik waren.<\/p>\n<p>Hier lassen die Bisch\u00f6fe \u2013 wunderbar entsubjektiviert \u2013 eine sicherheitspolitische Lage sich wandeln, ganz so, als ob nicht die katastrophale Haltung, die verheerenden Entscheidungen westlicher Politiker zu diesem Wandel der sicherheitspolitischen Lage gef\u00fchrt h\u00e4tten.<\/p>\n<p>Und so geht es weiter \u2013 Zeile f\u00fcr Zeile, Gedanke f\u00fcr Gedanke.<\/p>\n<p>Da bieten die Bisch\u00f6fe die \u201ekatholische Friedensethik\u201c auf, um zu dem Schluss zu kommen, dass \u201edie Sicherstellung der milit\u00e4rischen Verteidigungsf\u00e4higkeit unter bestimmten Bedingungen (Verh\u00e4ltnism\u00e4\u00dfigkeit, Ausrichtung auf den Erhalt des Friedens etc.) legitim\u201c sei.<\/p>\n<p>Meine G\u00fcte! Es bedarf doch keiner katholischen Friedensethik, um zu dem Schluss zu kommen, dass unter bestimmten Bedingungen eine milit\u00e4rische Verteidigungsf\u00e4higkeit in Ordnung ist. Diese Feststellung geht doch v\u00f6llig am Kern des Problems vorbei. Das Problem ist, dass Bisch\u00f6fe sich f\u00fcr eine milit\u00e4rische Verteidigungsf\u00e4higkeit in einer Zeit aussprechen, in der Politiker eben keine Friedenspolitik betreiben, sondern die Losung \u201ekriegst\u00fcchtig\u201c ausgeben. Indem die Bisch\u00f6fe hier das Selbstverst\u00e4ndliche mit ihren wohlgesalbten Worten untermauern und sich nicht in der Lage zeigen, sich kriegsvorbereitender Propaganda entgegenzustellen, spielen sie der Politik in die Karten.<\/p>\n<p>Bemerken die Bisch\u00f6fe das wirklich nicht?<\/p>\n<p>Schlie\u00dflich geht es ans Eingemachte: die neue Wehrpflicht. Kein Wort zu den brutalen, unmenschlichen Zwangsrekrutierungen auf offener Stra\u00dfe in der Ukraine \u2013 daf\u00fcr ein bisch\u00f6flicher Eiertanz.<\/p>\n<p>Da setzen sich die Bisch\u00f6fe daf\u00fcr ein, dass es einen \u201eumfassenden\u201c Diskurs gibt, \u201eder gleicherma\u00dfen die milit\u00e4rischen, politischen, \u00f6konomischen und nicht zuletzt sozialpsychologischen Dimensionen von Sicherheit und Verteidigung miteinbezieht und zugleich eine langfristige Friedensperspektive entwickelt\u201c. Dann k\u00f6nnten \u201eerforderliche Abw\u00e4gungen sachgerecht getroffen werden.\u201c<\/p>\n<p>Schlie\u00dflich hei\u00dft es:<\/p>\n<blockquote><p><em>Auch eine m\u00f6gliche Wiedereinsetzung der allgemeinen Wehrpflicht w\u00fcrde wesentlich davon abh\u00e4ngen, dass weite Teile der Bev\u00f6lkerung von der Notwendigkeit dieser Ma\u00dfnahmen \u00fcberzeugt werden k\u00f6nnen \u2013 dies gilt im \u00dcbrigen auch f\u00fcr alle Versuche, die Attraktivit\u00e4t eines freiwilligen Wehrdienstes zu erh\u00f6hen, wie f\u00fcr \u00dcberlegungen zu einem verpflichtenden Gesellschaftsdienst. Ohne eine \u00fcberzeugende politische Kommunikation wird man nicht jenes Vertrauen in der Bev\u00f6lkerung schaffen, das f\u00fcr das Mittragen weitgehender Einschnitte in die pers\u00f6nlichen Freiheitsrechte vor allem junger Menschen erforderlich ist.<\/em><\/p><\/blockquote>\n<p>Wer diesen Zeilen liest, wer diese Gedanken erfasst, kann nur zu einer Auffassung gelangen: Sie werden es mittragen. Die Bisch\u00f6fe, die Kirche: Sie werden, wenn es hart auf hart kommen sollte, selbst einen Krieg mittragen. Das einzige Problem, das die Kirchenm\u00e4nner hier erkennen lassen, ist, dass es noch an \u00dcberzeugung in der Gesellschaft f\u00fcr die angestrebten Ma\u00dfnahmen im Rahmen des politischen Gro\u00dfprojekts Kriegst\u00fcchtigkeit fehlt.<\/p>\n<p>Damit stellen sie sich in die Reihen der Politik und all jener, die die Gesellschaft kriegst\u00fcchtig machen wollen \u2013 und dazu braucht es eben auch die \u00dcberzeugung in der Bev\u00f6lkerung.<\/p>\n<p>In der Erkl\u00e4rung der Bisch\u00f6fe steckt noch viel mehr drin, das n\u00e4her zu betrachten w\u00e4re, doch es soll an dieser Stelle reichen. Besser wird die Stellungnahme ohnehin nicht.<\/p>\n<p>Ist es zu viel verlangt von deutschen Bisch\u00f6fen, in der gegenw\u00e4rtigen Situation in einer Erkl\u00e4rung zu sagen: \u201eDie Waffen nieder!\u201c? Auch dieser Satz kommt in der Erkl\u00e4rung nicht vor.<\/p>\n<p>Leider kann hier nicht gekl\u00e4rt werden, ob die Bisch\u00f6fe der Propaganda auf den Leim gehen oder was genau der Grund f\u00fcr ihre Positionierung ist. Es f\u00e4llt schwer, f\u00fcr dieses Elaborat \u201ePech beim Denken\u201c als Entschuldigung anzuf\u00fchren.<\/p>\n<p>Die Lage ist tats\u00e4chlich ernst \u2013 aber anders, als Bisch\u00f6fe es meinen. Sie h\u00e4tten die M\u00f6glichkeit gehabt, sich der vorherrschenden desastr\u00f6sen Politik entgegenzustellen. Stattdessen ger\u00e4t die Erkl\u00e4rung zum Kitt einer Politik, die in den Abgrund f\u00fchrt.<\/p>\n<p>&nbsp;<\/p>\n<p><strong><em>Dieser Beitrag ist auch als Audio-Podcast verf\u00fcgbar:\u00a0<\/em><\/strong><\/p>\n<audio class=\"wp-audio-shortcode\" id=\"audio-4697-1\" preload=\"none\" style=\"width: 100%;\" controls=\"controls\"><source type=\"audio\/mpeg\" src=\"https:\/\/www.rheinland-pfalz-saarland.freidenker.org\/cms\/wp-content\/uploads\/2025\/10\/251015_Maenner_Gottes_auf_dem_Weg_der_Propaganda_Bischoefe_unterstuetzen_Verteidigungsbereitschaft_NDS.mp3?_=1\" \/><a href=\"https:\/\/www.rheinland-pfalz-saarland.freidenker.org\/cms\/wp-content\/uploads\/2025\/10\/251015_Maenner_Gottes_auf_dem_Weg_der_Propaganda_Bischoefe_unterstuetzen_Verteidigungsbereitschaft_NDS.mp3\">https:\/\/www.rheinland-pfalz-saarland.freidenker.org\/cms\/wp-content\/uploads\/2025\/10\/251015_Maenner_Gottes_auf_dem_Weg_der_Propaganda_Bischoefe_unterstuetzen_Verteidigungsbereitschaft_NDS.mp3<\/a><\/audio>\n<p><strong><em>(<a class=\"powerpress_link_d\" title=\"Download\" href=\"https:\/\/www.nachdenkseiten.de\/upload\/podcast\/251015_Maenner_Gottes_auf_dem_Weg_der_Propaganda_Bischoefe_unterstuetzen_Verteidigungsbereitschaft_NDS.mp3\" target=\"_blank\" rel=\"nofollow noopener\" download=\"251015_Maenner_Gottes_auf_dem_Weg_der_Propaganda_Bischoefe_unterstuetzen_Verteidigungsbereitschaft_NDS.mp3\">Download<\/a>)<\/em><\/strong><\/p>\n<p>&nbsp;<\/p>\n<h4><strong>Leserbriefe zum Artikel auf den Nachdenkseiten:<\/strong><\/h4>\n<p><strong>&#8222;Marcus Kl\u00f6ckner<\/strong> <a href=\"https:\/\/www.nachdenkseiten.de\/?p=140599\" target=\"_blank\" rel=\"noopener\">kommentiert hier<\/a> die Position der katholischen Bisch\u00f6fe in der Debatte um die Wehrpflicht. In der <a href=\"https:\/\/www.dbk.de\/fileadmin\/redaktion\/diverse_downloads\/presse_2025\/2025-167a-Erklaerung-zur-Debatte-um-den-Wehrdienst-Wortlaut.pdf\" target=\"_blank\" rel=\"noopener\">Erkl\u00e4rung<\/a> w\u00fcrden sich die \u201eM\u00e4nner Gottes\u201c als \u201etraurig-muntere Sekundanten der Politik\u201c erweisen. Sie w\u00fcrden sich in die Reihen der Politik und all jener, die die Gesellschaft kriegst\u00fcchtig machen wollen, stellen. Die Bisch\u00f6fe w\u00fcrden, wenn es hart auf hart kommen sollte, selbst einen Krieg mittragen. Das einzige Problem, das die Kirchenm\u00e4nner hier erkennen lassen, sei, dass es noch an \u00dcberzeugung in der Gesellschaft f\u00fcr die angestrebten Ma\u00dfnahmen im Rahmen des politischen Gro\u00dfprojekts Kriegst\u00fcchtigkeit fehle. Wir danken f\u00fcr die zahlreichen und interessanten Leserbriefe, die wir dazu erhalten haben. Die nun folgende Auswahl hat <strong>Christian Reimann<\/strong> f\u00fcr Sie zusammengestellt.&#8220;<\/p>\n<p><a href=\"https:\/\/www.nachdenkseiten.de\/?p=140813\" target=\"_blank\" rel=\"noopener\">https:\/\/www.nachdenkseiten.de\/?p=140813<\/a><\/p>\n<p>&nbsp;<\/p>\n<hr \/>\n<h6>Bild(er): <span class=\"mw-page-title-main\">Vollversammlung Deutsche Bischofskonferenz 2023 (Wiesbaden),\u00a0<\/span><a class=\"external text\" href=\"http:\/\/photo.martinkraft.com\" target=\"_blank\" rel=\"nofollow noopener\">Martin Kraft <small>(photo.martinkraft.com)<\/small><\/a>, CC BY-SA 4.0 via Wikimedia Commons<\/h6>\n<p>&nbsp;<\/p>\n","protected":false},"excerpt":{"rendered":"<p>\u2013 Bisch\u00f6fe unterst\u00fctzen \u201eVerteidigungsbereitschaft\u201c von Marcus Kl\u00f6ckner Wie tief will die Kirche noch sinken? Gerade haben sich die Bisch\u00f6fe in die Debatte zum Wehrdienst eingeschaltet. In einer Erkl\u00e4rung positionieren sich die \u201eM\u00e4nner Gottes\u201c und erweisen sich als traurig-muntere Sekundanten der Politik. Aus Sicht der katholischen Friedensethik sei die Verteidigungsf\u00e4higkeit \u201elegitim\u201c. In ihrer Erkl\u00e4rung findet sich [&hellip;]<\/p>\n","protected":false},"author":5,"featured_media":0,"comment_status":"closed","ping_status":"open","sticky":false,"template":"","format":"standard","meta":{"jetpack_post_was_ever_published":false,"_jetpack_newsletter_access":"","_jetpack_dont_email_post_to_subs":false,"_jetpack_newsletter_tier_id":0,"_jetpack_memberships_contains_paywalled_content":false,"_jetpack_memberships_contains_paid_content":false,"footnotes":""},"categories":[1],"tags":[],"class_list":["post-4697","post","type-post","status-publish","format-standard","hentry","category-allgemein"],"jetpack_featured_media_url":"","jetpack_shortlink":"https:\/\/wp.me\/p4d9vn-1dL","jetpack_sharing_enabled":true,"_links":{"self":[{"href":"https:\/\/www.rheinland-pfalz-saarland.freidenker.org\/cms\/index.php?rest_route=\/wp\/v2\/posts\/4697","targetHints":{"allow":["GET"]}}],"collection":[{"href":"https:\/\/www.rheinland-pfalz-saarland.freidenker.org\/cms\/index.php?rest_route=\/wp\/v2\/posts"}],"about":[{"href":"https:\/\/www.rheinland-pfalz-saarland.freidenker.org\/cms\/index.php?rest_route=\/wp\/v2\/types\/post"}],"author":[{"embeddable":true,"href":"https:\/\/www.rheinland-pfalz-saarland.freidenker.org\/cms\/index.php?rest_route=\/wp\/v2\/users\/5"}],"replies":[{"embeddable":true,"href":"https:\/\/www.rheinland-pfalz-saarland.freidenker.org\/cms\/index.php?rest_route=%2Fwp%2Fv2%2Fcomments&post=4697"}],"version-history":[{"count":20,"href":"https:\/\/www.rheinland-pfalz-saarland.freidenker.org\/cms\/index.php?rest_route=\/wp\/v2\/posts\/4697\/revisions"}],"predecessor-version":[{"id":4721,"href":"https:\/\/www.rheinland-pfalz-saarland.freidenker.org\/cms\/index.php?rest_route=\/wp\/v2\/posts\/4697\/revisions\/4721"}],"wp:attachment":[{"href":"https:\/\/www.rheinland-pfalz-saarland.freidenker.org\/cms\/index.php?rest_route=%2Fwp%2Fv2%2Fmedia&parent=4697"}],"wp:term":[{"taxonomy":"category","embeddable":true,"href":"https:\/\/www.rheinland-pfalz-saarland.freidenker.org\/cms\/index.php?rest_route=%2Fwp%2Fv2%2Fcategories&post=4697"},{"taxonomy":"post_tag","embeddable":true,"href":"https:\/\/www.rheinland-pfalz-saarland.freidenker.org\/cms\/index.php?rest_route=%2Fwp%2Fv2%2Ftags&post=4697"}],"curies":[{"name":"wp","href":"https:\/\/api.w.org\/{rel}","templated":true}]}}