{"id":4675,"date":"2025-10-11T15:34:54","date_gmt":"2025-10-11T13:34:54","guid":{"rendered":"https:\/\/www.rheinland-pfalz-saarland.freidenker.org\/cms\/?p=4675"},"modified":"2025-12-07T19:42:04","modified_gmt":"2025-12-07T18:42:04","slug":"corona-und-kein-ende-zwei-veranstaltungen-zum-thema-im-raum-neuwied","status":"publish","type":"post","link":"https:\/\/www.rheinland-pfalz-saarland.freidenker.org\/cms\/?p=4675","title":{"rendered":"Corona und kein Ende &#8211; Zwei Veranstaltungen zum Thema im Raum Neuwied"},"content":{"rendered":"<p>Die <strong>Jenny Marx Gesellschaft<\/strong> l\u00e4dt zu zwei Veranstaltungen ein, die vom <strong>Deutschen Freidenker-Verband<\/strong> unterst\u00fctzt werden:<\/p>\n<p><span style=\"color: #ff0000;\"><strong>Nachtrag s.u.<\/strong>\u00a0<\/span><\/p>\n<h2>Corona und kein Ende \u2013 ein Videoabend<\/h2>\n<p><img data-recalc-dims=\"1\" loading=\"lazy\" decoding=\"async\" data-attachment-id=\"4684\" data-permalink=\"https:\/\/www.rheinland-pfalz-saarland.freidenker.org\/cms\/?attachment_id=4684\" data-orig-file=\"https:\/\/i0.wp.com\/www.rheinland-pfalz-saarland.freidenker.org\/cms\/wp-content\/uploads\/2025\/10\/corona-virus-1585192787wSq.jpg?fit=1920%2C1279&amp;ssl=1\" data-orig-size=\"1920,1279\" data-comments-opened=\"0\" data-image-meta=\"{&quot;aperture&quot;:&quot;0&quot;,&quot;credit&quot;:&quot;&quot;,&quot;camera&quot;:&quot;&quot;,&quot;caption&quot;:&quot;&quot;,&quot;created_timestamp&quot;:&quot;0&quot;,&quot;copyright&quot;:&quot;&quot;,&quot;focal_length&quot;:&quot;0&quot;,&quot;iso&quot;:&quot;0&quot;,&quot;shutter_speed&quot;:&quot;0&quot;,&quot;title&quot;:&quot;&quot;,&quot;orientation&quot;:&quot;0&quot;}\" data-image-title=\"corona-virus-1585192787wSq\" data-image-description=\"\" data-image-caption=\"\" data-medium-file=\"https:\/\/i0.wp.com\/www.rheinland-pfalz-saarland.freidenker.org\/cms\/wp-content\/uploads\/2025\/10\/corona-virus-1585192787wSq.jpg?fit=300%2C200&amp;ssl=1\" data-large-file=\"https:\/\/i0.wp.com\/www.rheinland-pfalz-saarland.freidenker.org\/cms\/wp-content\/uploads\/2025\/10\/corona-virus-1585192787wSq.jpg?fit=417%2C278&amp;ssl=1\" class=\"alignnone wp-image-4684\" src=\"https:\/\/i0.wp.com\/www.rheinland-pfalz-saarland.freidenker.org\/cms\/wp-content\/uploads\/2025\/10\/corona-virus-1585192787wSq.jpg?resize=495%2C330&#038;ssl=1\" alt=\"Corona-Virus, Mikhail Denishchenko, PublicDomainPictures.net\" width=\"495\" height=\"330\" srcset=\"https:\/\/i0.wp.com\/www.rheinland-pfalz-saarland.freidenker.org\/cms\/wp-content\/uploads\/2025\/10\/corona-virus-1585192787wSq.jpg?w=1920&amp;ssl=1 1920w, https:\/\/i0.wp.com\/www.rheinland-pfalz-saarland.freidenker.org\/cms\/wp-content\/uploads\/2025\/10\/corona-virus-1585192787wSq.jpg?resize=300%2C200&amp;ssl=1 300w, https:\/\/i0.wp.com\/www.rheinland-pfalz-saarland.freidenker.org\/cms\/wp-content\/uploads\/2025\/10\/corona-virus-1585192787wSq.jpg?resize=417%2C278&amp;ssl=1 417w, https:\/\/i0.wp.com\/www.rheinland-pfalz-saarland.freidenker.org\/cms\/wp-content\/uploads\/2025\/10\/corona-virus-1585192787wSq.jpg?resize=768%2C512&amp;ssl=1 768w, https:\/\/i0.wp.com\/www.rheinland-pfalz-saarland.freidenker.org\/cms\/wp-content\/uploads\/2025\/10\/corona-virus-1585192787wSq.jpg?resize=1536%2C1023&amp;ssl=1 1536w\" sizes=\"auto, (max-width: 495px) 100vw, 495px\" \/><\/p>\n<div class=\"moz-cite-prefix\">Corona ist f\u00fcr viele nach wie vor ein Thema, das sie besch\u00e4ftigt, sei es aus Entt\u00e4uschung, sei es als Betroffene oder gar als Opfer. Die Gesellschaft ist tief gespalten. Grund genug, sich mit dem Thema eingehender zu besch\u00e4ftigen.<\/div>\n<div>\n<p>Man sollte meinen, die Ma\u00dfnahmen zu Corona waren schon in Ordnung, schlie\u00dflich haben Fachleute in den Medien die Vorgehensweise als notwendig und unbedingt zwingend behauptet. Kann es sein, dass da etwas falsch gelaufen ist? War die Corona-Spritze m\u00f6glicherweise gef\u00e4hrlich?<\/p>\n<p>Wir zeigen Videos, die sich mit dem Thema besch\u00e4ftigen. Ein Videoabend mit anschlie\u00dfender Diskussion.<\/p>\n<\/div>\n<p>&nbsp;<\/p>\n<blockquote>\n<h3>Wann \/ Wo:<\/h3>\n<h4>am 30. Oktober 2025 um 18:00 Uhr c.t.<br \/>\nim Restaurant &#8222;Joco Loco&#8220;<br \/>\n56235 Ransbach &#8211; Baumbach,<br \/>\nHaselstra\u00dfe 1<\/h4>\n<\/blockquote>\n<p>&nbsp;<\/p>\n<p>&#8212;&#8212;&#8212;&#8212;&#8212;&#8212;&#8212;&#8212;&#8212;&#8212;&#8212;&#8212;&#8212;&#8212;&#8212;&#8212;&#8212;&#8212;&#8212;&#8212;&#8212;&#8212;&#8212;&#8212;&#8212;&#8212;&#8212;-<\/p>\n<p>In Neuwied gibt es eine Woche sp\u00e4ter einen umfangreicheren Vortrag mit dem Titel:<\/p>\n<h2>\u201eBrauchen wir eine Corona \u2013 Aufarbeitung?\u201c<\/h2>\n<p>Referent:\u00a0 <strong>Andrej Hunko<\/strong>, ehemaliger Bundestagsabgeordneter (BSW)<\/p>\n<div id=\"attachment_4682\" style=\"width: 505px\" class=\"wp-caption alignnone\"><img data-recalc-dims=\"1\" loading=\"lazy\" decoding=\"async\" aria-describedby=\"caption-attachment-4682\" data-attachment-id=\"4682\" data-permalink=\"https:\/\/www.rheinland-pfalz-saarland.freidenker.org\/cms\/?attachment_id=4682\" data-orig-file=\"https:\/\/i0.wp.com\/www.rheinland-pfalz-saarland.freidenker.org\/cms\/wp-content\/uploads\/2025\/10\/Andrej_Hunko_im_Bundestag_2020.jpg?fit=1199%2C798&amp;ssl=1\" data-orig-size=\"1199,798\" data-comments-opened=\"0\" data-image-meta=\"{&quot;aperture&quot;:&quot;0&quot;,&quot;credit&quot;:&quot;&quot;,&quot;camera&quot;:&quot;&quot;,&quot;caption&quot;:&quot;&quot;,&quot;created_timestamp&quot;:&quot;0&quot;,&quot;copyright&quot;:&quot;&quot;,&quot;focal_length&quot;:&quot;0&quot;,&quot;iso&quot;:&quot;0&quot;,&quot;shutter_speed&quot;:&quot;0&quot;,&quot;title&quot;:&quot;&quot;,&quot;orientation&quot;:&quot;0&quot;}\" data-image-title=\"Andrej_Hunko_im_Bundestag_(2020)\" data-image-description=\"\" data-image-caption=\"\" data-medium-file=\"https:\/\/i0.wp.com\/www.rheinland-pfalz-saarland.freidenker.org\/cms\/wp-content\/uploads\/2025\/10\/Andrej_Hunko_im_Bundestag_2020.jpg?fit=300%2C200&amp;ssl=1\" data-large-file=\"https:\/\/i0.wp.com\/www.rheinland-pfalz-saarland.freidenker.org\/cms\/wp-content\/uploads\/2025\/10\/Andrej_Hunko_im_Bundestag_2020.jpg?fit=418%2C278&amp;ssl=1\" class=\"wp-image-4682\" src=\"https:\/\/i0.wp.com\/www.rheinland-pfalz-saarland.freidenker.org\/cms\/wp-content\/uploads\/2025\/10\/Andrej_Hunko_im_Bundestag_2020.jpg?resize=495%2C329&#038;ssl=1\" alt=\"Andrej Hunko im Bundestag (2020)\" width=\"495\" height=\"329\" srcset=\"https:\/\/i0.wp.com\/www.rheinland-pfalz-saarland.freidenker.org\/cms\/wp-content\/uploads\/2025\/10\/Andrej_Hunko_im_Bundestag_2020.jpg?w=1199&amp;ssl=1 1199w, https:\/\/i0.wp.com\/www.rheinland-pfalz-saarland.freidenker.org\/cms\/wp-content\/uploads\/2025\/10\/Andrej_Hunko_im_Bundestag_2020.jpg?resize=300%2C200&amp;ssl=1 300w, https:\/\/i0.wp.com\/www.rheinland-pfalz-saarland.freidenker.org\/cms\/wp-content\/uploads\/2025\/10\/Andrej_Hunko_im_Bundestag_2020.jpg?resize=418%2C278&amp;ssl=1 418w, https:\/\/i0.wp.com\/www.rheinland-pfalz-saarland.freidenker.org\/cms\/wp-content\/uploads\/2025\/10\/Andrej_Hunko_im_Bundestag_2020.jpg?resize=768%2C511&amp;ssl=1 768w\" sizes=\"auto, (max-width: 495px) 100vw, 495px\" \/><p id=\"caption-attachment-4682\" class=\"wp-caption-text\">Andrej Hunko im Bundestag (2020)<\/p><\/div>\n<blockquote>\n<h3><\/h3>\n<h3>Wann \/ Wo:<\/h3>\n<h4>am\u00a0 Donnerstag, den 6. November 2025 um 18.00 Uhr c.t.<\/h4>\n<h4>im Hotel-Restaurant &#8222;Germania&#8220;<br \/>\n56564 Neuwied<br \/>\nScharnhorststra\u00dfe 8 (N\u00e4he Bahnhof)<\/h4>\n<p>Im Anschluss besteht auch hier die M\u00f6glichkeit zum Erfahrungsaustausch und zur Diskussion.<\/p><\/blockquote>\n<p>&nbsp;<\/p>\n<p><strong>Der Eintritt ist frei! Eine Weitergabe der Einladung ist erw\u00fcnscht.<\/strong><\/p>\n<p>&nbsp;<\/p>\n<p><strong>f\u00fcr Nachfagen<\/strong>: <a href=\"mailto:info@jenny-marx-gesellschaft.de\" target=\"_blank\" rel=\"noopener\">info@jenny-marx-gesellschaft.de<\/a><\/p>\n<p>&nbsp;<\/p>\n<h3><span style=\"color: #ff0000;\">Nachtrag:<\/span><\/h3>\n<p>Brauchen wie eine Corona &#8211; Aufarbeitung? Dieser und weiteren Fragen ging Andrej Hunko in dem aufgezeichneten Vortrag nach. Andrej Hunko ist ehemaliger Bundestagsabgeordneter(BSW, davor DieLinke), der heute zusammen mit Prof. Dr. med. Matthias Schrappe den Expertenrat Corona des BSW leitet.<\/p>\n<p>Die gut besuchte Veranstaltung fand im Hotel-Restaurant &#8222;Germania&#8220; in Neuwied am 6. November statt. Die Teilnehmer hatten zum Teil eine weite Anreise in Kauf genommen, entsprechend angeregt gestaltete sich auch die Diskussion.<\/p>\n<p>Die Aufzeichnung des Abends findet ihr hier:<\/p>\n<p><a href=\"https:\/\/youtu.be\/yIm8gUb1qZQ\">https:\/\/youtu.be\/yIm8gUb1qZQ<\/a><\/p>\n<p><iframe loading=\"lazy\" title=\"YouTube video player\" src=\"https:\/\/www.youtube.com\/embed\/yIm8gUb1qZQ?si=O59u9GsyDPsaj9tW\" width=\"495\" height=\"278\" frameborder=\"0\" allowfullscreen=\"allowfullscreen\"><span style=\"display: inline-block; width: 0px; overflow: hidden; line-height: 0;\" data-mce-type=\"bookmark\" class=\"mce_SELRES_start\">\ufeff<\/span><\/iframe><\/p>\n<p>Manche Frage zu Corona konnte nicht oder nicht so umfangreich gekl\u00e4rt werden, wie das der Eine oder Andere m\u00f6glicherweise erhofft hat, die Zeit reichte einfach nicht. Von daher bietet sich eine Fortsetzung des Themas an, zu der wir dann wieder einladen werden.<\/p>\n<p>&nbsp;<\/p>\n<hr \/>\n<h6>Bild(er): Corona-Virus, Mikhail Denishchenko, PublicDomainPictures.net; Andrej Hunko im Bundestag (2020), Foto: Jan K\u00fchn, CC BY-SA 4.0 via Wikimedia Commons<\/h6>\n<p>&nbsp;<\/p>\n","protected":false},"excerpt":{"rendered":"<p>Die Jenny Marx Gesellschaft l\u00e4dt zu zwei Veranstaltungen ein, die vom Deutschen Freidenker-Verband unterst\u00fctzt werden: Nachtrag s.u.\u00a0 Corona und kein Ende \u2013 ein Videoabend Corona ist f\u00fcr viele nach wie vor ein Thema, das sie besch\u00e4ftigt, sei es aus Entt\u00e4uschung, sei es als Betroffene oder gar als Opfer. Die Gesellschaft ist tief gespalten. Grund genug, [&hellip;]<\/p>\n","protected":false},"author":5,"featured_media":0,"comment_status":"closed","ping_status":"open","sticky":false,"template":"","format":"standard","meta":{"jetpack_post_was_ever_published":false,"_jetpack_newsletter_access":"","_jetpack_dont_email_post_to_subs":false,"_jetpack_newsletter_tier_id":0,"_jetpack_memberships_contains_paywalled_content":false,"_jetpack_memberships_contains_paid_content":false,"footnotes":""},"categories":[1,10],"tags":[],"class_list":["post-4675","post","type-post","status-publish","format-standard","hentry","category-allgemein","category-termine-veranstaltungen"],"jetpack_featured_media_url":"","jetpack_shortlink":"https:\/\/wp.me\/p4d9vn-1dp","jetpack_sharing_enabled":true,"_links":{"self":[{"href":"https:\/\/www.rheinland-pfalz-saarland.freidenker.org\/cms\/index.php?rest_route=\/wp\/v2\/posts\/4675","targetHints":{"allow":["GET"]}}],"collection":[{"href":"https:\/\/www.rheinland-pfalz-saarland.freidenker.org\/cms\/index.php?rest_route=\/wp\/v2\/posts"}],"about":[{"href":"https:\/\/www.rheinland-pfalz-saarland.freidenker.org\/cms\/index.php?rest_route=\/wp\/v2\/types\/post"}],"author":[{"embeddable":true,"href":"https:\/\/www.rheinland-pfalz-saarland.freidenker.org\/cms\/index.php?rest_route=\/wp\/v2\/users\/5"}],"replies":[{"embeddable":true,"href":"https:\/\/www.rheinland-pfalz-saarland.freidenker.org\/cms\/index.php?rest_route=%2Fwp%2Fv2%2Fcomments&post=4675"}],"version-history":[{"count":13,"href":"https:\/\/www.rheinland-pfalz-saarland.freidenker.org\/cms\/index.php?rest_route=\/wp\/v2\/posts\/4675\/revisions"}],"predecessor-version":[{"id":4851,"href":"https:\/\/www.rheinland-pfalz-saarland.freidenker.org\/cms\/index.php?rest_route=\/wp\/v2\/posts\/4675\/revisions\/4851"}],"wp:attachment":[{"href":"https:\/\/www.rheinland-pfalz-saarland.freidenker.org\/cms\/index.php?rest_route=%2Fwp%2Fv2%2Fmedia&parent=4675"}],"wp:term":[{"taxonomy":"category","embeddable":true,"href":"https:\/\/www.rheinland-pfalz-saarland.freidenker.org\/cms\/index.php?rest_route=%2Fwp%2Fv2%2Fcategories&post=4675"},{"taxonomy":"post_tag","embeddable":true,"href":"https:\/\/www.rheinland-pfalz-saarland.freidenker.org\/cms\/index.php?rest_route=%2Fwp%2Fv2%2Ftags&post=4675"}],"curies":[{"name":"wp","href":"https:\/\/api.w.org\/{rel}","templated":true}]}}