{"id":4595,"date":"2025-10-08T17:55:59","date_gmt":"2025-10-08T15:55:59","guid":{"rendered":"https:\/\/www.rheinland-pfalz-saarland.freidenker.org\/cms\/?p=4595"},"modified":"2025-12-07T17:08:09","modified_gmt":"2025-12-07T16:08:09","slug":"wir-trauern-um-karin-gottlieb","status":"publish","type":"post","link":"https:\/\/www.rheinland-pfalz-saarland.freidenker.org\/cms\/?p=4595","title":{"rendered":"Wir trauern um Karin Gottlieb"},"content":{"rendered":"<p>&nbsp;<\/p>\n<p style=\"text-align: center;\"><strong>Wir trauern um unsere Freundin und Genossin<\/strong><\/p>\n<p><center><img data-recalc-dims=\"1\" loading=\"lazy\" decoding=\"async\" data-attachment-id=\"4603\" data-permalink=\"https:\/\/www.rheinland-pfalz-saarland.freidenker.org\/cms\/?attachment_id=4603\" data-orig-file=\"https:\/\/i0.wp.com\/www.rheinland-pfalz-saarland.freidenker.org\/cms\/wp-content\/uploads\/2025\/10\/pexels-rdne-6841362-scaled.jpg?fit=2560%2C1707&amp;ssl=1\" data-orig-size=\"2560,1707\" data-comments-opened=\"0\" data-image-meta=\"{&quot;aperture&quot;:&quot;0&quot;,&quot;credit&quot;:&quot;&quot;,&quot;camera&quot;:&quot;&quot;,&quot;caption&quot;:&quot;&quot;,&quot;created_timestamp&quot;:&quot;0&quot;,&quot;copyright&quot;:&quot;&quot;,&quot;focal_length&quot;:&quot;0&quot;,&quot;iso&quot;:&quot;0&quot;,&quot;shutter_speed&quot;:&quot;0&quot;,&quot;title&quot;:&quot;&quot;,&quot;orientation&quot;:&quot;0&quot;}\" data-image-title=\"pexels-rdne-6841362\" data-image-description=\"\" data-image-caption=\"\" data-medium-file=\"https:\/\/i0.wp.com\/www.rheinland-pfalz-saarland.freidenker.org\/cms\/wp-content\/uploads\/2025\/10\/pexels-rdne-6841362-scaled.jpg?fit=300%2C200&amp;ssl=1\" data-large-file=\"https:\/\/i0.wp.com\/www.rheinland-pfalz-saarland.freidenker.org\/cms\/wp-content\/uploads\/2025\/10\/pexels-rdne-6841362-scaled.jpg?fit=417%2C278&amp;ssl=1\" class=\"wp-image-4603\" src=\"https:\/\/i0.wp.com\/www.rheinland-pfalz-saarland.freidenker.org\/cms\/wp-content\/uploads\/2025\/10\/pexels-rdne-6841362.jpg?resize=300%2C200&#038;ssl=1\" alt=\"\" width=\"300\" height=\"200\" srcset=\"https:\/\/i0.wp.com\/www.rheinland-pfalz-saarland.freidenker.org\/cms\/wp-content\/uploads\/2025\/10\/pexels-rdne-6841362-scaled.jpg?resize=300%2C200&amp;ssl=1 300w, https:\/\/i0.wp.com\/www.rheinland-pfalz-saarland.freidenker.org\/cms\/wp-content\/uploads\/2025\/10\/pexels-rdne-6841362-scaled.jpg?resize=417%2C278&amp;ssl=1 417w, https:\/\/i0.wp.com\/www.rheinland-pfalz-saarland.freidenker.org\/cms\/wp-content\/uploads\/2025\/10\/pexels-rdne-6841362-scaled.jpg?resize=768%2C512&amp;ssl=1 768w, https:\/\/i0.wp.com\/www.rheinland-pfalz-saarland.freidenker.org\/cms\/wp-content\/uploads\/2025\/10\/pexels-rdne-6841362-scaled.jpg?resize=1536%2C1024&amp;ssl=1 1536w, https:\/\/i0.wp.com\/www.rheinland-pfalz-saarland.freidenker.org\/cms\/wp-content\/uploads\/2025\/10\/pexels-rdne-6841362-scaled.jpg?resize=2048%2C1365&amp;ssl=1 2048w\" sizes=\"auto, (max-width: 300px) 100vw, 300px\" \/><\/center>&nbsp;<\/p>\n<h2 style=\"text-align: center;\">Karin Gottlieb<\/h2>\n<h4 style=\"text-align: center;\">23.03.1943 &#8211; 26.09.2025<\/h4>\n<p>&nbsp;<\/p>\n<p>Karin wuchs in einem kommunistischen Elternhaus auf, wurde mit 14 Jahren Gewerkschaftsmitglied, als gelernte Goldschmiedin arbeitete sie in mehreren Betrieben und engagierte sich als Betriebsr\u00e4tin f\u00fcr die Interessen ihrer Kolleginnen und Kollegen. Mit 16 Jahren organisierte sie sich in der kommunistischen Bewegung, war bis zu ihrem Lebensende Funktion\u00e4rin der DKP sowie zw\u00f6lf Jahre lang als Stadtr\u00e4tin aktiv.<\/p>\n<p>Von der Wandervogelbewegung der 1950er Jahre an sang Karin bis 2025 in zahlreichen Singegruppen. Die Internationale Solidarit\u00e4t war ihr ein Herzensanliegen \u2013 von der Teilnahme an den Weltjugendfestspielen 1962 in Helsinki, den Demonstrationen f\u00fcr die Freilassung von Angela Davis, die Aufnahme von Chilenen nach dem faschistischen Putsch 1973 bis zur Teilnahme an der Solidarit\u00e4ts- und Arbeitsbrigade der DKP in Matanzas auf Cuba. 1961 war Karin die erste Teilnehmerin aus Idar-Oberstein an den Osterm\u00e4rschen f\u00fcr Frieden und Abr\u00fcstung, sie demonstrierte gemeinsam mit ihrem Mann Dieter gegen den US-Krieg in Vietnam, bei den Demonstrationen gegen die neuen US-Atomraketen in Deutschland waren es mit ihrer Tochter Sonja schon drei Gott liebs. In den letzten Jahren lag der Schwerpunkt auf Protesten gegen die im Fliegerhorst B\u00fcchel gelagerten Atomwaffen und die Kriegszentrale Air Base Ramstein.<\/p>\n<p>F\u00fcr den Deutschen Freidenkerverband Rheinland-Pfalz \/ Saarland war Karin jahrzehntelang als stellvertretende Landesvorsitzende und Landesvorstandsmitglied aktiv sowie Gastgeberin vieler seiner-Sitzungen, zuletzt im Juli 2025. Wir verlieren mit Karin eine starke und mutige<br \/>\nFrau, eine bescheidene und liebenswerte Genossin.<\/p>\n<p><img data-recalc-dims=\"1\" loading=\"lazy\" decoding=\"async\" data-attachment-id=\"4646\" data-permalink=\"https:\/\/www.rheinland-pfalz-saarland.freidenker.org\/cms\/?attachment_id=4646\" data-orig-file=\"https:\/\/i0.wp.com\/www.rheinland-pfalz-saarland.freidenker.org\/cms\/wp-content\/uploads\/2025\/10\/Karin_Gottlieb_800x445.webp?fit=800%2C445&amp;ssl=1\" data-orig-size=\"800,445\" data-comments-opened=\"0\" data-image-meta=\"{&quot;aperture&quot;:&quot;0&quot;,&quot;credit&quot;:&quot;&quot;,&quot;camera&quot;:&quot;&quot;,&quot;caption&quot;:&quot;&quot;,&quot;created_timestamp&quot;:&quot;0&quot;,&quot;copyright&quot;:&quot;&quot;,&quot;focal_length&quot;:&quot;0&quot;,&quot;iso&quot;:&quot;0&quot;,&quot;shutter_speed&quot;:&quot;0&quot;,&quot;title&quot;:&quot;&quot;,&quot;orientation&quot;:&quot;0&quot;}\" data-image-title=\"Karin_Gottlieb_800x445\" data-image-description=\"\" data-image-caption=\"\" data-medium-file=\"https:\/\/i0.wp.com\/www.rheinland-pfalz-saarland.freidenker.org\/cms\/wp-content\/uploads\/2025\/10\/Karin_Gottlieb_800x445.webp?fit=300%2C167&amp;ssl=1\" data-large-file=\"https:\/\/i0.wp.com\/www.rheinland-pfalz-saarland.freidenker.org\/cms\/wp-content\/uploads\/2025\/10\/Karin_Gottlieb_800x445.webp?fit=495%2C275&amp;ssl=1\" class=\"alignnone wp-image-4646\" src=\"https:\/\/i0.wp.com\/www.rheinland-pfalz-saarland.freidenker.org\/cms\/wp-content\/uploads\/2025\/10\/Karin_Gottlieb_800x445.webp?resize=495%2C275&#038;ssl=1\" alt=\"Karin Gottlieb auf dem linken Liedersommer 2023\" width=\"495\" height=\"275\" srcset=\"https:\/\/i0.wp.com\/www.rheinland-pfalz-saarland.freidenker.org\/cms\/wp-content\/uploads\/2025\/10\/Karin_Gottlieb_800x445.webp?w=800&amp;ssl=1 800w, https:\/\/i0.wp.com\/www.rheinland-pfalz-saarland.freidenker.org\/cms\/wp-content\/uploads\/2025\/10\/Karin_Gottlieb_800x445.webp?resize=300%2C167&amp;ssl=1 300w, https:\/\/i0.wp.com\/www.rheinland-pfalz-saarland.freidenker.org\/cms\/wp-content\/uploads\/2025\/10\/Karin_Gottlieb_800x445.webp?resize=495%2C275&amp;ssl=1 495w, https:\/\/i0.wp.com\/www.rheinland-pfalz-saarland.freidenker.org\/cms\/wp-content\/uploads\/2025\/10\/Karin_Gottlieb_800x445.webp?resize=768%2C427&amp;ssl=1 768w\" sizes=\"auto, (max-width: 495px) 100vw, 495px\" \/><\/p>\n<p>Die Trauerfeier und Bestattung findet am Freitag, 17.10.2025 um 14.00 Uhr auf dem Friedhof Allmerich in Oberstein statt.<\/p>\n<p>&nbsp;<\/p>\n<p><strong>Deutscher Freidenker-Verband<\/strong><br \/>\n<strong>Verbandsvorstand<\/strong><br \/>\n<strong>Landesverband Rheinland-Pfalz \/ Saarland<\/strong><\/p>\n<p>&nbsp;<\/p>\n<hr \/>\n<h6>Bild(er): Pexels, RDNE Stock Project (https:\/\/www.pexels.com\/de-DE\/lizenz\/); Karin Gottlieb auf dem linken Liedersommer 2023. Foto: Renate Popp<\/h6>\n<p>&nbsp;<\/p>\n","protected":false},"excerpt":{"rendered":"<p>&nbsp; Wir trauern um unsere Freundin und Genossin &nbsp; Karin Gottlieb 23.03.1943 &#8211; 26.09.2025 &nbsp; Karin wuchs in einem kommunistischen Elternhaus auf, wurde mit 14 Jahren Gewerkschaftsmitglied, als gelernte Goldschmiedin arbeitete sie in mehreren Betrieben und engagierte sich als Betriebsr\u00e4tin f\u00fcr die Interessen ihrer Kolleginnen und Kollegen. Mit 16 Jahren organisierte sie sich in der [&hellip;]<\/p>\n","protected":false},"author":5,"featured_media":0,"comment_status":"closed","ping_status":"open","sticky":false,"template":"","format":"standard","meta":{"jetpack_post_was_ever_published":false,"_jetpack_newsletter_access":"","_jetpack_dont_email_post_to_subs":false,"_jetpack_newsletter_tier_id":0,"_jetpack_memberships_contains_paywalled_content":false,"_jetpack_memberships_contains_paid_content":false,"footnotes":""},"categories":[1,8],"tags":[],"class_list":["post-4595","post","type-post","status-publish","format-standard","hentry","category-allgemein","category-mitgliederinformationen"],"jetpack_featured_media_url":"","jetpack_shortlink":"https:\/\/wp.me\/p4d9vn-1c7","jetpack_sharing_enabled":true,"_links":{"self":[{"href":"https:\/\/www.rheinland-pfalz-saarland.freidenker.org\/cms\/index.php?rest_route=\/wp\/v2\/posts\/4595","targetHints":{"allow":["GET"]}}],"collection":[{"href":"https:\/\/www.rheinland-pfalz-saarland.freidenker.org\/cms\/index.php?rest_route=\/wp\/v2\/posts"}],"about":[{"href":"https:\/\/www.rheinland-pfalz-saarland.freidenker.org\/cms\/index.php?rest_route=\/wp\/v2\/types\/post"}],"author":[{"embeddable":true,"href":"https:\/\/www.rheinland-pfalz-saarland.freidenker.org\/cms\/index.php?rest_route=\/wp\/v2\/users\/5"}],"replies":[{"embeddable":true,"href":"https:\/\/www.rheinland-pfalz-saarland.freidenker.org\/cms\/index.php?rest_route=%2Fwp%2Fv2%2Fcomments&post=4595"}],"version-history":[{"count":14,"href":"https:\/\/www.rheinland-pfalz-saarland.freidenker.org\/cms\/index.php?rest_route=\/wp\/v2\/posts\/4595\/revisions"}],"predecessor-version":[{"id":4647,"href":"https:\/\/www.rheinland-pfalz-saarland.freidenker.org\/cms\/index.php?rest_route=\/wp\/v2\/posts\/4595\/revisions\/4647"}],"wp:attachment":[{"href":"https:\/\/www.rheinland-pfalz-saarland.freidenker.org\/cms\/index.php?rest_route=%2Fwp%2Fv2%2Fmedia&parent=4595"}],"wp:term":[{"taxonomy":"category","embeddable":true,"href":"https:\/\/www.rheinland-pfalz-saarland.freidenker.org\/cms\/index.php?rest_route=%2Fwp%2Fv2%2Fcategories&post=4595"},{"taxonomy":"post_tag","embeddable":true,"href":"https:\/\/www.rheinland-pfalz-saarland.freidenker.org\/cms\/index.php?rest_route=%2Fwp%2Fv2%2Ftags&post=4595"}],"curies":[{"name":"wp","href":"https:\/\/api.w.org\/{rel}","templated":true}]}}