{"id":4188,"date":"2025-08-13T23:38:52","date_gmt":"2025-08-13T21:38:52","guid":{"rendered":"https:\/\/www.rheinland-pfalz-saarland.freidenker.org\/cms\/?p=4188"},"modified":"2025-12-07T17:08:12","modified_gmt":"2025-12-07T16:08:12","slug":"historisch-politische-stadtfuehrung-mit-werner-ruegemer-in-koeln","status":"publish","type":"post","link":"https:\/\/www.rheinland-pfalz-saarland.freidenker.org\/cms\/?p=4188","title":{"rendered":"Historisch-politische Stadtf\u00fchrung mit Werner R\u00fcgemer in K\u00f6ln"},"content":{"rendered":"<p><em><strong>Red.<\/strong><\/em><\/p>\n<p>Der <strong>Deutsche Freidenker-Verband, Landesverband Rheinland-Pfalz \/ Saarland<\/strong> bietet eine <strong>Stadtf\u00fchrung<\/strong> an zum Thema:<\/p>\n<h2 style=\"text-align: center;\"><strong>\u201eLindenthaler Kl\u00fcngelpfad\u201c<\/strong><\/h2>\n<h4><strong>Stadtf\u00fchrer: Der Publizist, interventionistische Philosoph und Freidenker Dr. Werner R\u00fcgemer <\/strong><\/h4>\n<div><\/div>\n<div>\n<div id=\"attachment_4194\" style=\"width: 505px\" class=\"wp-caption alignnone\"><a href=\"https:\/\/werner-ruegemer.de\/\" target=\"_blank\" rel=\"noopener\"><img data-recalc-dims=\"1\" loading=\"lazy\" decoding=\"async\" aria-describedby=\"caption-attachment-4194\" data-attachment-id=\"4194\" data-permalink=\"https:\/\/www.rheinland-pfalz-saarland.freidenker.org\/cms\/?attachment_id=4194\" data-orig-file=\"https:\/\/i0.wp.com\/www.rheinland-pfalz-saarland.freidenker.org\/cms\/wp-content\/uploads\/2025\/08\/Werner_Ruegemer_4802.jpg?fit=1495%2C1002&amp;ssl=1\" data-orig-size=\"1495,1002\" data-comments-opened=\"0\" data-image-meta=\"{&quot;aperture&quot;:&quot;5.6&quot;,&quot;credit&quot;:&quot;Sven Teschke&quot;,&quot;camera&quot;:&quot;Canon EOS 300D DIGITAL&quot;,&quot;caption&quot;:&quot;&quot;,&quot;created_timestamp&quot;:&quot;1288034784&quot;,&quot;copyright&quot;:&quot;Diese Datei ist lizenziert unter der Creative-Commons-Lizenz Namensnennung-Weitergabe unter gleichen Bedingungen 3.0 Deutschland&quot;,&quot;focal_length&quot;:&quot;158&quot;,&quot;iso&quot;:&quot;200&quot;,&quot;shutter_speed&quot;:&quot;0.016666666666667&quot;,&quot;title&quot;:&quot;Werner R\\u00fcgemer&quot;,&quot;orientation&quot;:&quot;1&quot;}\" data-image-title=\"Werner R\u00fcgemer\" data-image-description=\"\" data-image-caption=\"\" data-medium-file=\"https:\/\/i0.wp.com\/www.rheinland-pfalz-saarland.freidenker.org\/cms\/wp-content\/uploads\/2025\/08\/Werner_Ruegemer_4802.jpg?fit=300%2C201&amp;ssl=1\" data-large-file=\"https:\/\/i0.wp.com\/www.rheinland-pfalz-saarland.freidenker.org\/cms\/wp-content\/uploads\/2025\/08\/Werner_Ruegemer_4802.jpg?fit=415%2C278&amp;ssl=1\" class=\"wp-image-4194\" title=\"zur Homepage von Werner R\u00fcgemer...\" src=\"https:\/\/i0.wp.com\/www.rheinland-pfalz-saarland.freidenker.org\/cms\/wp-content\/uploads\/2025\/08\/Werner_Ruegemer_4802.jpg?resize=495%2C332&#038;ssl=1\" alt=\"Werner R\u00fcgemer\" width=\"495\" height=\"332\" srcset=\"https:\/\/i0.wp.com\/www.rheinland-pfalz-saarland.freidenker.org\/cms\/wp-content\/uploads\/2025\/08\/Werner_Ruegemer_4802.jpg?w=1495&amp;ssl=1 1495w, https:\/\/i0.wp.com\/www.rheinland-pfalz-saarland.freidenker.org\/cms\/wp-content\/uploads\/2025\/08\/Werner_Ruegemer_4802.jpg?resize=300%2C201&amp;ssl=1 300w, https:\/\/i0.wp.com\/www.rheinland-pfalz-saarland.freidenker.org\/cms\/wp-content\/uploads\/2025\/08\/Werner_Ruegemer_4802.jpg?resize=415%2C278&amp;ssl=1 415w, https:\/\/i0.wp.com\/www.rheinland-pfalz-saarland.freidenker.org\/cms\/wp-content\/uploads\/2025\/08\/Werner_Ruegemer_4802.jpg?resize=768%2C515&amp;ssl=1 768w\" sizes=\"auto, (max-width: 495px) 100vw, 495px\" \/><\/a><p id=\"caption-attachment-4194\" class=\"wp-caption-text\">Dr. Werner R\u00fcgemer<\/p><\/div>\n<\/div>\n<h4>Schwerpunkte:<\/h4>\n<div>\n<ul>\n<li>Villa Frhr. von Schr\u00f6der: Absprache 4.1.1933 mit Hitler, Himmler, von Papen zur Bildung der Hitler-Regierung<\/li>\n<li>14-Zimmer-Villa Oberb\u00fcrgermeister Konrad Adenauer: Bau- und Nebenkosten viermal aus \u00f6ffentlichen Kassen ersetzt, Goering\/NS kauft die Villa, sodass Adenauer sich in Rh\u00f6ndorf die n\u00e4chste 14-Zimmer-Villa bauen kann<\/li>\n<li>Villa Regierungspr\u00e4sident Antwerpes, NRW-Chef f\u00fcr das Braunkohlegebiet (mit RWE).<\/li>\n<\/ul>\n<\/div>\n<p>&nbsp;<\/p>\n<p><strong><u>F\u00fchrungsdauer<\/u><\/strong> 1,5 Stunden im ruhigen Villenviertel <strong>Lindenthal<\/strong> (akustisch\u00a0und optisch kein Problem)<\/p>\n<p><strong><u>Laufstrecke<\/u><\/strong> etwa 1,5 km im Villenviertel Lindenthal<\/p>\n<p><strong><u>Teilnehmerzahl<\/u><\/strong>\u00a0ca. 25 Personen, <em><strong>freie Teilnahme, Anmeldung erforderlich<\/strong><\/em><\/p>\n<p>Nach der F\u00fchrung Einkehrm\u00f6glichkeit in ein Cafe\/Restaurant.<\/p>\n<p>&nbsp;<\/p>\n<blockquote>\n<h3>Wann \/ Wo:<\/h3>\n<h4>am Sonntag, den 5. Oktober 2025 um 14:00 Uhr<\/h4>\n<p><strong><u>Treffpunkt<\/u><\/strong>: <strong>Stadtbahn-Haltestelle W\u00fcllner Stra\u00dfe in K\u00f6ln-Lindenthal, 14 Uhr<\/strong><\/p>\n<p><a href=\"https:\/\/www.openstreetmap.org\/#map=18\/50.931039\/6.908196\" target=\"_blank\" rel=\"noopener\"><img data-recalc-dims=\"1\" loading=\"lazy\" decoding=\"async\" data-attachment-id=\"4260\" data-permalink=\"https:\/\/www.rheinland-pfalz-saarland.freidenker.org\/cms\/?attachment_id=4260\" data-orig-file=\"https:\/\/i0.wp.com\/www.rheinland-pfalz-saarland.freidenker.org\/cms\/wp-content\/uploads\/2025\/08\/Koeln-Lindenthal.jpg?fit=550%2C292&amp;ssl=1\" data-orig-size=\"550,292\" data-comments-opened=\"0\" data-image-meta=\"{&quot;aperture&quot;:&quot;0&quot;,&quot;credit&quot;:&quot;&quot;,&quot;camera&quot;:&quot;&quot;,&quot;caption&quot;:&quot;&quot;,&quot;created_timestamp&quot;:&quot;0&quot;,&quot;copyright&quot;:&quot;&quot;,&quot;focal_length&quot;:&quot;0&quot;,&quot;iso&quot;:&quot;0&quot;,&quot;shutter_speed&quot;:&quot;0&quot;,&quot;title&quot;:&quot;&quot;,&quot;orientation&quot;:&quot;0&quot;}\" data-image-title=\"K\u00f6ln-Lindenthal\" data-image-description=\"\" data-image-caption=\"\" data-medium-file=\"https:\/\/i0.wp.com\/www.rheinland-pfalz-saarland.freidenker.org\/cms\/wp-content\/uploads\/2025\/08\/Koeln-Lindenthal.jpg?fit=300%2C159&amp;ssl=1\" data-large-file=\"https:\/\/i0.wp.com\/www.rheinland-pfalz-saarland.freidenker.org\/cms\/wp-content\/uploads\/2025\/08\/Koeln-Lindenthal.jpg?fit=495%2C263&amp;ssl=1\" class=\"alignnone wp-image-4260\" src=\"https:\/\/i0.wp.com\/www.rheinland-pfalz-saarland.freidenker.org\/cms\/wp-content\/uploads\/2025\/08\/Koeln-Lindenthal.jpg?resize=495%2C263&#038;ssl=1\" alt=\"\" width=\"495\" height=\"263\" srcset=\"https:\/\/i0.wp.com\/www.rheinland-pfalz-saarland.freidenker.org\/cms\/wp-content\/uploads\/2025\/08\/Koeln-Lindenthal.jpg?w=550&amp;ssl=1 550w, https:\/\/i0.wp.com\/www.rheinland-pfalz-saarland.freidenker.org\/cms\/wp-content\/uploads\/2025\/08\/Koeln-Lindenthal.jpg?resize=300%2C159&amp;ssl=1 300w, https:\/\/i0.wp.com\/www.rheinland-pfalz-saarland.freidenker.org\/cms\/wp-content\/uploads\/2025\/08\/Koeln-Lindenthal.jpg?resize=495%2C263&amp;ssl=1 495w\" sizes=\"auto, (max-width: 495px) 100vw, 495px\" \/><\/a><\/p>\n<p><strong><u>bei Anreise mit dem ZUG<\/u>: <\/strong>K\u00f6ln-Hbf: U-Bahn-Linie 5 &#8211; Richtung Butzweiler Hof. Abfahrt 13:03 \/ Umstieg an der Haltestelle\u00a0Subbelrather Str. G\u00fcrtel.<br \/>\nAuf dem gegen\u00fcberliegenden Bahnsteig mit der Linie 13 Richtung S\u00fclzg\u00fcrtel fahren &#8211;\u00a0Ankunft Haltestelle W\u00fcllner Str. um <strong>14:01 Uhr <\/strong><\/p>\n<p>Der Treffpunkt kann auch gut mit dem PKW angefahren werden.<\/p><\/blockquote>\n<p>&nbsp;<\/p>\n<p><strong>Verbindl. Anmeldung bis Sonntag, 28. September, 18 Uhr bei<br \/>\n<\/strong>Monika Krotter-Hartmann:\u00a0<a href=\"mailto:mkh@freidenker.org\" target=\"_blank\" rel=\"noopener\">mkh@freidenker.org<\/a> \u00a0oder bei<br \/>\nHelmut Schmidt: <a href=\"mailto:helmutschmidt.21@gmx.de\" target=\"_blank\" rel=\"noopener\">helmutschmidt.21@gmx.de<\/a><\/p>\n<p>&nbsp;<\/p>\n<p><strong>Dr. Werner R\u00fcgemer<\/strong> lebt in K\u00f6ln. Er arbeitet schwerpunktm\u00e4\u00dfig \u00fcber internationale Kapital- und Arbeitsverh\u00e4ltnisse, Arbeitsunrecht und Unternehmenskriminalit\u00e4t, die Bek\u00e4mpfung gewerkschaftlicher Organisierung, Privatisierung, Ausbeutung, Armut und Reichtum und die Komplizenschaft von Regierungen und EU-B\u00fcrokratie.<\/p>\n<p>R\u00fcgemers Homepage gibt reichlich Auskunft \u00fcber seine umfangreiche Aktivit\u00e4ten und Ver\u00f6ffentlichungen: <strong><a href=\"https:\/\/werner-ruegemer.de\/\">https:\/\/werner-ruegemer.de\/<\/a><\/strong><\/p>\n<p>Seine zuletzt von ihm erschienen B\u00fccher:<\/p>\n<ul>\n<li><strong>Black-Rock Germany. Die heimliche Weltmacht, ihre Praktiken in Deutschland und Friedrich Merz (2025)<\/strong><\/li>\n<\/ul>\n<ul>\n<li><strong>Verh\u00e4ngnisvolle Freundschaft. Wie die USA Europa eroberten. Erste Stufe: vom 1. zum 2. Weltkrieg (2023)<\/strong><\/li>\n<\/ul>\n<p style=\"padding-left: 40px;\"><a href=\"https:\/\/www.buchkomplizen.de\/buecher\/hintergrund-verlag\/blackrock-germany.html\" target=\"_blank\" rel=\"noopener\"><img data-recalc-dims=\"1\" loading=\"lazy\" decoding=\"async\" data-attachment-id=\"4197\" data-permalink=\"https:\/\/www.rheinland-pfalz-saarland.freidenker.org\/cms\/?attachment_id=4197\" data-orig-file=\"https:\/\/i0.wp.com\/www.rheinland-pfalz-saarland.freidenker.org\/cms\/wp-content\/uploads\/2025\/08\/HINT_Ruegemer_Blackrock_Cover-1-647x1024-1.jpg?fit=647%2C1024&amp;ssl=1\" data-orig-size=\"647,1024\" data-comments-opened=\"0\" data-image-meta=\"{&quot;aperture&quot;:&quot;0&quot;,&quot;credit&quot;:&quot;&quot;,&quot;camera&quot;:&quot;&quot;,&quot;caption&quot;:&quot;&quot;,&quot;created_timestamp&quot;:&quot;0&quot;,&quot;copyright&quot;:&quot;&quot;,&quot;focal_length&quot;:&quot;0&quot;,&quot;iso&quot;:&quot;0&quot;,&quot;shutter_speed&quot;:&quot;0&quot;,&quot;title&quot;:&quot;&quot;,&quot;orientation&quot;:&quot;0&quot;}\" data-image-title=\"HINT_Ruegemer_Blackrock_Cover-1-647&amp;#215;1024\" data-image-description=\"\" data-image-caption=\"\" data-medium-file=\"https:\/\/i0.wp.com\/www.rheinland-pfalz-saarland.freidenker.org\/cms\/wp-content\/uploads\/2025\/08\/HINT_Ruegemer_Blackrock_Cover-1-647x1024-1.jpg?fit=190%2C300&amp;ssl=1\" data-large-file=\"https:\/\/i0.wp.com\/www.rheinland-pfalz-saarland.freidenker.org\/cms\/wp-content\/uploads\/2025\/08\/HINT_Ruegemer_Blackrock_Cover-1-647x1024-1.jpg?fit=176%2C278&amp;ssl=1\" class=\"alignnone wp-image-4197\" title=\"zum Buch...\" src=\"https:\/\/i0.wp.com\/www.rheinland-pfalz-saarland.freidenker.org\/cms\/wp-content\/uploads\/2025\/08\/HINT_Ruegemer_Blackrock_Cover-1-647x1024-1.jpg?resize=150%2C237&#038;ssl=1\" alt=\"Blackrock Germany\" width=\"150\" height=\"237\" srcset=\"https:\/\/i0.wp.com\/www.rheinland-pfalz-saarland.freidenker.org\/cms\/wp-content\/uploads\/2025\/08\/HINT_Ruegemer_Blackrock_Cover-1-647x1024-1.jpg?w=647&amp;ssl=1 647w, https:\/\/i0.wp.com\/www.rheinland-pfalz-saarland.freidenker.org\/cms\/wp-content\/uploads\/2025\/08\/HINT_Ruegemer_Blackrock_Cover-1-647x1024-1.jpg?resize=190%2C300&amp;ssl=1 190w, https:\/\/i0.wp.com\/www.rheinland-pfalz-saarland.freidenker.org\/cms\/wp-content\/uploads\/2025\/08\/HINT_Ruegemer_Blackrock_Cover-1-647x1024-1.jpg?resize=176%2C278&amp;ssl=1 176w\" sizes=\"auto, (max-width: 150px) 100vw, 150px\" \/><\/a>\u00a0 \u00a0 \u00a0<a href=\"https:\/\/shop.papyrossa.de\/Ruegemer-Werner-Verhaengnisvolle-Freundschaft\" target=\"_blank\" rel=\"noopener\"><img data-recalc-dims=\"1\" loading=\"lazy\" decoding=\"async\" data-attachment-id=\"4198\" data-permalink=\"https:\/\/www.rheinland-pfalz-saarland.freidenker.org\/cms\/?attachment_id=4198\" data-orig-file=\"https:\/\/i0.wp.com\/www.rheinland-pfalz-saarland.freidenker.org\/cms\/wp-content\/uploads\/2025\/08\/Verhaengnisvolle_Freundschaft_U1-1-676x1024-1.jpg?fit=676%2C1024&amp;ssl=1\" data-orig-size=\"676,1024\" data-comments-opened=\"0\" data-image-meta=\"{&quot;aperture&quot;:&quot;0&quot;,&quot;credit&quot;:&quot;&quot;,&quot;camera&quot;:&quot;&quot;,&quot;caption&quot;:&quot;&quot;,&quot;created_timestamp&quot;:&quot;0&quot;,&quot;copyright&quot;:&quot;&quot;,&quot;focal_length&quot;:&quot;0&quot;,&quot;iso&quot;:&quot;0&quot;,&quot;shutter_speed&quot;:&quot;0&quot;,&quot;title&quot;:&quot;&quot;,&quot;orientation&quot;:&quot;0&quot;}\" data-image-title=\"Verhaengnisvolle_Freundschaft_U1-1-676&amp;#215;1024\" data-image-description=\"\" data-image-caption=\"\" data-medium-file=\"https:\/\/i0.wp.com\/www.rheinland-pfalz-saarland.freidenker.org\/cms\/wp-content\/uploads\/2025\/08\/Verhaengnisvolle_Freundschaft_U1-1-676x1024-1.jpg?fit=198%2C300&amp;ssl=1\" data-large-file=\"https:\/\/i0.wp.com\/www.rheinland-pfalz-saarland.freidenker.org\/cms\/wp-content\/uploads\/2025\/08\/Verhaengnisvolle_Freundschaft_U1-1-676x1024-1.jpg?fit=184%2C278&amp;ssl=1\" class=\"alignnone wp-image-4198\" title=\"zum Verlag...\" src=\"https:\/\/i0.wp.com\/www.rheinland-pfalz-saarland.freidenker.org\/cms\/wp-content\/uploads\/2025\/08\/Verhaengnisvolle_Freundschaft_U1-1-676x1024-1.jpg?resize=156%2C237&#038;ssl=1\" alt=\"Verh\u00e4ngnisvolle Freundschaft. Wie die USA Europa eroberten\" width=\"156\" height=\"237\" srcset=\"https:\/\/i0.wp.com\/www.rheinland-pfalz-saarland.freidenker.org\/cms\/wp-content\/uploads\/2025\/08\/Verhaengnisvolle_Freundschaft_U1-1-676x1024-1.jpg?w=676&amp;ssl=1 676w, https:\/\/i0.wp.com\/www.rheinland-pfalz-saarland.freidenker.org\/cms\/wp-content\/uploads\/2025\/08\/Verhaengnisvolle_Freundschaft_U1-1-676x1024-1.jpg?resize=198%2C300&amp;ssl=1 198w, https:\/\/i0.wp.com\/www.rheinland-pfalz-saarland.freidenker.org\/cms\/wp-content\/uploads\/2025\/08\/Verhaengnisvolle_Freundschaft_U1-1-676x1024-1.jpg?resize=184%2C278&amp;ssl=1 184w\" sizes=\"auto, (max-width: 156px) 100vw, 156px\" \/><\/a><\/p>\n<p>&nbsp;<\/p>\n<p style=\"padding-left: 40px; text-align: right;\"><strong><em>Dr. Werner R\u00fcgemer ist Sprecher des Beirats und Mitglied des Verbandsvorstandes des Deutschen Freidenker-Verbandes<\/em><\/strong><\/p>\n<p>&nbsp;<\/p>\n<div><a href=\"https:\/\/www.rheinland-pfalz-saarland.freidenker.org\/cms\/wp-content\/uploads\/2025\/08\/Flyer-Historisch-politische-Stadtfuehrung-mit-Werner-Ruegemer-am-5.-Oktober-25-in-Koeln_a.pdf\" target=\"_blank\" rel=\"noopener\"><strong>Flyer der Veranstaltung (pdf)<\/strong><\/a><\/div>\n<div><\/div>\n<div><\/div>\n<div>\n<hr \/>\n<\/div>\n<h6>Bild(er): Wikimedia Commons; OpenStreetMap; Buchcover<\/h6>\n","protected":false},"excerpt":{"rendered":"<p>Red. Der Deutsche Freidenker-Verband, Landesverband Rheinland-Pfalz \/ Saarland bietet eine Stadtf\u00fchrung an zum Thema: \u201eLindenthaler Kl\u00fcngelpfad\u201c Stadtf\u00fchrer: Der Publizist, interventionistische Philosoph und Freidenker Dr. Werner R\u00fcgemer Schwerpunkte: Villa Frhr. von Schr\u00f6der: Absprache 4.1.1933 mit Hitler, Himmler, von Papen zur Bildung der Hitler-Regierung 14-Zimmer-Villa Oberb\u00fcrgermeister Konrad Adenauer: Bau- und Nebenkosten viermal aus \u00f6ffentlichen Kassen ersetzt, Goering\/NS [&hellip;]<\/p>\n","protected":false},"author":5,"featured_media":0,"comment_status":"closed","ping_status":"open","sticky":false,"template":"","format":"standard","meta":{"jetpack_post_was_ever_published":false,"_jetpack_newsletter_access":"","_jetpack_dont_email_post_to_subs":false,"_jetpack_newsletter_tier_id":0,"_jetpack_memberships_contains_paywalled_content":false,"_jetpack_memberships_contains_paid_content":false,"footnotes":""},"categories":[1,8,10],"tags":[],"class_list":["post-4188","post","type-post","status-publish","format-standard","hentry","category-allgemein","category-mitgliederinformationen","category-termine-veranstaltungen"],"jetpack_featured_media_url":"","jetpack_shortlink":"https:\/\/wp.me\/p4d9vn-15y","jetpack_sharing_enabled":true,"_links":{"self":[{"href":"https:\/\/www.rheinland-pfalz-saarland.freidenker.org\/cms\/index.php?rest_route=\/wp\/v2\/posts\/4188","targetHints":{"allow":["GET"]}}],"collection":[{"href":"https:\/\/www.rheinland-pfalz-saarland.freidenker.org\/cms\/index.php?rest_route=\/wp\/v2\/posts"}],"about":[{"href":"https:\/\/www.rheinland-pfalz-saarland.freidenker.org\/cms\/index.php?rest_route=\/wp\/v2\/types\/post"}],"author":[{"embeddable":true,"href":"https:\/\/www.rheinland-pfalz-saarland.freidenker.org\/cms\/index.php?rest_route=\/wp\/v2\/users\/5"}],"replies":[{"embeddable":true,"href":"https:\/\/www.rheinland-pfalz-saarland.freidenker.org\/cms\/index.php?rest_route=%2Fwp%2Fv2%2Fcomments&post=4188"}],"version-history":[{"count":20,"href":"https:\/\/www.rheinland-pfalz-saarland.freidenker.org\/cms\/index.php?rest_route=\/wp\/v2\/posts\/4188\/revisions"}],"predecessor-version":[{"id":4265,"href":"https:\/\/www.rheinland-pfalz-saarland.freidenker.org\/cms\/index.php?rest_route=\/wp\/v2\/posts\/4188\/revisions\/4265"}],"wp:attachment":[{"href":"https:\/\/www.rheinland-pfalz-saarland.freidenker.org\/cms\/index.php?rest_route=%2Fwp%2Fv2%2Fmedia&parent=4188"}],"wp:term":[{"taxonomy":"category","embeddable":true,"href":"https:\/\/www.rheinland-pfalz-saarland.freidenker.org\/cms\/index.php?rest_route=%2Fwp%2Fv2%2Fcategories&post=4188"},{"taxonomy":"post_tag","embeddable":true,"href":"https:\/\/www.rheinland-pfalz-saarland.freidenker.org\/cms\/index.php?rest_route=%2Fwp%2Fv2%2Ftags&post=4188"}],"curies":[{"name":"wp","href":"https:\/\/api.w.org\/{rel}","templated":true}]}}