{"id":4053,"date":"2025-07-03T22:58:11","date_gmt":"2025-07-03T20:58:11","guid":{"rendered":"https:\/\/www.rheinland-pfalz-saarland.freidenker.org\/cms\/?p=4053"},"modified":"2025-12-07T17:08:13","modified_gmt":"2025-12-07T16:08:13","slug":"appell-an-die-staatsanwaltschaft-ermitteln-sie-gegen-friedrich-merz-wegen-aufstachelung-zum-angriffskrieg","status":"publish","type":"post","link":"https:\/\/www.rheinland-pfalz-saarland.freidenker.org\/cms\/?p=4053","title":{"rendered":"Appell an die Staatsanwaltschaft: Ermitteln Sie gegen Friedrich Merz wegen Aufstachelung zum Angriffskrieg!"},"content":{"rendered":"<p><em><strong>Red.<\/strong><\/em><\/p>\n<p><img data-recalc-dims=\"1\" loading=\"lazy\" decoding=\"async\" data-attachment-id=\"4057\" data-permalink=\"https:\/\/www.rheinland-pfalz-saarland.freidenker.org\/cms\/?attachment_id=4057\" data-orig-file=\"https:\/\/i0.wp.com\/www.rheinland-pfalz-saarland.freidenker.org\/cms\/wp-content\/uploads\/2025\/07\/1024px-Dieter_Hallervorden_2023_b.jpg?fit=1024%2C683&amp;ssl=1\" data-orig-size=\"1024,683\" data-comments-opened=\"0\" data-image-meta=\"{&quot;aperture&quot;:&quot;0&quot;,&quot;credit&quot;:&quot;&quot;,&quot;camera&quot;:&quot;&quot;,&quot;caption&quot;:&quot;&quot;,&quot;created_timestamp&quot;:&quot;0&quot;,&quot;copyright&quot;:&quot;&quot;,&quot;focal_length&quot;:&quot;0&quot;,&quot;iso&quot;:&quot;0&quot;,&quot;shutter_speed&quot;:&quot;0&quot;,&quot;title&quot;:&quot;&quot;,&quot;orientation&quot;:&quot;0&quot;}\" data-image-title=\"1024px-Dieter_Hallervorden_2023_b\" data-image-description=\"\" data-image-caption=\"\" data-medium-file=\"https:\/\/i0.wp.com\/www.rheinland-pfalz-saarland.freidenker.org\/cms\/wp-content\/uploads\/2025\/07\/1024px-Dieter_Hallervorden_2023_b.jpg?fit=300%2C200&amp;ssl=1\" data-large-file=\"https:\/\/i0.wp.com\/www.rheinland-pfalz-saarland.freidenker.org\/cms\/wp-content\/uploads\/2025\/07\/1024px-Dieter_Hallervorden_2023_b.jpg?fit=417%2C278&amp;ssl=1\" class=\"alignnone wp-image-4057\" src=\"https:\/\/i0.wp.com\/www.rheinland-pfalz-saarland.freidenker.org\/cms\/wp-content\/uploads\/2025\/07\/1024px-Dieter_Hallervorden_2023_b.jpg?resize=495%2C330&#038;ssl=1\" alt=\"Dieter Hallervorden\" width=\"495\" height=\"330\" srcset=\"https:\/\/i0.wp.com\/www.rheinland-pfalz-saarland.freidenker.org\/cms\/wp-content\/uploads\/2025\/07\/1024px-Dieter_Hallervorden_2023_b.jpg?w=1024&amp;ssl=1 1024w, https:\/\/i0.wp.com\/www.rheinland-pfalz-saarland.freidenker.org\/cms\/wp-content\/uploads\/2025\/07\/1024px-Dieter_Hallervorden_2023_b.jpg?resize=300%2C200&amp;ssl=1 300w, https:\/\/i0.wp.com\/www.rheinland-pfalz-saarland.freidenker.org\/cms\/wp-content\/uploads\/2025\/07\/1024px-Dieter_Hallervorden_2023_b.jpg?resize=768%2C512&amp;ssl=1 768w\" sizes=\"auto, (max-width: 495px) 100vw, 495px\" \/><\/p>\n<h3><strong>Dieter Hallervorden<\/strong> erstattete am 20. Juni 2025 gemeinsam mit den <strong>NachDenkSeiten<\/strong>, <strong>Weltnetz-TV<\/strong> und zahlreichen weiteren Erstunterzeichnenden eine Strafanzeige gegen Bundeskanzler Friedrich Merz.<\/h3>\n<p>(<a href=\"#Sprung_Anhang\">siehe Anlagen<\/a>)<\/p>\n<p>Anlass war dessen Satz in einem ZDF-Interview, Israel erledige mit seinem v\u00f6lkerrechtswidrigen Angriffskrieg gegen den Iran \u201edie Drecksarbeit f\u00fcr uns alle\u201c.<\/p>\n<p><iframe loading=\"lazy\" title=\"Bundeskanzler Merz: Israel macht &quot;Drecksarbeit&quot; f\u00fcr uns alle | #merz #israel #iran\" src=\"https:\/\/www.youtube.com\/embed\/xooKNrPkEH0\" width=\"199\" height=\"354\" frameborder=\"0\" allowfullscreen=\"allowfullscreen\"><\/iframe><\/p>\n<p class=\"style-scope ytd-watch-metadata\">(Das komplette Interview: <a href=\"https:\/\/www.youtube.com\/watch?v=yHr3q9lAdFM\" target=\"_blank\" rel=\"noopener\">Bundeskanzler Merz im ZDF-Interview zur Rolle der G7 im Nahost-Konflikt | ZDFheute <\/a>&#8211; ab Minute 2:19)<\/p>\n<p>Diese Aussage vom 17. Juni 2025 ist nicht nur klar verfassungswidrig und ein Straftatbestand, sondern sie verst\u00f6\u00dft auch gegen die Charta der Vereinten Nationen.<\/p>\n<p>Der Ermittlungseifer der Staatsanwaltschaft h\u00e4lt sich hingegen offenbar in engen Grenzen. Klar ist: In der Bundesrepublik Deutschland handeln Staatsanw\u00e4lte ministeriell weisungsgebunden.<\/p>\n<p>W\u00e4hrend der Bundespressekonferenz am 25. Juni hatte der Korrespondent der Nachdenkseiten, <strong>Florian Warweg<\/strong>, die Bundesregierung auch nach F\u00e4llen befragt, in denen Deutsche bestraft worden waren, weil sie den \u201ev\u00f6lkerrechtswidrigen Angriff Russlands auf die Ukraine\u201c gerechtfertigt haben sollen. Warweg wollte wissen, wie es um den Gleichbehandlungsgrundsatz bestellt sei, wenn gegen deutsche Staatsb\u00fcrger, aber nicht gegen den Bundeskanzler ermittelt werde.<\/p>\n<p><iframe loading=\"lazy\" title=\"YouTube video player\" src=\"https:\/\/www.youtube.com\/embed\/1UUioG1FYLc?si=whhtGL1Ahhv4QKES\" width=\"495\" height=\"278\" frameborder=\"0\" allowfullscreen=\"allowfullscreen\"><span style=\"display: inline-block; width: 0px; overflow: hidden; line-height: 0;\" data-mce-type=\"bookmark\" class=\"mce_SELRES_start\">\ufeff<\/span><\/iframe><\/p>\n<p>Der Regierungssprecher wollte aber keine Ungleichbehandlung erkennen, obwohl der Kanzler sogar noch durch seinen Amtseid in besonderer Weise an Recht und Gesetz gebunden ist.<\/p>\n<p>Deshalb appellieren die Unterzeichner an den Generalbundesanwalt und die Staatsanwaltschaft Berlin:<\/p>\n<h4>Leiten Sie bitte umgehend nach dem Gesetz strafrechtliche Ermittlungen gegen Friedrich Merz gem\u00e4\u00df der Ihnen bekannten (unten angegebenen) Strafanzeige ein! Und teilen Sie uns daf\u00fcr das Aktenzeichen mit!<\/h4>\n<h3><\/h3>\n<p>Auch du kannst mit einem kleinen Schreiben an die Mail-Adresse <a href=\"mailto:merz-bestrafen@weltnetz.tv\" target=\"_blank\" rel=\"noopener\">merz-bestrafen@weltnetz.tv<\/a> den Appell tatkr\u00e4ftig unterst\u00fctzen, damit die Staatsanwaltschaften aktiv werden:<\/p>\n<p>&nbsp;<\/p>\n<blockquote>\n<p style=\"padding-left: 40px;\">Die jetzt hier Unterzeichnenden unterst\u00fctzen den nachfolgenden Appell durch Mail (*) an:<\/p>\n<p style=\"padding-left: 40px;\">merz-bestrafen@weltnetz.tv<\/p>\n<p style=\"padding-left: 40px;\">&#8222;Ich unterst\u00fctze die Strafanzeige vom 20.6.25 von Dieter Hallervorden, Albrecht M\u00fcller (Nachdenkseiten), Dr. Diether Dehm, (Weltnetz.tv), Prof. Dr. Ulrike Guerot, Patrik Baab, Uwe Steimle, Andrej Hunko, Zaklin Nastic, Alexander Ulrich, Tino Eisbrenner, MdEP Michael von der Schulenburg und weiteren Unterzeichnern gegen Bundeskanzler Merz, weil dieser mit der Formulierung, dies sei &#8222;Drecksarbeit f\u00fcr uns alle&#8220; gegen u.a. \u00a7 80 A (Strafgesetzbuch) den v\u00f6lkerrechtswidrigen Angriffskrieg der israelischen Regierung gegen den Iran gerechtfertigt hatte.&#8220;<\/p>\n<p style=\"padding-left: 40px;\">Gezeichnet:<br \/>\nName (mit Mail- oder Postadresse)<\/p>\n<p style=\"padding-left: 40px;\">(*) Dies ist weder eine Petition an den Petitionsausschuss des Bundestags noch eine in Deutschland unzul\u00e4ssige &#8222;Sammelklage&#8220;, sondern eine rein politische Unterst\u00fctzung zur sp\u00e4teren Vorlage bei den zust\u00e4ndigen Staatsanwaltschaften.<\/p>\n<\/blockquote>\n<p>&nbsp;<\/p>\n<h3 id=\"Sprung_Anhang\">Anlage 1:<\/h3>\n<p><strong>Strafanzeige vom 20.6.2025:<\/strong><\/p>\n<p style=\"padding-left: 40px;\">Hiermit erstatten wir Unterzeichnenden Strafanzeige gegen den deutschen Bundeskanzler Friedrich Merz. Dieser hat u.a. gegen das deutsche Grundgesetz versto\u00dfen \u2013 insbesondere gegen Art. 9, 25 und 26.<\/p>\n<p style=\"padding-left: 40px;\">Herr Merz, der vor seiner T\u00e4tigkeit als Bundeskanzler Aufsichtsratsvorsitzender des weltgr\u00f6\u00dften R\u00fcstungsinvestors BlackRock gewesen war, hat am 17. Juni 2025 am Rande des G-7-Gipfels in Kanada den v\u00f6lkerrechtswidrigen Angriffskrieg Israels auf den Iran mit den Worten \u201ebesch\u00f6nigt\u201c:<br \/>\n\u201eDas ist die Drecksarbeit, die Israel f\u00fcr uns alle macht.\u201c<\/p>\n<p style=\"padding-left: 40px;\">Auch wenn der Ort seiner Aussage im Ausland liegt, was strafrechtlich keine unmittelbare Wirkung h\u00e4tte, ist sie vor allem auf die Wirkung in Deutschland ausgelegt. Wenn ein deutscher Regierungschef in seiner Vorbildfunktion meint, derart offen und \u00f6ffentlich gegen Art. 26 versto\u00dfen zu d\u00fcrfen, k\u00f6nnten sich k\u00fcnftig noch mehr Menschen in Deutschland ermutigt f\u00fchlen, Angriffskriege zu propagieren. Auch darum ist ihm rechtlich und publizistisch Einhalt zu gebieten.<\/p>\n<p style=\"padding-left: 40px;\">Wir fordern den Generalbundesanwalt und die Staatsanwaltschaft Berlin auf, strafrechtliche Schritte gegen den Bundeskanzler einzuleiten.<br \/>\nUnter anderem begr\u00fcndet das Strafgesetzbuch in Paragraph 80 A das \u201eAufstacheln zu einem Angriffskrieg\u201c mit \u201egesteigerten, auf die Gef\u00fchle des Adressaten gem\u00fcnzten propagandistischen Anreizen\u201c. Das d\u00fcrfte \u2013 sowohl in Bezug auf die deutsche \u00d6ffentlichkeit als auch die leidende Bev\u00f6lkerung im Iran, im Westjordanland und in Gaza \u2013 insbesondere bei einem Bundeskanzler in hervorgehobener Wirkung \u2013 gesehen werden. Durch den Zusatz \u201ef\u00fcr uns alle\u201c bei der sogenannten \u201eDrecksarbeit\u201c ist der Versto\u00df auch in enger juristischer Auslegung gegeben.<\/p>\n<p style=\"padding-left: 40px;\">Zumal Herr Bundeskanzler Merz gegen \u201eden Gedanken der V\u00f6lkerverst\u00e4ndigung\u201c (Art. 9 Grundgesetz) und das \u201eFriedensgebot\u201c (Art. 20 Abs. 3 Grundgesetz) versto\u00dfen hat, wozu er durch Art. 25 gleichzeitig durch das Grundgesetz im Amtseid an das internationale V\u00f6lkerrecht gebunden ist.<\/p>\n<p style=\"padding-left: 40px;\">Der Bundeskanzler beruft sich nun aktuell auf den israelischen Regierungschef Netanjahu, der behauptet, eine iranische Atombombe an der Entstehung aktuell behindert zu haben. Was US-Geheimdienste bestreiten. Hierzu ist anzuf\u00fcgen, dass Netanjahu seit 2002, also seit 23 Jahren, \u00f6ffentlich von einer kurz vor der Fertigstellung stehenden iranischen Atombombe schwadroniert.<\/p>\n<p style=\"padding-left: 40px;\">Die Belobigung des israelischen Angriffskriegs als \u201eDrecksarbeit f\u00fcr uns alle\u201c steht dazu und zur UN-Charta in eklatantem Widerspruch.<br \/>\nDort steht in Artikel 2.3: \u201eAlle Mitglieder legen ihre internationalen Streitigkeiten durch friedliche Mittel \u2026 bei\u201c.<\/p>\n<p style=\"padding-left: 40px;\">Art. 2.4 der UN-Charta schreibt noch klarer:<br \/>\n\u201eAlle Mitglieder unterlassen in ihren internationalen Beziehungen jede gegen die territoriale Unversehrtheit oder die politische Unabh\u00e4ngigkeit eines Staates gerichtete oder sonst mit den Zielen der Vereinten Nationen unvereinbare Androhung oder Anwendung von Gewalt.\u201c<\/p>\n<p style=\"padding-left: 40px;\">Die Belobigung von Gr\u00e4ueltaten der israelischen Luftwaffe durch den Bundeskanzler steht also nicht nur im Gegensatz zu nationalem und internationalem Recht, sondern geschah auch unter Verwendung von Nazivokabular. Anfang 1942 hatte SS-Obersturmf\u00fchrer August H\u00e4fner die Massen-Erschie\u00dfung von 34.000 j\u00fcdischen Menschen innerhalb von 48 Stunden in Babi Jar mit eben derselben zynischen Wortwahl \u201eals Drecksarbeit\u201c gerechtfertigt.<\/p>\n<p style=\"padding-left: 40px;\"><strong>Erstunterzeichende:<\/strong><\/p>\n<p style=\"padding-left: 40px;\">Dieter Hallervorden (Schauspieler)<br \/>\nAlbrecht M\u00fcller (Herausgeber NachDenkSeiten und fr\u00fcherer Koordinator im Kanzleramt)<br \/>\nJens Berger (Chefredakteur NachDenkSeiten)<br \/>\nUwe Steimle (Kabarettist)<br \/>\nDr. Diether Dehm (Musiker, Publizist weltnetz.tv)<br \/>\nAnette Sorg (NachDenkSeiten)<br \/>\nKlaus Dieter B\u00f6hm (Unternehmer)<br \/>\nDr. Matthias Oehme (Verleger; Eulenspiegelgruppe)<br \/>\nAlexa Rodrian (S\u00e4ngerin)<br \/>\nSebastian Bahlo (Vorsitzender Freidenkerverband)<br \/>\nLukas Zeise (Publizist)<br \/>\nDr. Jenny Farrell (Literaturwissenschaftlerin)<br \/>\nJens Fischer Rodrian (Musiker)<br \/>\nProf. Dr. Uli Barnickel (Bildhauer)<br \/>\nProf. Dr. S\u00f6nke Hundt (Weltnetz.tv)<br \/>\nDr. Sabine Kebir (Publizistin)<br \/>\nMarion Schneider (Unternehmerin)<br \/>\nPatrik Baab (Journalist und Autor)<br \/>\nAndrej Hunko (ehemaliger MdB, BSW)<br \/>\nMichael von der Schulenburg (MdEP f\u00fcr das BSW)<br \/>\nWolfgang Gehrcke (ehemaliger MdB, DIE LINKE)<br \/>\nChristiane Reymann (Publizistin)<br \/>\nZaklin Nastic (ehemalige MdB, BSW)<br \/>\nTino Eisbrenner (Komponist und Musiker)<\/p>\n<p>&nbsp;<\/p>\n<h3>Anlage 2:<\/h3>\n<p style=\"padding-left: 40px;\"><strong>An den Generalbundesanwalt und die Berliner Staatsanwaltschaft per mail:<\/strong><\/p>\n<p style=\"padding-left: 40px;\">Hiermit schlie\u00dfe ich mich der unten angef\u00fcgten Strafanzeige vom 20. Juni 2025 von Dieter Hallervorden, Albrecht M\u00fcller, Dr. Diether Dehm u.a. gegen den deutschen Bundeskanzler Friedrich Merz wegen u.a. Versto\u00df gegen das Strafgesetzbuch \u00a7 80 A und \u00a7 140 Strafgesetzbuch an.<\/p>\n<p style=\"padding-left: 40px;\">1. Alexander Ulrich (ehemaliger MdB BSW), Kaiserslautern<br \/>\n2. Prof. Dr. Dr. Reinhard Hesse,<br \/>\n3. Michael Kandel,<br \/>\n4. Carolin Urban,<br \/>\n5. Christian Rheingruber,<br \/>\n6. Peter Langhammer, Diplomforstwirt UNIV.<br \/>\n7. Klaus Hartmann, Offenbach<br \/>\n8. Monika Krotter-Hartmann, Offenbach<br \/>\n9. Prof. Dr. Ulrike Guerot, Berlin<br \/>\n10. J\u00fcrgen Fliege, Pastor, M\u00fcnchen<br \/>\n11. Thomas Ewald-Wehner, Maintal<br \/>\n12. Martin Pfetscher, M\u00fcnchen<br \/>\n13.Andreas Boesser, Solingen<br \/>\n14.Bj\u00f6rn Scherer-Mohr, Steinau<br \/>\n15. Peter Langhammer, Lindberg<br \/>\n16. Gudrun Gl\u00fcck,<br \/>\n17. Martin B\u00f6hnke, Bonn<br \/>\n18. J\u00f6rg Sch\u00e4fer,<br \/>\n19. Margot Sauter,<br \/>\n20. Gesa Tietjens, Osterby<br \/>\n21. Imke Mahnke, Oldenburg<br \/>\n22. Karin Ufer, Kempen<br \/>\n23. Sabine Faltis, Berlin<br \/>\n24. Martin Abt,<br \/>\n25. Hans-Peter Rai\u00df,<br \/>\n26. Petra Hentschel-Eichhorn, Chemnitz<br \/>\n27. Jochen Juhre, Z\u00fclpich<br \/>\n28. Gerlinde Lustenberger,<br \/>\n29. E. Frey, B\u00fchlertal<br \/>\n30. Hans-Peter Werner, Geisenheim<br \/>\n31. Dr. Siegfried Ecker, N\u00fcrnberg<br \/>\n32. Sabine Hofmann, Welzheim<br \/>\n33. Brigitte Gr\u00f6sser, Gilserberg<br \/>\n34. Michael Kuhnt,<br \/>\n35. Ulrich Manthey,<br \/>\n36. Dieter Rohn,<br \/>\n37. Heinz-J\u00fcrgen Fey, Dortmund<br \/>\n38. Beate Lurati,<br \/>\n39. Dr. Manfred Fr\u00f6bel, Berlin<\/p>\n<p style=\"padding-left: 40px;\">Weiterhin wird die oben angegebene Strafanzeige unterst\u00fctzt von den Leserbrief-Autorinnen der Nachdenkseiten:<\/p>\n<p style=\"padding-left: 40px;\">Waltraud und Ulrich Leonhardt, R\u00fcdiger Schauerte,Hans-Peter Piepho, Rolf Henze, Thomas Gl\u00f6ckner, T.Nolte, Alexander Unzicker, Evelyn L\u00f6hr, Georg Herda, Peter Grandt, G. Lange, G\u00fcnter Brinkhoff, Astrid und Frank Haberlandt, Maria Bumes, Brigitte Queck, J. Juhre, Ralf Glahn, Manuela Heinke, Bettina K\u00e4hlig, S. Gr\u00fctzmacher u.a.<\/p>\n<p>&nbsp;<\/p>\n<h4>Siehe auch:<\/h4>\n<p class=\"style-scope ytd-watch-metadata\"><a href=\"https:\/\/www.nachdenkseiten.de\/?p=135363\" target=\"_blank\" rel=\"noopener\"><strong>Gef\u00e4hrdet Strafanzeige gegen Merz dessen Kanzlerschaft? | Florian Warweg | BPK HG NDS-Podcast<\/strong><\/a><\/p>\n<p>Weltnetz-TV: Dieter Hallervorden zu &#8222;Nahost und Gaza Video&#8220;:<\/p>\n<p><iframe loading=\"lazy\" title=\"YouTube video player\" src=\"https:\/\/www.youtube.com\/embed\/UpfWeTblFas?si=thpiuKzA0y05VIvo\" width=\"495\" height=\"278\" frameborder=\"0\" allowfullscreen=\"allowfullscreen\"><span style=\"display: inline-block; width: 0px; overflow: hidden; line-height: 0;\" data-mce-type=\"bookmark\" class=\"mce_SELRES_start\">\ufeff<\/span><\/iframe><\/p>\n<p>&nbsp;<\/p>\n<hr style=\"padding-left: 40px;\" \/>\n<p>Bild(er): Dieter Hallervorden, Dr. Frank Gaeth, CC BY-SA 4.0 via Wikimedia Commons<\/p>\n<p>&nbsp;<\/p>\n","protected":false},"excerpt":{"rendered":"<p>Red. Dieter Hallervorden erstattete am 20. Juni 2025 gemeinsam mit den NachDenkSeiten, Weltnetz-TV und zahlreichen weiteren Erstunterzeichnenden eine Strafanzeige gegen Bundeskanzler Friedrich Merz. (siehe Anlagen) Anlass war dessen Satz in einem ZDF-Interview, Israel erledige mit seinem v\u00f6lkerrechtswidrigen Angriffskrieg gegen den Iran \u201edie Drecksarbeit f\u00fcr uns alle\u201c. (Das komplette Interview: Bundeskanzler Merz im ZDF-Interview zur Rolle [&hellip;]<\/p>\n","protected":false},"author":5,"featured_media":0,"comment_status":"closed","ping_status":"open","sticky":false,"template":"","format":"standard","meta":{"jetpack_post_was_ever_published":false,"_jetpack_newsletter_access":"","_jetpack_dont_email_post_to_subs":false,"_jetpack_newsletter_tier_id":0,"_jetpack_memberships_contains_paywalled_content":false,"_jetpack_memberships_contains_paid_content":false,"footnotes":""},"categories":[1,8],"tags":[],"class_list":["post-4053","post","type-post","status-publish","format-standard","hentry","category-allgemein","category-mitgliederinformationen"],"jetpack_featured_media_url":"","jetpack_shortlink":"https:\/\/wp.me\/p4d9vn-13n","jetpack_sharing_enabled":true,"_links":{"self":[{"href":"https:\/\/www.rheinland-pfalz-saarland.freidenker.org\/cms\/index.php?rest_route=\/wp\/v2\/posts\/4053","targetHints":{"allow":["GET"]}}],"collection":[{"href":"https:\/\/www.rheinland-pfalz-saarland.freidenker.org\/cms\/index.php?rest_route=\/wp\/v2\/posts"}],"about":[{"href":"https:\/\/www.rheinland-pfalz-saarland.freidenker.org\/cms\/index.php?rest_route=\/wp\/v2\/types\/post"}],"author":[{"embeddable":true,"href":"https:\/\/www.rheinland-pfalz-saarland.freidenker.org\/cms\/index.php?rest_route=\/wp\/v2\/users\/5"}],"replies":[{"embeddable":true,"href":"https:\/\/www.rheinland-pfalz-saarland.freidenker.org\/cms\/index.php?rest_route=%2Fwp%2Fv2%2Fcomments&post=4053"}],"version-history":[{"count":22,"href":"https:\/\/www.rheinland-pfalz-saarland.freidenker.org\/cms\/index.php?rest_route=\/wp\/v2\/posts\/4053\/revisions"}],"predecessor-version":[{"id":4080,"href":"https:\/\/www.rheinland-pfalz-saarland.freidenker.org\/cms\/index.php?rest_route=\/wp\/v2\/posts\/4053\/revisions\/4080"}],"wp:attachment":[{"href":"https:\/\/www.rheinland-pfalz-saarland.freidenker.org\/cms\/index.php?rest_route=%2Fwp%2Fv2%2Fmedia&parent=4053"}],"wp:term":[{"taxonomy":"category","embeddable":true,"href":"https:\/\/www.rheinland-pfalz-saarland.freidenker.org\/cms\/index.php?rest_route=%2Fwp%2Fv2%2Fcategories&post=4053"},{"taxonomy":"post_tag","embeddable":true,"href":"https:\/\/www.rheinland-pfalz-saarland.freidenker.org\/cms\/index.php?rest_route=%2Fwp%2Fv2%2Ftags&post=4053"}],"curies":[{"name":"wp","href":"https:\/\/api.w.org\/{rel}","templated":true}]}}