{"id":4028,"date":"2025-07-03T21:04:09","date_gmt":"2025-07-03T19:04:09","guid":{"rendered":"https:\/\/www.rheinland-pfalz-saarland.freidenker.org\/cms\/?p=4028"},"modified":"2025-12-07T17:08:13","modified_gmt":"2025-12-07T16:08:13","slug":"elizabeth-ann-murray-raymond-mcgovern-am-montag-den-7-juli-in-darmstadt","status":"publish","type":"post","link":"https:\/\/www.rheinland-pfalz-saarland.freidenker.org\/cms\/?p=4028","title":{"rendered":"Elizabeth Ann Murray &#038; Raymond McGovern am Montag, den 7. Juli in Darmstadt"},"content":{"rendered":"<div><strong><em>Red.<\/em><\/strong><\/div>\n<div>\n<h4><span style=\"color: #ff0000;\">Nachlese \u2013 Bericht mit Video: <\/span><a title=\"Wie k\u00f6nnen wir Frieden bekommen \u2013 Sind wir selbst die Hindernisse?\" href=\"https:\/\/www.freidenker.org\/?p=22372\" target=\"_blank\" rel=\"noopener\">Wie k\u00f6nnen wir Frieden bekommen \u2013 Sind wir selbst die Hindernisse?<\/a><\/h4>\n<p>Liebe Genossinnen und Genossen, liebe Freundinnen und Freunde,<\/p>\n<p><strong>ja, das ist sehr kurzfristig, aber daf\u00fcr vielleicht umso spannender und anregender!<\/strong><\/p>\n<p>Der <strong>Gespr\u00e4chskreis Darmstadt der NachDenkSeiten<\/strong>, in Kooperation mit dem <strong>Deutschen Freidenker-Verband<\/strong>, pr\u00e4sentieren folgende Veranstaltung:<\/p>\n<\/div>\n<p><a href=\"https:\/\/www.nachdenken-in-darmstadt.de\" target=\"_blank\" rel=\"noopener\"><img data-recalc-dims=\"1\" loading=\"lazy\" decoding=\"async\" data-attachment-id=\"4030\" data-permalink=\"https:\/\/www.rheinland-pfalz-saarland.freidenker.org\/cms\/?attachment_id=4030\" data-orig-file=\"https:\/\/i0.wp.com\/www.rheinland-pfalz-saarland.freidenker.org\/cms\/wp-content\/uploads\/2025\/07\/NDS-DLC-Kopie2-e1751564749168.jpg?fit=472%2C71&amp;ssl=1\" data-orig-size=\"472,71\" data-comments-opened=\"0\" data-image-meta=\"{&quot;aperture&quot;:&quot;0&quot;,&quot;credit&quot;:&quot;&quot;,&quot;camera&quot;:&quot;&quot;,&quot;caption&quot;:&quot;&quot;,&quot;created_timestamp&quot;:&quot;0&quot;,&quot;copyright&quot;:&quot;&quot;,&quot;focal_length&quot;:&quot;0&quot;,&quot;iso&quot;:&quot;0&quot;,&quot;shutter_speed&quot;:&quot;0&quot;,&quot;title&quot;:&quot;&quot;,&quot;orientation&quot;:&quot;1&quot;}\" data-image-title=\"NDS-DLC Kopie2\" data-image-description=\"\" data-image-caption=\"\" data-medium-file=\"https:\/\/i0.wp.com\/www.rheinland-pfalz-saarland.freidenker.org\/cms\/wp-content\/uploads\/2025\/07\/NDS-DLC-Kopie2-e1751564749168.jpg?fit=300%2C45&amp;ssl=1\" data-large-file=\"https:\/\/i0.wp.com\/www.rheinland-pfalz-saarland.freidenker.org\/cms\/wp-content\/uploads\/2025\/07\/NDS-DLC-Kopie2-e1751564749168.jpg?fit=472%2C71&amp;ssl=1\" class=\"alignnone wp-image-4030\" src=\"https:\/\/i0.wp.com\/www.rheinland-pfalz-saarland.freidenker.org\/cms\/wp-content\/uploads\/2025\/07\/NDS-DLC-Kopie2-e1751564749168.jpg?resize=315%2C47&#038;ssl=1\" alt=\"\" width=\"315\" height=\"47\" srcset=\"https:\/\/i0.wp.com\/www.rheinland-pfalz-saarland.freidenker.org\/cms\/wp-content\/uploads\/2025\/07\/NDS-DLC-Kopie2-e1751564749168.jpg?w=472&amp;ssl=1 472w, https:\/\/i0.wp.com\/www.rheinland-pfalz-saarland.freidenker.org\/cms\/wp-content\/uploads\/2025\/07\/NDS-DLC-Kopie2-e1751564749168.jpg?resize=300%2C45&amp;ssl=1 300w\" sizes=\"auto, (max-width: 315px) 100vw, 315px\" \/><\/a><a href=\"https:\/\/www.freidenker.org\" target=\"_blank\" rel=\"noopener\"><img data-recalc-dims=\"1\" loading=\"lazy\" decoding=\"async\" data-attachment-id=\"2983\" data-permalink=\"https:\/\/www.rheinland-pfalz-saarland.freidenker.org\/cms\/?attachment_id=2983\" data-orig-file=\"https:\/\/i0.wp.com\/www.rheinland-pfalz-saarland.freidenker.org\/cms\/wp-content\/uploads\/2025\/01\/Freidenker-495-breit.jpg?fit=495%2C145&amp;ssl=1\" data-orig-size=\"495,145\" data-comments-opened=\"0\" data-image-meta=\"{&quot;aperture&quot;:&quot;0&quot;,&quot;credit&quot;:&quot;&quot;,&quot;camera&quot;:&quot;&quot;,&quot;caption&quot;:&quot;&quot;,&quot;created_timestamp&quot;:&quot;0&quot;,&quot;copyright&quot;:&quot;&quot;,&quot;focal_length&quot;:&quot;0&quot;,&quot;iso&quot;:&quot;0&quot;,&quot;shutter_speed&quot;:&quot;0&quot;,&quot;title&quot;:&quot;&quot;,&quot;orientation&quot;:&quot;0&quot;}\" data-image-title=\"Freidenker 495 breit\" data-image-description=\"\" data-image-caption=\"\" data-medium-file=\"https:\/\/i0.wp.com\/www.rheinland-pfalz-saarland.freidenker.org\/cms\/wp-content\/uploads\/2025\/01\/Freidenker-495-breit.jpg?fit=300%2C88&amp;ssl=1\" data-large-file=\"https:\/\/i0.wp.com\/www.rheinland-pfalz-saarland.freidenker.org\/cms\/wp-content\/uploads\/2025\/01\/Freidenker-495-breit.jpg?fit=495%2C145&amp;ssl=1\" class=\"alignnone wp-image-2983\" src=\"https:\/\/i0.wp.com\/www.rheinland-pfalz-saarland.freidenker.org\/cms\/wp-content\/uploads\/2025\/01\/Freidenker-495-breit.jpg?resize=180%2C53&#038;ssl=1\" alt=\"\" width=\"180\" height=\"53\" srcset=\"https:\/\/i0.wp.com\/www.rheinland-pfalz-saarland.freidenker.org\/cms\/wp-content\/uploads\/2025\/01\/Freidenker-495-breit.jpg?w=495&amp;ssl=1 495w, https:\/\/i0.wp.com\/www.rheinland-pfalz-saarland.freidenker.org\/cms\/wp-content\/uploads\/2025\/01\/Freidenker-495-breit.jpg?resize=300%2C88&amp;ssl=1 300w\" sizes=\"auto, (max-width: 180px) 100vw, 180px\" \/><\/a><\/p>\n<p>&nbsp;<\/p>\n<h2>Wie k\u00f6nnen wir Frieden bekommen? Sind wir selbst die Hindernisse?<\/h2>\n<p>Als G\u00e4ste sprechen zu diesem Themenkomplex (in Englisch) die beiden ehemaligen CIA-Geheimdienstmitarbeiter<\/p>\n<h3>Elizabeth Ann Murray &amp; Raymond McGovern<\/h3>\n<p>Wenn zwei ehemalige Geheimdienstanalysten von Weltruf sich dazu entschlie\u00dfen, Insiderwissen des einzigen Imperiums im Rahmen rechtlich zul\u00e4ssiger Grenzen dar\u00fcber offen zu legen, was schon seit Jahren geo- und friedenspolitisch schief l\u00e4uft, wozu das gef\u00fchrt hat und was wir dagegen tun k\u00f6nnen \u2013 wenn wir&#8217;s denn nur wollen, dann gibt&#8217;s nur eines:&#8220;<b>Gut zuh\u00f6ren!!<\/b><\/p>\n<p>Im Anschluss an das Gespr\u00e4ch k\u00f6nnen gerne Fragen an unsere beiden G\u00e4sten gestellt werden, jedoch bitten wir, dabei auf eigene Vortr\u00e4ge und Kommentare zu verzichten, damit m\u00f6glichst viele Teilnehmer die gleiche M\u00f6glichkeit haben.<\/p>\n<p><a href=\"https:\/\/www.youtube.com\/watch?v=4FyRlsktDbc\" target=\"_blank\" rel=\"noopener\"><img data-recalc-dims=\"1\" loading=\"lazy\" decoding=\"async\" data-attachment-id=\"4044\" data-permalink=\"https:\/\/www.rheinland-pfalz-saarland.freidenker.org\/cms\/?attachment_id=4044\" data-orig-file=\"https:\/\/i0.wp.com\/www.rheinland-pfalz-saarland.freidenker.org\/cms\/wp-content\/uploads\/2025\/07\/Ausschnitte-aus-Weltnetz-Video.jpg?fit=1882%2C1056&amp;ssl=1\" data-orig-size=\"1882,1056\" data-comments-opened=\"0\" data-image-meta=\"{&quot;aperture&quot;:&quot;0&quot;,&quot;credit&quot;:&quot;&quot;,&quot;camera&quot;:&quot;&quot;,&quot;caption&quot;:&quot;&quot;,&quot;created_timestamp&quot;:&quot;0&quot;,&quot;copyright&quot;:&quot;&quot;,&quot;focal_length&quot;:&quot;0&quot;,&quot;iso&quot;:&quot;0&quot;,&quot;shutter_speed&quot;:&quot;0&quot;,&quot;title&quot;:&quot;&quot;,&quot;orientation&quot;:&quot;0&quot;}\" data-image-title=\"Ausschnitte aus Weltnetz-Video\" data-image-description=\"\" data-image-caption=\"\" data-medium-file=\"https:\/\/i0.wp.com\/www.rheinland-pfalz-saarland.freidenker.org\/cms\/wp-content\/uploads\/2025\/07\/Ausschnitte-aus-Weltnetz-Video.jpg?fit=300%2C168&amp;ssl=1\" data-large-file=\"https:\/\/i0.wp.com\/www.rheinland-pfalz-saarland.freidenker.org\/cms\/wp-content\/uploads\/2025\/07\/Ausschnitte-aus-Weltnetz-Video.jpg?fit=495%2C278&amp;ssl=1\" class=\"alignnone wp-image-4044\" title=\"im Video von Weltnetz-TV ein kleiner Eindruck \u00fcber das, was die beiden zu sagen haben...\" src=\"https:\/\/i0.wp.com\/www.rheinland-pfalz-saarland.freidenker.org\/cms\/wp-content\/uploads\/2025\/07\/Ausschnitte-aus-Weltnetz-Video.jpg?resize=495%2C278&#038;ssl=1\" alt=\"\" width=\"495\" height=\"278\" srcset=\"https:\/\/i0.wp.com\/www.rheinland-pfalz-saarland.freidenker.org\/cms\/wp-content\/uploads\/2025\/07\/Ausschnitte-aus-Weltnetz-Video.jpg?w=1882&amp;ssl=1 1882w, https:\/\/i0.wp.com\/www.rheinland-pfalz-saarland.freidenker.org\/cms\/wp-content\/uploads\/2025\/07\/Ausschnitte-aus-Weltnetz-Video.jpg?resize=300%2C168&amp;ssl=1 300w, https:\/\/i0.wp.com\/www.rheinland-pfalz-saarland.freidenker.org\/cms\/wp-content\/uploads\/2025\/07\/Ausschnitte-aus-Weltnetz-Video.jpg?resize=1024%2C575&amp;ssl=1 1024w, https:\/\/i0.wp.com\/www.rheinland-pfalz-saarland.freidenker.org\/cms\/wp-content\/uploads\/2025\/07\/Ausschnitte-aus-Weltnetz-Video.jpg?resize=768%2C431&amp;ssl=1 768w, https:\/\/i0.wp.com\/www.rheinland-pfalz-saarland.freidenker.org\/cms\/wp-content\/uploads\/2025\/07\/Ausschnitte-aus-Weltnetz-Video.jpg?resize=1536%2C862&amp;ssl=1 1536w\" sizes=\"auto, (max-width: 495px) 100vw, 495px\" \/><\/a><\/p>\n<p><strong>Elizabeth<\/strong> <strong>Ann Murray <\/strong>diente als stv. Nationale Geheimdienstoffizierin, zust\u00e4ndig f\u00fcr die Region des Nahen Osten, im Nationalen Sicherheitsrat der US-Regierung, bevor sie nach 27 Jahren in den Ruhestand ging. Sie spezialisierte sich auf Politik- und Medienanalysen des Mittleren Ostens, hat dort gelebt und die Region ausgiebig bereist. Sie spricht Deutsch, Spanisch und Arabisch.<\/p>\n<p><strong>Raymond McGovern <\/strong>war 27 Jahre lang Mitarbeiter der CIA. Zu seinen Aufgaben geh\u00f6rten die Mitarbeit an Geheimdienstdossiers und der President\u2019s Daily Brief (Zusammenfassung der wichtigsten, tagesaktuellen Erkenntnisse der 16!!!! US-amerikanischen Geheimdienste). Gegen Ende seiner Karriere war er f\u00fcr die morgendliche Berichterstattung im Wei\u00dfen Haus zust\u00e4ndig. 1990 ging er in den Ruhestand.<\/p>\n<p>&nbsp;<\/p>\n<blockquote>\n<h3>Wann \/ Wo:<\/h3>\n<h4>Montag, den 07. Juli 2025, um 18:00 Uhr<\/h4>\n<h4>&#8222;Theater im P\u00e4dagog&#8220; (TIP),<br \/>\nP\u00e4dagogstra\u00dfe 5,<br \/>\n64283 Darmstadt<\/h4>\n<p>Der Eintritt ist frei &#8211; Solidarspenden sind jedoch sehr erw\u00fcnscht<br \/>\n(und notwendig zur Kostendeckung)<\/p>\n<p>Der Veranstalter braucht kurzfristig Infos zur Zahl der Teilnehmer.<br \/>\nAnmeldungen bitte \u00fcber folgende Mailadresse: <a class=\"moz-txt-link-abbreviated\" href=\"mailto:habel-klaus@t-online.de\" target=\"_blank\" rel=\"noopener\">habel-klaus@t-online.de<\/a><\/p><\/blockquote>\n<p>&nbsp;<\/p>\n<h4>Hier noch einige Hinweise:<\/h4>\n<p>Diese Veranstaltung konnte wegen extrem kurzem Vorlauf (6 Tage) nur ad hoc anberaumt werden, die Gespr\u00e4che werden in Englisch gef\u00fchrt, die \u00dcbersetzung, wo n\u00f6tig, wird improvisiert. Geschuldet der kurzen Planungszeit war nur ein Raum mit max.100 Sitzpl\u00e4tzen auf die Schnelle verf\u00fcgbar. Eine Voranmeldung ist aus organisatorischen Gr\u00fcnden leider nicht m\u00f6glich, daher gilt bei der Platzverf\u00fcgbarkeit das sogenannte \u201efirst come \u2013 first serve\u201c Prinzip. Wir bitten an dieser Stelle schon jetzt um Verst\u00e4ndnis.<\/p>\n<p><strong>Nachtrag (03.07.2025, 11:05)<\/strong>: Zwischenzeitlich ist es uns gelungen, eine Videoaufzeichnung des Abends zu organisieren. Damit wird es m\u00f6glich, im Nachhinein eine KI-generierte \u00dcbersetzung einzublenden. Aus diesem Grund werden wir auf eine eigene Simultan\u00fcbersetzung w\u00e4hrend der Gespr\u00e4che vollst\u00e4ndig verzichten und bei der anschlie\u00dfenden Q &amp; A Runde nur dort eingreifen, wo es gar nicht mehr anders geht.<\/p>\n<p>&nbsp;<\/p>\n<p>Der <a href=\"https:\/\/nachdenken-in-darmstadt.de\/termine\/\" target=\"_blank\" rel=\"noopener\">link zur Webseite<\/a> und der\u00a0<a href=\"https:\/\/www.rheinland-pfalz-saarland.freidenker.org\/cms\/wp-content\/uploads\/2025\/07\/Flyer-Murray-McGovern-20250707-R00.pdf\" target=\"_blank\" rel=\"noopener\">Einladungsflyer der Veranstaltung (pdf)<\/a><\/p>\n<p>&nbsp;<\/p>\n<p>&#8230; und der <span id=\":5f6.3\" class=\"\" tabindex=\"-1\" role=\"menuitem\" aria-haspopup=\"true\">Videoausschnitt<\/span> einer Rede von Ray McGovern vor dem UN-Sicherheitsrat (<span id=\":5f6.4\" class=\"\" tabindex=\"-1\" role=\"menuitem\" aria-haspopup=\"true\">UNSC<\/span>):<\/p>\n<p><iframe loading=\"lazy\" title=\"YouTube video player\" src=\"https:\/\/www.youtube.com\/embed\/CZyi4Bjnjlg?si=km8QMEfx3yjb_tp9\" width=\"495\" height=\"278\" frameborder=\"0\" allowfullscreen=\"allowfullscreen\"><\/iframe><\/p>\n<p>&nbsp;<\/p>\n<hr \/>\n<h6>Bild(er): Screenshots aus dem Video &#8222;Peace is bad for business&#8220; von Weltnetz-TV<\/h6>\n<div><\/div>\n<div>\n<div class=\"gmail-adL\"><\/div>\n<\/div>\n","protected":false},"excerpt":{"rendered":"<p>Red. Nachlese \u2013 Bericht mit Video: Wie k\u00f6nnen wir Frieden bekommen \u2013 Sind wir selbst die Hindernisse? Liebe Genossinnen und Genossen, liebe Freundinnen und Freunde, ja, das ist sehr kurzfristig, aber daf\u00fcr vielleicht umso spannender und anregender! Der Gespr\u00e4chskreis Darmstadt der NachDenkSeiten, in Kooperation mit dem Deutschen Freidenker-Verband, pr\u00e4sentieren folgende Veranstaltung: &nbsp; Wie k\u00f6nnen wir [&hellip;]<\/p>\n","protected":false},"author":5,"featured_media":0,"comment_status":"closed","ping_status":"open","sticky":false,"template":"","format":"standard","meta":{"jetpack_post_was_ever_published":false,"_jetpack_newsletter_access":"","_jetpack_dont_email_post_to_subs":false,"_jetpack_newsletter_tier_id":0,"_jetpack_memberships_contains_paywalled_content":false,"_jetpack_memberships_contains_paid_content":false,"footnotes":""},"categories":[1,10],"tags":[],"class_list":["post-4028","post","type-post","status-publish","format-standard","hentry","category-allgemein","category-termine-veranstaltungen"],"jetpack_featured_media_url":"","jetpack_shortlink":"https:\/\/wp.me\/p4d9vn-12Y","jetpack_sharing_enabled":true,"_links":{"self":[{"href":"https:\/\/www.rheinland-pfalz-saarland.freidenker.org\/cms\/index.php?rest_route=\/wp\/v2\/posts\/4028","targetHints":{"allow":["GET"]}}],"collection":[{"href":"https:\/\/www.rheinland-pfalz-saarland.freidenker.org\/cms\/index.php?rest_route=\/wp\/v2\/posts"}],"about":[{"href":"https:\/\/www.rheinland-pfalz-saarland.freidenker.org\/cms\/index.php?rest_route=\/wp\/v2\/types\/post"}],"author":[{"embeddable":true,"href":"https:\/\/www.rheinland-pfalz-saarland.freidenker.org\/cms\/index.php?rest_route=\/wp\/v2\/users\/5"}],"replies":[{"embeddable":true,"href":"https:\/\/www.rheinland-pfalz-saarland.freidenker.org\/cms\/index.php?rest_route=%2Fwp%2Fv2%2Fcomments&post=4028"}],"version-history":[{"count":22,"href":"https:\/\/www.rheinland-pfalz-saarland.freidenker.org\/cms\/index.php?rest_route=\/wp\/v2\/posts\/4028\/revisions"}],"predecessor-version":[{"id":4217,"href":"https:\/\/www.rheinland-pfalz-saarland.freidenker.org\/cms\/index.php?rest_route=\/wp\/v2\/posts\/4028\/revisions\/4217"}],"wp:attachment":[{"href":"https:\/\/www.rheinland-pfalz-saarland.freidenker.org\/cms\/index.php?rest_route=%2Fwp%2Fv2%2Fmedia&parent=4028"}],"wp:term":[{"taxonomy":"category","embeddable":true,"href":"https:\/\/www.rheinland-pfalz-saarland.freidenker.org\/cms\/index.php?rest_route=%2Fwp%2Fv2%2Fcategories&post=4028"},{"taxonomy":"post_tag","embeddable":true,"href":"https:\/\/www.rheinland-pfalz-saarland.freidenker.org\/cms\/index.php?rest_route=%2Fwp%2Fv2%2Ftags&post=4028"}],"curies":[{"name":"wp","href":"https:\/\/api.w.org\/{rel}","templated":true}]}}