{"id":3999,"date":"2025-06-25T00:04:45","date_gmt":"2025-06-24T22:04:45","guid":{"rendered":"https:\/\/www.rheinland-pfalz-saarland.freidenker.org\/cms\/?p=3999"},"modified":"2025-12-07T17:08:13","modified_gmt":"2025-12-07T16:08:13","slug":"10-jahre-stopp-air-base-ramstein-mit-demo-am-28-juni-in-kaiserslautern","status":"publish","type":"post","link":"https:\/\/www.rheinland-pfalz-saarland.freidenker.org\/cms\/?p=3999","title":{"rendered":"10 Jahre \u201eStopp Air Base Ramstein\u201c mit Demo am 28. Juni 2025 in Kaiserslautern"},"content":{"rendered":"<p><em><strong>Red.<\/strong><\/em><\/p>\n<p class=\"wp-block-heading\">Die Kampagne<a href=\"https:\/\/www.stoppramstein.de\/\" target=\"_blank\" rel=\"noopener\"><strong> Stopp Air Base Ramstein<\/strong><\/a> ist seit 2015 aktiv f\u00fcr den Frieden und feiert dieses Jahr sein <strong>zehnj\u00e4hriges Bestehen<\/strong>.<\/p>\n<p class=\"wp-block-heading\">Die <strong>10. Friedenswoche 2025<\/strong>\u00a0hat schon begonnen und<strong> setzt klare Zeichen gegen Militarisierung. <\/strong><\/p>\n<p><img data-recalc-dims=\"1\" loading=\"lazy\" decoding=\"async\" data-attachment-id=\"4011\" data-permalink=\"https:\/\/www.rheinland-pfalz-saarland.freidenker.org\/cms\/?attachment_id=4011\" data-orig-file=\"https:\/\/i0.wp.com\/www.rheinland-pfalz-saarland.freidenker.org\/cms\/wp-content\/uploads\/2025\/06\/Stopp-Ramstein-4.jpg?fit=1420%2C434&amp;ssl=1\" data-orig-size=\"1420,434\" data-comments-opened=\"0\" data-image-meta=\"{&quot;aperture&quot;:&quot;0&quot;,&quot;credit&quot;:&quot;&quot;,&quot;camera&quot;:&quot;&quot;,&quot;caption&quot;:&quot;&quot;,&quot;created_timestamp&quot;:&quot;0&quot;,&quot;copyright&quot;:&quot;&quot;,&quot;focal_length&quot;:&quot;0&quot;,&quot;iso&quot;:&quot;0&quot;,&quot;shutter_speed&quot;:&quot;0&quot;,&quot;title&quot;:&quot;&quot;,&quot;orientation&quot;:&quot;0&quot;}\" data-image-title=\"Stopp Ramstein 4\" data-image-description=\"\" data-image-caption=\"\" data-medium-file=\"https:\/\/i0.wp.com\/www.rheinland-pfalz-saarland.freidenker.org\/cms\/wp-content\/uploads\/2025\/06\/Stopp-Ramstein-4.jpg?fit=300%2C92&amp;ssl=1\" data-large-file=\"https:\/\/i0.wp.com\/www.rheinland-pfalz-saarland.freidenker.org\/cms\/wp-content\/uploads\/2025\/06\/Stopp-Ramstein-4.jpg?fit=495%2C151&amp;ssl=1\" class=\"alignnone wp-image-4011\" src=\"https:\/\/i0.wp.com\/www.rheinland-pfalz-saarland.freidenker.org\/cms\/wp-content\/uploads\/2025\/06\/Stopp-Ramstein-4.jpg?resize=495%2C151&#038;ssl=1\" alt=\"\" width=\"495\" height=\"151\" srcset=\"https:\/\/i0.wp.com\/www.rheinland-pfalz-saarland.freidenker.org\/cms\/wp-content\/uploads\/2025\/06\/Stopp-Ramstein-4.jpg?w=1420&amp;ssl=1 1420w, https:\/\/i0.wp.com\/www.rheinland-pfalz-saarland.freidenker.org\/cms\/wp-content\/uploads\/2025\/06\/Stopp-Ramstein-4.jpg?resize=300%2C92&amp;ssl=1 300w, https:\/\/i0.wp.com\/www.rheinland-pfalz-saarland.freidenker.org\/cms\/wp-content\/uploads\/2025\/06\/Stopp-Ramstein-4.jpg?resize=1024%2C313&amp;ssl=1 1024w, https:\/\/i0.wp.com\/www.rheinland-pfalz-saarland.freidenker.org\/cms\/wp-content\/uploads\/2025\/06\/Stopp-Ramstein-4.jpg?resize=768%2C235&amp;ssl=1 768w\" sizes=\"auto, (max-width: 495px) 100vw, 495px\" \/><\/p>\n<h3 class=\"wp-block-heading\">Die Welt steht an einem kritischen Punkt. <strong>Deshalb ist ihr Anliegen ist dringlicher denn je:<\/strong><\/h3>\n<p style=\"padding-left: 40px;\">Die <strong>Air Base Ramstein<\/strong> bleibt ein zentraler Knotenpunkt f\u00fcr globale Kriegsf\u00fchrung, Drohneneins\u00e4tze und milit\u00e4rische Logistik. Gleichzeitig droht mit dem geplanten Biolabor eine weitere gef\u00e4hrliche Eskalation.<\/p>\n<h4 style=\"padding-left: 40px;\"><strong>Fakten zur Air Base Ramstein:<\/strong><\/h4>\n<ul>\n<li style=\"list-style-type: none;\">\n<ul class=\"wp-block-list\">\n<li>Gr\u00f6\u00dfter US-Milit\u00e4rst\u00fctzpunkt au\u00dferhalb der USA<\/li>\n<li>Steuerungszentrum f\u00fcr v\u00f6lkerrechtswidrige Drohneneins\u00e4tze<\/li>\n<li>Geplanter Standort f\u00fcr milit\u00e4rische Biowaffenforschung<\/li>\n<li>Zentrale Drehscheibe f\u00fcr NATO-Kriegslogistik<\/li>\n<\/ul>\n<\/li>\n<\/ul>\n<h4 style=\"padding-left: 40px;\"><strong>Unsere konkreten Forderungen:<\/strong><\/h4>\n<ul>\n<li style=\"list-style-type: none;\">\n<ul class=\"wp-block-list\">\n<li>Sofortige Schlie\u00dfung der Air Base Ramstein<\/li>\n<li>Keine Biowaffenforschung<\/li>\n<li>Stopp der milit\u00e4rischen Aufr\u00fcstung<\/li>\n<li>Umwidmung milit\u00e4rischer Infrastruktur f\u00fcr zivile Zwecke<\/li>\n<\/ul>\n<\/li>\n<\/ul>\n<p><a href=\"https:\/\/www.stoppramstein.de\/\" target=\"_blank\" rel=\"noopener\"><img data-recalc-dims=\"1\" loading=\"lazy\" decoding=\"async\" data-attachment-id=\"4010\" data-permalink=\"https:\/\/www.rheinland-pfalz-saarland.freidenker.org\/cms\/?attachment_id=4010\" data-orig-file=\"https:\/\/i0.wp.com\/www.rheinland-pfalz-saarland.freidenker.org\/cms\/wp-content\/uploads\/2025\/06\/Stopp-Ramstein-3.jpg?fit=750%2C323&amp;ssl=1\" data-orig-size=\"750,323\" data-comments-opened=\"0\" data-image-meta=\"{&quot;aperture&quot;:&quot;0&quot;,&quot;credit&quot;:&quot;&quot;,&quot;camera&quot;:&quot;&quot;,&quot;caption&quot;:&quot;&quot;,&quot;created_timestamp&quot;:&quot;0&quot;,&quot;copyright&quot;:&quot;&quot;,&quot;focal_length&quot;:&quot;0&quot;,&quot;iso&quot;:&quot;0&quot;,&quot;shutter_speed&quot;:&quot;0&quot;,&quot;title&quot;:&quot;&quot;,&quot;orientation&quot;:&quot;0&quot;}\" data-image-title=\"Stopp Ramstein 3\" data-image-description=\"\" data-image-caption=\"\" data-medium-file=\"https:\/\/i0.wp.com\/www.rheinland-pfalz-saarland.freidenker.org\/cms\/wp-content\/uploads\/2025\/06\/Stopp-Ramstein-3.jpg?fit=300%2C129&amp;ssl=1\" data-large-file=\"https:\/\/i0.wp.com\/www.rheinland-pfalz-saarland.freidenker.org\/cms\/wp-content\/uploads\/2025\/06\/Stopp-Ramstein-3.jpg?fit=495%2C213&amp;ssl=1\" class=\"alignnone wp-image-4010\" title=\"zu Kampagne &quot;Stopp Airbase Ramstein&quot;\" src=\"https:\/\/i0.wp.com\/www.rheinland-pfalz-saarland.freidenker.org\/cms\/wp-content\/uploads\/2025\/06\/Stopp-Ramstein-3.jpg?resize=495%2C213&#038;ssl=1\" alt=\"Stopp Airbase Ramstein\" width=\"495\" height=\"213\" srcset=\"https:\/\/i0.wp.com\/www.rheinland-pfalz-saarland.freidenker.org\/cms\/wp-content\/uploads\/2025\/06\/Stopp-Ramstein-3.jpg?w=750&amp;ssl=1 750w, https:\/\/i0.wp.com\/www.rheinland-pfalz-saarland.freidenker.org\/cms\/wp-content\/uploads\/2025\/06\/Stopp-Ramstein-3.jpg?resize=300%2C129&amp;ssl=1 300w\" sizes=\"auto, (max-width: 495px) 100vw, 495px\" \/><\/a><\/p>\n<blockquote>\n<h2><a href=\"https:\/\/www.stoppramstein.de\/event\/\" target=\"_blank\" rel=\"noopener\">Friedenswoche 2025:<\/a><\/h2>\n<\/blockquote>\n<div class=\"elementor-element elementor-element-87cb92a elementor-grid-1 elementor-posts--thumbnail-none elementor-posts--align-center elementor-widget__width-initial elementor-absolute elementor-hidden-mobile elementor-grid-tablet-1 elementor-grid-mobile-1 elementor-widget elementor-widget-posts\" data-id=\"87cb92a\" data-element_type=\"widget\" data-settings=\"{&quot;classic_columns&quot;:&quot;1&quot;,&quot;classic_row_gap&quot;:{&quot;unit&quot;:&quot;px&quot;,&quot;size&quot;:11,&quot;sizes&quot;:[]},&quot;_position&quot;:&quot;absolute&quot;,&quot;classic_columns_tablet&quot;:&quot;1&quot;,&quot;classic_columns_mobile&quot;:&quot;1&quot;,&quot;classic_row_gap_tablet&quot;:{&quot;unit&quot;:&quot;px&quot;,&quot;size&quot;:&quot;&quot;,&quot;sizes&quot;:[]},&quot;classic_row_gap_mobile&quot;:{&quot;unit&quot;:&quot;px&quot;,&quot;size&quot;:&quot;&quot;,&quot;sizes&quot;:[]}}\" data-widget_type=\"posts.classic\">\n<div class=\"elementor-widget-container\">\n<div class=\"elementor-posts-container elementor-posts elementor-posts--skin-classic elementor-grid\">\n<blockquote>\n<article class=\"elementor-post elementor-grid-item post-11939 tribe_events type-tribe_events status-publish hentry tribe_events_cat-friedenswoche-2025 cat_friedenswoche-2025\">\n<div class=\"elementor-post__text\">\n<ul>\n<li class=\"elementor-post__title\">\n<h4><a href=\"https:\/\/www.stoppramstein.de\/event\/23-27-juni-friedenswerkstatt\/\"> 23. \u2013 27. Juni : Friedenswerkstatt <\/a><\/h4>\n<\/li>\n<\/ul>\n<\/div>\n<\/article>\n<article class=\"elementor-post elementor-grid-item post-11937 tribe_events type-tribe_events status-publish has-post-thumbnail hentry tribe_events_cat-friedenswoche-2025 cat_friedenswoche-2025\">\n<div class=\"elementor-post__text\">\n<ul>\n<li class=\"elementor-post__title\">\n<h4><a href=\"https:\/\/www.stoppramstein.de\/event\/22-29-juni-friedenscamp\/\"> 22. \u2013 29. Juni : Friedenscamp <\/a><\/h4>\n<\/li>\n<\/ul>\n<\/div>\n<\/article>\n<\/blockquote>\n<article class=\"elementor-post elementor-grid-item post-11975 tribe_events type-tribe_events status-publish hentry tribe_events_cat-friedenswoche-2025 cat_friedenswoche-2025\">\n<div class=\"elementor-post__text\">\n<blockquote>\n<ul>\n<li class=\"elementor-post__title\">\n<h4><a href=\"https:\/\/www.stoppramstein.de\/event\/28-juni-demonstration-in-kaiserslautern\/\">28. Juni: Demonstration in Kaiserslautern <\/a><\/h4>\n<\/li>\n<\/ul>\n<h4 style=\"padding-left: 40px;\">(<strong>Die Freidenker sind am Samstag bei der Demo in Kaiserslautern mit einem Infotisch vertreten)<\/strong><\/h4>\n<p>&nbsp;<\/p><\/blockquote>\n<\/div>\n<\/article>\n<\/div>\n<\/div>\n<\/div>\n<p><img data-recalc-dims=\"1\" loading=\"lazy\" decoding=\"async\" data-attachment-id=\"4008\" data-permalink=\"https:\/\/www.rheinland-pfalz-saarland.freidenker.org\/cms\/?attachment_id=4008\" data-orig-file=\"https:\/\/i0.wp.com\/www.rheinland-pfalz-saarland.freidenker.org\/cms\/wp-content\/uploads\/2025\/06\/Stopp-Ramstein-1.jpg?fit=792%2C348&amp;ssl=1\" data-orig-size=\"792,348\" data-comments-opened=\"0\" data-image-meta=\"{&quot;aperture&quot;:&quot;0&quot;,&quot;credit&quot;:&quot;&quot;,&quot;camera&quot;:&quot;&quot;,&quot;caption&quot;:&quot;&quot;,&quot;created_timestamp&quot;:&quot;0&quot;,&quot;copyright&quot;:&quot;&quot;,&quot;focal_length&quot;:&quot;0&quot;,&quot;iso&quot;:&quot;0&quot;,&quot;shutter_speed&quot;:&quot;0&quot;,&quot;title&quot;:&quot;&quot;,&quot;orientation&quot;:&quot;0&quot;}\" data-image-title=\"Stopp Ramstein 1\" data-image-description=\"\" data-image-caption=\"\" data-medium-file=\"https:\/\/i0.wp.com\/www.rheinland-pfalz-saarland.freidenker.org\/cms\/wp-content\/uploads\/2025\/06\/Stopp-Ramstein-1.jpg?fit=300%2C132&amp;ssl=1\" data-large-file=\"https:\/\/i0.wp.com\/www.rheinland-pfalz-saarland.freidenker.org\/cms\/wp-content\/uploads\/2025\/06\/Stopp-Ramstein-1.jpg?fit=495%2C218&amp;ssl=1\" class=\"alignnone wp-image-4008\" src=\"https:\/\/i0.wp.com\/www.rheinland-pfalz-saarland.freidenker.org\/cms\/wp-content\/uploads\/2025\/06\/Stopp-Ramstein-1.jpg?resize=495%2C218&#038;ssl=1\" alt=\"\" width=\"495\" height=\"218\" srcset=\"https:\/\/i0.wp.com\/www.rheinland-pfalz-saarland.freidenker.org\/cms\/wp-content\/uploads\/2025\/06\/Stopp-Ramstein-1.jpg?w=792&amp;ssl=1 792w, https:\/\/i0.wp.com\/www.rheinland-pfalz-saarland.freidenker.org\/cms\/wp-content\/uploads\/2025\/06\/Stopp-Ramstein-1.jpg?resize=300%2C132&amp;ssl=1 300w, https:\/\/i0.wp.com\/www.rheinland-pfalz-saarland.freidenker.org\/cms\/wp-content\/uploads\/2025\/06\/Stopp-Ramstein-1.jpg?resize=768%2C337&amp;ssl=1 768w\" sizes=\"auto, (max-width: 495px) 100vw, 495px\" \/><\/p>\n<h2>Ablauf der Demonstration am Samstag, den 28. Juni in Kaiserslautern<\/h2>\n<div id=\"post-11975\" class=\"post-11975 tribe_events type-tribe_events status-publish hentry tribe_events_cat-friedenswoche-2025 cat_friedenswoche-2025\">\n<div class=\"tribe-events-single-event-description tribe-events-content\">\n<div id=\"meta-origin\" data-coolorigin=\"https%3A%2F%2Fcloud.stoppramstein.de%2Fapps%2Frichdocumentscode%2Fproxy.php%3Freq%3D%2Fcool%2Fclipboard%3FWOPISrc%3Dhttps%253A%252F%252Fcloud.stoppramstein.de%252Findex.php%252Fapps%252Frichdocuments%252Fwopi%252Ffiles%252F10116_b598c54522c6c%26ServerId%3D278abdf0%26ViewId%3D4%26Tag%3D539deb0770867c9d\">\n<div id=\"meta-origin\" data-coolorigin=\"https%3A%2F%2Fcloud.stoppramstein.de%2Fapps%2Frichdocumentscode%2Fproxy.php%3Freq%3D%2Fcool%2Fclipboard%3FWOPISrc%3Dhttps%253A%252F%252Fcloud.stoppramstein.de%252Findex.php%252Fapps%252Frichdocuments%252Fwopi%252Ffiles%252F10116_b598c54522c6c%26ServerId%3D278abdf0%26ViewId%3D4%26Tag%3D539deb0770867c9d\">\n<h4><b>Beginn 12:00 Uhr Kaiserslautern Hbf<\/b><\/h4>\n<p style=\"padding-left: 40px;\">12:00 Uhr bis 13:00 Uhr \u2013 Eintreffen der Teilnehmer und Begr\u00fc\u00dfung\/Er\u00f6ffnung. Redebeitr\u00e4ge und Musikbeitr\u00e4ge.<\/p>\n<p style=\"padding-left: 40px;\">Mobilisierungsaufruf 2025: <em>Einladung zur Reisegruppe Weltfrieden<\/em><\/p>\n<h4>13:00 Uhr bis ca. 15.30 Uhr \u2013 Demonstrationszug<\/h4>\n<h4>16:00 Uhr Aufl\u00f6sung der Veranstaltung und Verabschiedung.<\/h4>\n<p><img data-recalc-dims=\"1\" loading=\"lazy\" decoding=\"async\" data-attachment-id=\"4009\" data-permalink=\"https:\/\/www.rheinland-pfalz-saarland.freidenker.org\/cms\/?attachment_id=4009\" data-orig-file=\"https:\/\/i0.wp.com\/www.rheinland-pfalz-saarland.freidenker.org\/cms\/wp-content\/uploads\/2025\/06\/Stopp-Ramstein-2.jpg?fit=801%2C350&amp;ssl=1\" data-orig-size=\"801,350\" data-comments-opened=\"0\" data-image-meta=\"{&quot;aperture&quot;:&quot;0&quot;,&quot;credit&quot;:&quot;&quot;,&quot;camera&quot;:&quot;&quot;,&quot;caption&quot;:&quot;&quot;,&quot;created_timestamp&quot;:&quot;0&quot;,&quot;copyright&quot;:&quot;&quot;,&quot;focal_length&quot;:&quot;0&quot;,&quot;iso&quot;:&quot;0&quot;,&quot;shutter_speed&quot;:&quot;0&quot;,&quot;title&quot;:&quot;&quot;,&quot;orientation&quot;:&quot;0&quot;}\" data-image-title=\"Stopp Ramstein 2\" data-image-description=\"\" data-image-caption=\"\" data-medium-file=\"https:\/\/i0.wp.com\/www.rheinland-pfalz-saarland.freidenker.org\/cms\/wp-content\/uploads\/2025\/06\/Stopp-Ramstein-2.jpg?fit=300%2C131&amp;ssl=1\" data-large-file=\"https:\/\/i0.wp.com\/www.rheinland-pfalz-saarland.freidenker.org\/cms\/wp-content\/uploads\/2025\/06\/Stopp-Ramstein-2.jpg?fit=495%2C216&amp;ssl=1\" class=\"alignnone wp-image-4009\" src=\"https:\/\/i0.wp.com\/www.rheinland-pfalz-saarland.freidenker.org\/cms\/wp-content\/uploads\/2025\/06\/Stopp-Ramstein-2.jpg?resize=495%2C216&#038;ssl=1\" alt=\"\" width=\"495\" height=\"216\" srcset=\"https:\/\/i0.wp.com\/www.rheinland-pfalz-saarland.freidenker.org\/cms\/wp-content\/uploads\/2025\/06\/Stopp-Ramstein-2.jpg?w=801&amp;ssl=1 801w, https:\/\/i0.wp.com\/www.rheinland-pfalz-saarland.freidenker.org\/cms\/wp-content\/uploads\/2025\/06\/Stopp-Ramstein-2.jpg?resize=300%2C131&amp;ssl=1 300w, https:\/\/i0.wp.com\/www.rheinland-pfalz-saarland.freidenker.org\/cms\/wp-content\/uploads\/2025\/06\/Stopp-Ramstein-2.jpg?resize=768%2C336&amp;ssl=1 768w\" sizes=\"auto, (max-width: 495px) 100vw, 495px\" \/><\/p>\n<p style=\"padding-left: 40px;\"><strong>Zeigt Pr\u00e4senz!<\/strong><\/p>\n<p style=\"padding-left: 80px;\">Die Demonstration ist angemeldet und wird von einem breiten B\u00fcndnis getragen. Jede Stimme z\u00e4hlt im Einsatz f\u00fcr eine friedliche Zukunft ohne Milit\u00e4rbasen.<\/p>\n<p style=\"padding-left: 80px;\">Statt uns von Kriegs\u00e4ngsten l\u00e4hmen zu lassen, wollen wir gemeinsam eine neue Perspektive entwickeln: Frieden als aktive Geisteshaltung erleben und weitertragen.<\/p>\n<p style=\"padding-left: 40px;\"><strong>Unsere Form des Widerstands:<\/strong><\/p>\n<p style=\"padding-left: 80px;\">W\u00e4hrend zu Hass und Krieg aufgerufen wird, w\u00e4hlen wir bewusst den Weg der Liebe und des Friedens. Unser Widerstand ist kreativ, lebendig und von Herzen kommend. Wir begegnen der Spirale der Gewalt mit der Kraft positiver Ver\u00e4nderung.<\/p>\n<div id=\"meta-origin\" style=\"padding-left: 40px;\" data-coolorigin=\"https%3A%2F%2Fcloud.stoppramstein.de%2Fapps%2Frichdocumentscode%2Fproxy.php%3Freq%3D%2Fcool%2Fclipboard%3FWOPISrc%3Dhttps%253A%252F%252Fcloud.stoppramstein.de%252Findex.php%252Fapps%252Frichdocuments%252Fwopi%252Ffiles%252F10116_b598c54522c6c%26ServerId%3D278abdf0%26ViewId%3D4%26Tag%3D0aa333bb57b2e35e\">\n<p><strong>Unsere Vision:<\/strong>\u00a0<strong>Friedensstifter statt Kriegstreiber<\/strong><\/p>\n<p style=\"padding-left: 40px;\">Frieden beginnt in jedem von uns. Mit Theater, Musik und Begegnungen wollen wir diese innere Haltung st\u00e4rken und teilen. Jeder Reisende wird zum Botschafter des Friedens \u2013 in der Familie, am Arbeitsplatz, im eigenen Umfeld.<\/p>\n<p><strong>Die Reise endet nie:<\/strong><\/p>\n<div class=\"moz-forward-container\" style=\"padding-left: 40px;\">Nach dem Demozug durch Kaiserslautern\u00a0<strong>geht die Friedensreise, mit \u00f6ffentlichen Verkehrsmitteln oder Fahrgemeinschaften, zur\u00fcck Richtung Ramstein\/Steinwenden zur Abschlussveranstaltung im Friedenscamp<\/strong> und dar\u00fcber hinaus. Denn nach unserem gemeinsamen Tag tragt ihr den Frieden in eure Welt. Wahre Ver\u00e4nderung beginnt im Herzen und w\u00e4chst durch positive Geisteshaltung.<\/div>\n<p style=\"text-align: right;\"><em>Eure Reisegruppe Weltfrieden<br \/>\nKampagne Stopp Air Base Ramstein<\/em><\/p>\n<\/div>\n<p>&nbsp;<\/p>\n<blockquote><p><strong><em>\u201eFriede ist nicht Abwesenheit von Krieg. Friede ist eine Tugend, eine Geisteshaltung, eine Neigung zu G\u00fcte, Vertrauen, Gerechtigkeit.\u201c<\/em><\/strong><\/p>\n<p style=\"text-align: right;\">Spinoza<\/p>\n<\/blockquote>\n<\/div>\n<div id=\"attachment_4007\" style=\"width: 505px\" class=\"wp-caption alignnone\"><a href=\"https:\/\/i0.wp.com\/www.rheinland-pfalz-saarland.freidenker.org\/cms\/wp-content\/uploads\/2025\/06\/Ramstein-2015-Lucas-Wirl-CC-BY-NC-2.0-scaled.jpg?ssl=1\" target=\"_blank\" rel=\"noopener\"><img data-recalc-dims=\"1\" loading=\"lazy\" decoding=\"async\" aria-describedby=\"caption-attachment-4007\" data-attachment-id=\"4007\" data-permalink=\"https:\/\/www.rheinland-pfalz-saarland.freidenker.org\/cms\/?attachment_id=4007\" data-orig-file=\"https:\/\/i0.wp.com\/www.rheinland-pfalz-saarland.freidenker.org\/cms\/wp-content\/uploads\/2025\/06\/Ramstein-2015-Lucas-Wirl-CC-BY-NC-2.0-scaled.jpg?fit=2560%2C1707&amp;ssl=1\" data-orig-size=\"2560,1707\" data-comments-opened=\"0\" data-image-meta=\"{&quot;aperture&quot;:&quot;7.1&quot;,&quot;credit&quot;:&quot;&quot;,&quot;camera&quot;:&quot;Canon EOS 500D&quot;,&quot;caption&quot;:&quot;&quot;,&quot;created_timestamp&quot;:&quot;1443283240&quot;,&quot;copyright&quot;:&quot;&quot;,&quot;focal_length&quot;:&quot;18&quot;,&quot;iso&quot;:&quot;100&quot;,&quot;shutter_speed&quot;:&quot;0.008&quot;,&quot;title&quot;:&quot;&quot;,&quot;orientation&quot;:&quot;1&quot;}\" data-image-title=\"Ramstein 2015 Lucas Wirl, CC BY-NC 2.0\" data-image-description=\"\" data-image-caption=\"\" data-medium-file=\"https:\/\/i0.wp.com\/www.rheinland-pfalz-saarland.freidenker.org\/cms\/wp-content\/uploads\/2025\/06\/Ramstein-2015-Lucas-Wirl-CC-BY-NC-2.0-scaled.jpg?fit=300%2C200&amp;ssl=1\" data-large-file=\"https:\/\/i0.wp.com\/www.rheinland-pfalz-saarland.freidenker.org\/cms\/wp-content\/uploads\/2025\/06\/Ramstein-2015-Lucas-Wirl-CC-BY-NC-2.0-scaled.jpg?fit=417%2C278&amp;ssl=1\" class=\"wp-image-4007\" src=\"https:\/\/i0.wp.com\/www.rheinland-pfalz-saarland.freidenker.org\/cms\/wp-content\/uploads\/2025\/06\/Ramstein-2015-Lucas-Wirl-CC-BY-NC-2.0-scaled.jpg?resize=495%2C330&#038;ssl=1\" alt=\"Ramstein 2015, Lucas Wirl, CC BY-NC 2.0\" width=\"495\" height=\"330\" srcset=\"https:\/\/i0.wp.com\/www.rheinland-pfalz-saarland.freidenker.org\/cms\/wp-content\/uploads\/2025\/06\/Ramstein-2015-Lucas-Wirl-CC-BY-NC-2.0-scaled.jpg?w=2560&amp;ssl=1 2560w, https:\/\/i0.wp.com\/www.rheinland-pfalz-saarland.freidenker.org\/cms\/wp-content\/uploads\/2025\/06\/Ramstein-2015-Lucas-Wirl-CC-BY-NC-2.0-scaled.jpg?resize=300%2C200&amp;ssl=1 300w, https:\/\/i0.wp.com\/www.rheinland-pfalz-saarland.freidenker.org\/cms\/wp-content\/uploads\/2025\/06\/Ramstein-2015-Lucas-Wirl-CC-BY-NC-2.0-scaled.jpg?resize=1024%2C683&amp;ssl=1 1024w, https:\/\/i0.wp.com\/www.rheinland-pfalz-saarland.freidenker.org\/cms\/wp-content\/uploads\/2025\/06\/Ramstein-2015-Lucas-Wirl-CC-BY-NC-2.0-scaled.jpg?resize=768%2C512&amp;ssl=1 768w, https:\/\/i0.wp.com\/www.rheinland-pfalz-saarland.freidenker.org\/cms\/wp-content\/uploads\/2025\/06\/Ramstein-2015-Lucas-Wirl-CC-BY-NC-2.0-scaled.jpg?resize=1536%2C1024&amp;ssl=1 1536w, https:\/\/i0.wp.com\/www.rheinland-pfalz-saarland.freidenker.org\/cms\/wp-content\/uploads\/2025\/06\/Ramstein-2015-Lucas-Wirl-CC-BY-NC-2.0-scaled.jpg?resize=2048%2C1365&amp;ssl=1 2048w\" sizes=\"auto, (max-width: 495px) 100vw, 495px\" \/><\/a><p id=\"caption-attachment-4007\" class=\"wp-caption-text\">&#8222;historische&#8220; Demo in Ramstein 2015<\/p><\/div>\n<p>&nbsp;<\/p>\n<h3><strong>Siehe auch:<\/strong><\/h3>\n<h4 class=\"beitrags-titel\" style=\"padding-left: 40px;\"><a href=\"https:\/\/www.rheinland-pfalz-saarland.freidenker.org\/cms\/?p=1512\" target=\"_blank\" rel=\"noopener\"><strong>Aufruf zur Teilnahme an der Friedenswoche \u201eStopp Air Base Ramstein 2024\u201c vom 16.-23. Juni 2004<\/strong><\/a><\/h4>\n<h4 style=\"padding-left: 40px;\"><a href=\"https:\/\/www.rheinland-pfalz-saarland.freidenker.org\/cms\/?p=1334\" target=\"_blank\" rel=\"noopener\"><strong>Karl-Heinz Peil: \u201eMilit\u00e4rische Einrichtungen in unserer Nachbarschaft\u201c<\/strong><\/a> (Video vom Vortrag mit Diskussion im Juni 2024 in Idar-Oberstein)<\/h4>\n<h4 style=\"padding-left: 40px;\"><strong>Ramstein &#8211; Das letzte Gefecht <\/strong>(Ein <a href=\"https:\/\/nuoflix.de\/ramstein--das-letzte-gefecht\" target=\"_blank\" rel=\"noopener\"><strong>Nuoviso-Film<\/strong><\/a> von <strong>Norbert Fleischer <\/strong>aus dem Jahr 2017):<\/h4>\n<div class=\"beitrags-info\" style=\"padding-left: 40px;\"><iframe loading=\"lazy\" title=\"YouTube video player\" src=\"https:\/\/www.youtube.com\/embed\/GyCBz6XNqP0?si=WRmzBh84RhrQawYV\" width=\"450\" height=\"253\" frameborder=\"0\" allowfullscreen=\"allowfullscreen\"><span style=\"display: inline-block; width: 0px; overflow: hidden; line-height: 0;\" data-mce-type=\"bookmark\" class=\"mce_SELRES_start\">\ufeff<\/span><span style=\"display: inline-block; width: 0px; overflow: hidden; line-height: 0;\" data-mce-type=\"bookmark\" class=\"mce_SELRES_start\">\ufeff<\/span><\/iframe><\/div>\n<div><\/div>\n<p>&nbsp;<\/p>\n<hr \/>\n<h6>Bild(er): <a href=\"https:\/\/www.stoppramstein.de\/\" target=\"_blank\" rel=\"noopener\"><strong>Stopp Air Base Ramstein<\/strong><\/a>; Ramstein 2015 Lucas Wirl, CC BY-NC 2.0<\/h6>\n<p>&nbsp;<\/p>\n<\/div>\n<\/div>\n<\/div>\n","protected":false},"excerpt":{"rendered":"<p>Red. Die Kampagne Stopp Air Base Ramstein ist seit 2015 aktiv f\u00fcr den Frieden und feiert dieses Jahr sein zehnj\u00e4hriges Bestehen. Die 10. Friedenswoche 2025\u00a0hat schon begonnen und setzt klare Zeichen gegen Militarisierung. Die Welt steht an einem kritischen Punkt. Deshalb ist ihr Anliegen ist dringlicher denn je: Die Air Base Ramstein bleibt ein zentraler [&hellip;]<\/p>\n","protected":false},"author":5,"featured_media":0,"comment_status":"closed","ping_status":"open","sticky":false,"template":"","format":"standard","meta":{"jetpack_post_was_ever_published":false,"_jetpack_newsletter_access":"","_jetpack_dont_email_post_to_subs":false,"_jetpack_newsletter_tier_id":0,"_jetpack_memberships_contains_paywalled_content":false,"_jetpack_memberships_contains_paid_content":false,"footnotes":""},"categories":[1,10],"tags":[],"class_list":["post-3999","post","type-post","status-publish","format-standard","hentry","category-allgemein","category-termine-veranstaltungen"],"jetpack_featured_media_url":"","jetpack_shortlink":"https:\/\/wp.me\/p4d9vn-12v","jetpack_sharing_enabled":true,"_links":{"self":[{"href":"https:\/\/www.rheinland-pfalz-saarland.freidenker.org\/cms\/index.php?rest_route=\/wp\/v2\/posts\/3999","targetHints":{"allow":["GET"]}}],"collection":[{"href":"https:\/\/www.rheinland-pfalz-saarland.freidenker.org\/cms\/index.php?rest_route=\/wp\/v2\/posts"}],"about":[{"href":"https:\/\/www.rheinland-pfalz-saarland.freidenker.org\/cms\/index.php?rest_route=\/wp\/v2\/types\/post"}],"author":[{"embeddable":true,"href":"https:\/\/www.rheinland-pfalz-saarland.freidenker.org\/cms\/index.php?rest_route=\/wp\/v2\/users\/5"}],"replies":[{"embeddable":true,"href":"https:\/\/www.rheinland-pfalz-saarland.freidenker.org\/cms\/index.php?rest_route=%2Fwp%2Fv2%2Fcomments&post=3999"}],"version-history":[{"count":8,"href":"https:\/\/www.rheinland-pfalz-saarland.freidenker.org\/cms\/index.php?rest_route=\/wp\/v2\/posts\/3999\/revisions"}],"predecessor-version":[{"id":4020,"href":"https:\/\/www.rheinland-pfalz-saarland.freidenker.org\/cms\/index.php?rest_route=\/wp\/v2\/posts\/3999\/revisions\/4020"}],"wp:attachment":[{"href":"https:\/\/www.rheinland-pfalz-saarland.freidenker.org\/cms\/index.php?rest_route=%2Fwp%2Fv2%2Fmedia&parent=3999"}],"wp:term":[{"taxonomy":"category","embeddable":true,"href":"https:\/\/www.rheinland-pfalz-saarland.freidenker.org\/cms\/index.php?rest_route=%2Fwp%2Fv2%2Fcategories&post=3999"},{"taxonomy":"post_tag","embeddable":true,"href":"https:\/\/www.rheinland-pfalz-saarland.freidenker.org\/cms\/index.php?rest_route=%2Fwp%2Fv2%2Ftags&post=3999"}],"curies":[{"name":"wp","href":"https:\/\/api.w.org\/{rel}","templated":true}]}}