{"id":376,"date":"2015-04-29T09:53:00","date_gmt":"2015-04-29T07:53:00","guid":{"rendered":"http:\/\/www.rheinland-pfalz-saarland.freidenker.org\/cms\/?p=376"},"modified":"2024-08-30T09:56:44","modified_gmt":"2024-08-30T07:56:44","slug":"termine-und-veranstaltungen-mai-juni-2015","status":"publish","type":"post","link":"https:\/\/www.rheinland-pfalz-saarland.freidenker.org\/cms\/?p=376","title":{"rendered":"Termine und Veranstaltungen Mai, Juni 2015"},"content":{"rendered":"<p>Fliegerhorst B\u00fcchel &#8211; vermutlich der einzig verbliebene Atomwaffenstandort in Deutschland<\/p>\n<p>Der Luftwaffenst\u00fctzpunkt (Bundeswehr-Fliegerhorst) bei B\u00fcchel ist seit 2004\u00a0vermutlich der einzige Milit\u00e4rstandort auf deutschem Boden, in dem Atomwaffen stationiert sind. Diese befinden sich im Besitz der USA. Der kleine Ort B\u00fcchel liegt in der S\u00fcdeifel zwischen Koblenz und Trier, 13 km n\u00f6rdlich der als\u00a0Tourist_innen-Hochburg bekannten Stadt Cochem an der Mosel.<\/p>\n<p>Seit 26. M\u00e4rz bis 29. Mai, 65 Tage gewaltfreie Blockaden, seitdem finden t\u00e4glich Blockaden des Atomwaffenlagers statt. \u00dcber die Blockaden an den Ostermarschtagen wurde auch in regionalen Medien berichtet.\u00a0Am 26. M\u00e4rz 2010 forderte der Deutsche Bundestag mit gro\u00dfer Mehrheit die\u00a0Bundesregierung dazu auf, sich in der NATO und direkt bei den USA f\u00fcr den\u00a0Abzug der letzten noch auf deutschem Boden verbliebenen Atomwaffen einzusetzen. Seitdem ist nichts passiert \u2013 au\u00dfer, dass die A-Waffen gegen die neue\u00a0Generation ausgetauscht wurde.<\/p>\n<p><strong>Das \u201eFriedensNetz Saar\u201c ruft die saarl\u00e4ndischen A-Waffen-Gegner\u00a0auf zur Blockade am 4. Mai!<br \/>\n<\/strong><\/p>\n<p>Gewerkschaft ver.di:<br \/>\n<strong>Bundesweite dezentrale Demonstration am 24. Juni 2015<\/strong><\/p>\n<p>Am 24.\/25. Juni tagt in Bad D\u00fcrkheim die Gesundheitsministerkonferenz der\u00a0L\u00e4nder. Ver.di will dazu die 162.000 Mitglieder zu einer bundesweiten dezentralen Aktion mobilisieren und die Gesundheitsministerkonferenz der L\u00e4nder direkt erreichen: f\u00fcr gesetzliche Personalbemessung und die notwendigen Krankenhausinvestitionen.<\/p>\n<p>Die Aktion findet statt in Bad D\u00fcrkheim und allen Klinikstandorten. ver.di\u00a0k\u00e4mpft seit mehreren Jahren f\u00fcr eine Reform des Gesundheitssystems, das die<br \/>\nsen Begriff verdient: f\u00fcr mehr Personal, f\u00fcr Arbeitsbedingungen, die nicht krank\u00a0machen;\u00a0f\u00fcr ausreichende Finanzierung der Kliniken.<br \/>\n<em>(nach ver.di Newsletter Region Saar-Trier)<\/em><\/p>\n","protected":false},"excerpt":{"rendered":"<p>Fliegerhorst B\u00fcchel &#8211; vermutlich der einzig verbliebene Atomwaffenstandort in Deutschland Der Luftwaffenst\u00fctzpunkt (Bundeswehr-Fliegerhorst) bei B\u00fcchel ist seit 2004\u00a0vermutlich der einzige Milit\u00e4rstandort auf deutschem Boden, in dem Atomwaffen stationiert sind. Diese befinden sich im Besitz der USA. Der kleine Ort B\u00fcchel liegt in der S\u00fcdeifel zwischen Koblenz und Trier, 13 km n\u00f6rdlich der als\u00a0Tourist_innen-Hochburg bekannten Stadt [&hellip;]<\/p>\n","protected":false},"author":2,"featured_media":0,"comment_status":"closed","ping_status":"open","sticky":false,"template":"","format":"standard","meta":{"jetpack_post_was_ever_published":false,"_jetpack_newsletter_access":"","_jetpack_dont_email_post_to_subs":false,"_jetpack_newsletter_tier_id":0,"_jetpack_memberships_contains_paywalled_content":false,"_jetpack_memberships_contains_paid_content":false,"footnotes":""},"categories":[1,10],"tags":[27,28,26,29],"class_list":["post-376","post","type-post","status-publish","format-standard","hentry","category-allgemein","category-termine-veranstaltungen","tag-atomwaffen","tag-freidenker","tag-frieden","tag-friedensnetz-saar"],"jetpack_featured_media_url":"","jetpack_shortlink":"https:\/\/wp.me\/p4d9vn-64","jetpack_sharing_enabled":true,"_links":{"self":[{"href":"https:\/\/www.rheinland-pfalz-saarland.freidenker.org\/cms\/index.php?rest_route=\/wp\/v2\/posts\/376","targetHints":{"allow":["GET"]}}],"collection":[{"href":"https:\/\/www.rheinland-pfalz-saarland.freidenker.org\/cms\/index.php?rest_route=\/wp\/v2\/posts"}],"about":[{"href":"https:\/\/www.rheinland-pfalz-saarland.freidenker.org\/cms\/index.php?rest_route=\/wp\/v2\/types\/post"}],"author":[{"embeddable":true,"href":"https:\/\/www.rheinland-pfalz-saarland.freidenker.org\/cms\/index.php?rest_route=\/wp\/v2\/users\/2"}],"replies":[{"embeddable":true,"href":"https:\/\/www.rheinland-pfalz-saarland.freidenker.org\/cms\/index.php?rest_route=%2Fwp%2Fv2%2Fcomments&post=376"}],"version-history":[{"count":5,"href":"https:\/\/www.rheinland-pfalz-saarland.freidenker.org\/cms\/index.php?rest_route=\/wp\/v2\/posts\/376\/revisions"}],"predecessor-version":[{"id":385,"href":"https:\/\/www.rheinland-pfalz-saarland.freidenker.org\/cms\/index.php?rest_route=\/wp\/v2\/posts\/376\/revisions\/385"}],"wp:attachment":[{"href":"https:\/\/www.rheinland-pfalz-saarland.freidenker.org\/cms\/index.php?rest_route=%2Fwp%2Fv2%2Fmedia&parent=376"}],"wp:term":[{"taxonomy":"category","embeddable":true,"href":"https:\/\/www.rheinland-pfalz-saarland.freidenker.org\/cms\/index.php?rest_route=%2Fwp%2Fv2%2Fcategories&post=376"},{"taxonomy":"post_tag","embeddable":true,"href":"https:\/\/www.rheinland-pfalz-saarland.freidenker.org\/cms\/index.php?rest_route=%2Fwp%2Fv2%2Ftags&post=376"}],"curies":[{"name":"wp","href":"https:\/\/api.w.org\/{rel}","templated":true}]}}