{"id":3688,"date":"2025-06-14T12:13:43","date_gmt":"2025-06-14T10:13:43","guid":{"rendered":"https:\/\/www.rheinland-pfalz-saarland.freidenker.org\/cms\/?p=3688"},"modified":"2025-08-07T19:09:47","modified_gmt":"2025-08-07T17:09:47","slug":"nds-gk-heidelberg-laedt-ein-zur-heidelberger-friedenskonferenz","status":"publish","type":"post","link":"https:\/\/www.rheinland-pfalz-saarland.freidenker.org\/cms\/?p=3688","title":{"rendered":"NDS-GK Heidelberg l\u00e4dt ein zur Heidelberger Friedenskonferenz"},"content":{"rendered":"<h3><img data-recalc-dims=\"1\" loading=\"lazy\" decoding=\"async\" data-attachment-id=\"3699\" data-permalink=\"https:\/\/www.rheinland-pfalz-saarland.freidenker.org\/cms\/?attachment_id=3699\" data-orig-file=\"https:\/\/i0.wp.com\/www.rheinland-pfalz-saarland.freidenker.org\/cms\/wp-content\/uploads\/2025\/06\/Heidelberger-Friedenskonferenz-Ueberschrift.jpg?fit=563%2C168&amp;ssl=1\" data-orig-size=\"563,168\" data-comments-opened=\"0\" data-image-meta=\"{&quot;aperture&quot;:&quot;0&quot;,&quot;credit&quot;:&quot;&quot;,&quot;camera&quot;:&quot;&quot;,&quot;caption&quot;:&quot;&quot;,&quot;created_timestamp&quot;:&quot;0&quot;,&quot;copyright&quot;:&quot;&quot;,&quot;focal_length&quot;:&quot;0&quot;,&quot;iso&quot;:&quot;0&quot;,&quot;shutter_speed&quot;:&quot;0&quot;,&quot;title&quot;:&quot;&quot;,&quot;orientation&quot;:&quot;0&quot;}\" data-image-title=\"Heidelberger Friedenskonferenz \u00dcberschrift\" data-image-description=\"\" data-image-caption=\"\" data-medium-file=\"https:\/\/i0.wp.com\/www.rheinland-pfalz-saarland.freidenker.org\/cms\/wp-content\/uploads\/2025\/06\/Heidelberger-Friedenskonferenz-Ueberschrift.jpg?fit=300%2C90&amp;ssl=1\" data-large-file=\"https:\/\/i0.wp.com\/www.rheinland-pfalz-saarland.freidenker.org\/cms\/wp-content\/uploads\/2025\/06\/Heidelberger-Friedenskonferenz-Ueberschrift.jpg?fit=495%2C148&amp;ssl=1\" class=\"alignnone wp-image-3699\" src=\"https:\/\/i0.wp.com\/www.rheinland-pfalz-saarland.freidenker.org\/cms\/wp-content\/uploads\/2025\/06\/Heidelberger-Friedenskonferenz-Ueberschrift.jpg?resize=495%2C148&#038;ssl=1\" alt=\"\" width=\"495\" height=\"148\" srcset=\"https:\/\/i0.wp.com\/www.rheinland-pfalz-saarland.freidenker.org\/cms\/wp-content\/uploads\/2025\/06\/Heidelberger-Friedenskonferenz-Ueberschrift.jpg?w=563&amp;ssl=1 563w, https:\/\/i0.wp.com\/www.rheinland-pfalz-saarland.freidenker.org\/cms\/wp-content\/uploads\/2025\/06\/Heidelberger-Friedenskonferenz-Ueberschrift.jpg?resize=300%2C90&amp;ssl=1 300w\" sizes=\"auto, (max-width: 495px) 100vw, 495px\" \/><\/h3>\n<p>Redner\/Diskussionspartner: <strong>Prof. Wolfram Wette &amp; Michael von der Schulenburg<\/strong><\/p>\n<p><img data-recalc-dims=\"1\" loading=\"lazy\" decoding=\"async\" data-attachment-id=\"3695\" data-permalink=\"https:\/\/www.rheinland-pfalz-saarland.freidenker.org\/cms\/?attachment_id=3695\" data-orig-file=\"https:\/\/i0.wp.com\/www.rheinland-pfalz-saarland.freidenker.org\/cms\/wp-content\/uploads\/2025\/06\/Wolfram-Wette.jpg?fit=201%2C280&amp;ssl=1\" data-orig-size=\"201,280\" data-comments-opened=\"0\" data-image-meta=\"{&quot;aperture&quot;:&quot;0&quot;,&quot;credit&quot;:&quot;&quot;,&quot;camera&quot;:&quot;&quot;,&quot;caption&quot;:&quot;&quot;,&quot;created_timestamp&quot;:&quot;0&quot;,&quot;copyright&quot;:&quot;&quot;,&quot;focal_length&quot;:&quot;0&quot;,&quot;iso&quot;:&quot;0&quot;,&quot;shutter_speed&quot;:&quot;0&quot;,&quot;title&quot;:&quot;&quot;,&quot;orientation&quot;:&quot;0&quot;}\" data-image-title=\"Wolfram Wette\" data-image-description=\"\" data-image-caption=\"\" data-medium-file=\"https:\/\/i0.wp.com\/www.rheinland-pfalz-saarland.freidenker.org\/cms\/wp-content\/uploads\/2025\/06\/Wolfram-Wette.jpg?fit=201%2C280&amp;ssl=1\" data-large-file=\"https:\/\/i0.wp.com\/www.rheinland-pfalz-saarland.freidenker.org\/cms\/wp-content\/uploads\/2025\/06\/Wolfram-Wette.jpg?fit=200%2C278&amp;ssl=1\" class=\"alignnone wp-image-3695\" src=\"https:\/\/i0.wp.com\/www.rheinland-pfalz-saarland.freidenker.org\/cms\/wp-content\/uploads\/2025\/06\/Wolfram-Wette.jpg?resize=150%2C209&#038;ssl=1\" alt=\"Wolfram Wette\" width=\"150\" height=\"209\" \/><\/p>\n<p><strong>Prof. em. Wolfram Wette<\/strong><\/p>\n<p>Friedensforscher und einer der renommiertesten Milit\u00e4rhistoriker Deutschlands mit dem Schwerpunkt Kriegspr\u00e4vention. Er von 1975<br \/>\nbis 1995 als Historiker am Milit\u00e4rgeschichtlichen Forschungsamt Freiburg t\u00e4tig und von 1998 bis 2005 Professor f\u00fcr Neueste Geschichte an der Universit\u00e4t Freiburg. Er ist Mitbegr\u00fcnder des Arbeitskreises Historische Friedensforschung (AHF) und Mitherausgeber der Reihe &#8222;Geschichte und Frieden&#8220; sowie des Jahrbuchs \u201ef\u00fcr Historische Friedensforschung\u201c.<\/p>\n<p><img data-recalc-dims=\"1\" loading=\"lazy\" decoding=\"async\" data-attachment-id=\"3694\" data-permalink=\"https:\/\/www.rheinland-pfalz-saarland.freidenker.org\/cms\/?attachment_id=3694\" data-orig-file=\"https:\/\/i0.wp.com\/www.rheinland-pfalz-saarland.freidenker.org\/cms\/wp-content\/uploads\/2025\/06\/Michael-von-der-Schulenburg.jpg?fit=201%2C261&amp;ssl=1\" data-orig-size=\"201,261\" data-comments-opened=\"0\" data-image-meta=\"{&quot;aperture&quot;:&quot;0&quot;,&quot;credit&quot;:&quot;&quot;,&quot;camera&quot;:&quot;&quot;,&quot;caption&quot;:&quot;&quot;,&quot;created_timestamp&quot;:&quot;0&quot;,&quot;copyright&quot;:&quot;&quot;,&quot;focal_length&quot;:&quot;0&quot;,&quot;iso&quot;:&quot;0&quot;,&quot;shutter_speed&quot;:&quot;0&quot;,&quot;title&quot;:&quot;&quot;,&quot;orientation&quot;:&quot;0&quot;}\" data-image-title=\"Michael von der Schulenburg\" data-image-description=\"\" data-image-caption=\"\" data-medium-file=\"https:\/\/i0.wp.com\/www.rheinland-pfalz-saarland.freidenker.org\/cms\/wp-content\/uploads\/2025\/06\/Michael-von-der-Schulenburg.jpg?fit=201%2C261&amp;ssl=1\" data-large-file=\"https:\/\/i0.wp.com\/www.rheinland-pfalz-saarland.freidenker.org\/cms\/wp-content\/uploads\/2025\/06\/Michael-von-der-Schulenburg.jpg?fit=201%2C261&amp;ssl=1\" class=\"alignnone wp-image-3694\" src=\"https:\/\/i0.wp.com\/www.rheinland-pfalz-saarland.freidenker.org\/cms\/wp-content\/uploads\/2025\/06\/Michael-von-der-Schulenburg.jpg?resize=150%2C195&#038;ssl=1\" alt=\"Michael von der Schulenburg\" width=\"150\" height=\"195\" \/><\/p>\n<p><strong>Michael von der Schulenburg<\/strong><\/p>\n<p>Ehem. Beigeordneter Generalsekret\u00e4r der Vereinten Nationen, war \u00fcber 34 Jahre lang in leitender Funktion in UN-Friedensmissionen in<br \/>\nvielen Kriegsgebieten der Welt im Einsatz, unter anderem in Afghanistan, Haiti, Pakistan, Iran, Irak und Sierra Leone sowie auch in Syrien,<br \/>\nSomalia, Zentralasien, auf dem Balkan und in der Sahel-Region. Er ist Autor zahlreicher Artikel \u00fcber den NATO\/Ukraine-Russland-Konflikt und \u00fcber Ans\u00e4tze f\u00fcr Verhandlungen. 2024 wurde er f\u00fcrs BSW ins EU-Parlament gew\u00e4hlt.<\/p>\n<p><strong>Programm:<\/strong><\/p>\n<ul>\n<li>Begr\u00fc\u00dfung, Einf\u00fchrung<\/li>\n<li>Ausz\u00fcge der Rede <strong>Erhard Epplers<\/strong> zum 75. Jahrestag des \u00dcberfalls auf die Sowjetunion am 22. Juni 2016:<br \/>\nWider die Spaltung Europas \u2013 F\u00fcr eine neue Verst\u00e4ndigung mit Russland<\/li>\n<li><strong>Wolfram Wette<\/strong> \u00fcber Frieden mit Russland \u2013 eine immer noch unerledigte Aufgabe.<br \/>\nKontinuit\u00e4ten und Br\u00fcche in den deutsch-russischen Beziehungen 1941 bis 2025<\/li>\n<li>Vortrag und Diskussion mit <strong>Michael von der Schulenburg<\/strong> \u00fcber<br \/>\n&#8222;Kann ein Ende des Krieges in der Ukraine auch Frieden f\u00fcr Europa bringen?&#8220;<\/li>\n<li>Musikalische Einlagen von <strong>Ulrich Becker<\/strong> am Klavier<\/li>\n<\/ul>\n<p>&nbsp;<\/p>\n<p><strong>Veranstalter:<\/strong> Pax Christi Heidelberg und Di\u00f6zesanverband Freiburg, Friedensb\u00fcndnis Heidelberg, Erhard-Eppler-Kreis, Druschba Heidelberg-Mannheim und Forum Friedensethik in der Evangelischen Landeskirche Baden<\/p>\n<p>&nbsp;<\/p>\n<p><strong>Einladung zur Heidelberger Friedenskonferenz:<\/strong><\/p>\n<p style=\"padding-left: 40px;\">Mit dem Aufruf zur Beteiligung wurde am 28. Februar 2025 mit der Vorbereitung der Konferenz begonnen.<\/p>\n<p style=\"padding-left: 40px;\">Wir orientieren uns an dem fr\u00fcheren Bundespr\u00e4sidenten <strong>Gustav Heinemann<\/strong> und an <strong>Max Josef Metzger<\/strong>, der durch die Seligsprechung am 17. November 2024 f\u00fcr uns eine verst\u00e4rkte Bedeutung bekommen hat.<br \/>\n(<em><strong>Anm. Red.: <\/strong><a href=\"https:\/\/www.berlin.freidenker.org\/?page_id=138\" target=\"_blank\" rel=\"noopener\">Max Josef Metzger<\/a> war mehrere Wochen gemeinsam mit dem Vorsitzenden des <strong>Deutschen Freidenker-Verbandes<\/strong>,<strong><a href=\"https:\/\/www.berlin.freidenker.org\/?page_id=151\" target=\"_blank\" rel=\"noopener\"> Max Sievers<\/a>,<\/strong> in einer Zelle eingekerkert. Beide wurden vom sogenannten Volksgerichtshof unter <strong>Roland Freisler<\/strong> zum Tode verurteilt und sp\u00e4ter im Zuchthaus Brandenburg enthauptet.)<\/em><\/p>\n<p style=\"padding-left: 40px;\">Durch die Exerzitien im Alltag mit<strong> Dietrich Bonhoeffer<\/strong> wurden Energien und klare Gedanken frei.<\/p>\n<p style=\"padding-left: 40px;\">Wir wollen vor allem erreichen, dass die <strong>PaxChristi-Bewegung<\/strong> unsere Konferenz unterst\u00fctzt.<br \/>\nSehr erfreulich ist, dass das Heidelberger Friedensb\u00fcndnis und andere Friedensorganisationen Mitveranstalter geworden sind.<\/p>\n<p style=\"padding-left: 40px;\"><strong>Wir wollen \u201efriedensf\u00e4hig werden\u201c!<\/strong><br \/>\nDer \u00f6kumenische Friedensruf am 1. Mai 2025 beim Kirchentag in Hannover ist unser Ziel.<\/p>\n<p style=\"padding-left: 40px;\">Bei der 1. Generalaudienz am 21. Mai 2025 sprach <strong>Papst Leo<\/strong> \u00fcber das Gleichnis vom S\u00e4mann.<\/p>\n<h4 style=\"padding-left: 80px;\"><em>\u201cWas der Mensch s\u00e4t, wird er ernten\u201d<\/em><\/h4>\n<p style=\"padding-left: 40px;\">Papst Leo: Wir sind aufgerufen, Hoffnung zu s\u00e4en und uns f\u00fcr den Frieden einzusetzen.<\/p>\n<p style=\"padding-left: 40px;\">PaxChristi Heidelberg und Di\u00f6zesanverband Freiburg<br \/>\nForum Friedensethik (FFE) in der Evangelischen Landeskirche Baden<br \/>\n<strong>Heidelberger NachDenkSeiten-Gepr\u00e4chskreise<\/strong> <a href=\"mailto:hd.dialog.nds@web.de\">hd.dialog.nds@web.de<\/a><\/p>\n<p>&nbsp;<\/p>\n<blockquote>\n<h3>Wann \/ Wo:<\/h3>\n<h4>Am Sonntag, 22.06.2025 um 13:00<\/h4>\n<h4>Ort: Haus der Begegnung<br \/>\nMerianstra\u00dfe 1<br \/>\nHeidelberg-Altstadt (gegen\u00fcber Jesuitenkirche)<\/h4>\n<p>Eintritt 10,- \u20ac, erm\u00e4\u00dfigt 7,- \u20ac<\/p><\/blockquote>\n<p>&nbsp;<\/p>\n<p><a href=\"https:\/\/www.nachdenkseiten.de\/wp-content\/uploads\/2025\/06\/Heidelberger-Friedenskonferenz-22.-Juni-2025-Flyer.pdf\" target=\"_blank\" rel=\"noopener\">Flyer zur Veranstaltung (pdf)<\/a><\/p>\n<p>&nbsp;<\/p>\n<hr \/>\n<h6>Bild(er): Flyer<\/h6>\n<p>&nbsp;<\/p>\n","protected":false},"excerpt":{"rendered":"<p>Redner\/Diskussionspartner: Prof. Wolfram Wette &amp; Michael von der Schulenburg Prof. em. Wolfram Wette Friedensforscher und einer der renommiertesten Milit\u00e4rhistoriker Deutschlands mit dem Schwerpunkt Kriegspr\u00e4vention. Er von 1975 bis 1995 als Historiker am Milit\u00e4rgeschichtlichen Forschungsamt Freiburg t\u00e4tig und von 1998 bis 2005 Professor f\u00fcr Neueste Geschichte an der Universit\u00e4t Freiburg. Er ist Mitbegr\u00fcnder des Arbeitskreises Historische [&hellip;]<\/p>\n","protected":false},"author":5,"featured_media":0,"comment_status":"closed","ping_status":"open","sticky":false,"template":"","format":"standard","meta":{"jetpack_post_was_ever_published":false,"_jetpack_newsletter_access":"","_jetpack_dont_email_post_to_subs":false,"_jetpack_newsletter_tier_id":0,"_jetpack_memberships_contains_paywalled_content":false,"_jetpack_memberships_contains_paid_content":false,"footnotes":""},"categories":[1,10],"tags":[],"class_list":["post-3688","post","type-post","status-publish","format-standard","hentry","category-allgemein","category-termine-veranstaltungen"],"jetpack_featured_media_url":"","jetpack_shortlink":"https:\/\/wp.me\/p4d9vn-Xu","jetpack_sharing_enabled":true,"_links":{"self":[{"href":"https:\/\/www.rheinland-pfalz-saarland.freidenker.org\/cms\/index.php?rest_route=\/wp\/v2\/posts\/3688","targetHints":{"allow":["GET"]}}],"collection":[{"href":"https:\/\/www.rheinland-pfalz-saarland.freidenker.org\/cms\/index.php?rest_route=\/wp\/v2\/posts"}],"about":[{"href":"https:\/\/www.rheinland-pfalz-saarland.freidenker.org\/cms\/index.php?rest_route=\/wp\/v2\/types\/post"}],"author":[{"embeddable":true,"href":"https:\/\/www.rheinland-pfalz-saarland.freidenker.org\/cms\/index.php?rest_route=\/wp\/v2\/users\/5"}],"replies":[{"embeddable":true,"href":"https:\/\/www.rheinland-pfalz-saarland.freidenker.org\/cms\/index.php?rest_route=%2Fwp%2Fv2%2Fcomments&post=3688"}],"version-history":[{"count":14,"href":"https:\/\/www.rheinland-pfalz-saarland.freidenker.org\/cms\/index.php?rest_route=\/wp\/v2\/posts\/3688\/revisions"}],"predecessor-version":[{"id":3744,"href":"https:\/\/www.rheinland-pfalz-saarland.freidenker.org\/cms\/index.php?rest_route=\/wp\/v2\/posts\/3688\/revisions\/3744"}],"wp:attachment":[{"href":"https:\/\/www.rheinland-pfalz-saarland.freidenker.org\/cms\/index.php?rest_route=%2Fwp%2Fv2%2Fmedia&parent=3688"}],"wp:term":[{"taxonomy":"category","embeddable":true,"href":"https:\/\/www.rheinland-pfalz-saarland.freidenker.org\/cms\/index.php?rest_route=%2Fwp%2Fv2%2Fcategories&post=3688"},{"taxonomy":"post_tag","embeddable":true,"href":"https:\/\/www.rheinland-pfalz-saarland.freidenker.org\/cms\/index.php?rest_route=%2Fwp%2Fv2%2Ftags&post=3688"}],"curies":[{"name":"wp","href":"https:\/\/api.w.org\/{rel}","templated":true}]}}