{"id":3656,"date":"2025-05-28T21:52:25","date_gmt":"2025-05-28T19:52:25","guid":{"rendered":"https:\/\/www.rheinland-pfalz-saarland.freidenker.org\/cms\/?p=3656"},"modified":"2025-08-07T19:13:40","modified_gmt":"2025-08-07T17:13:40","slug":"das-hambacher-fest-2025-neustadt-an-der-weinstrasse","status":"publish","type":"post","link":"https:\/\/www.rheinland-pfalz-saarland.freidenker.org\/cms\/?p=3656","title":{"rendered":"Das Hambacher Fest 2025 &#8211; Neustadt an der Weinstra\u00dfe"},"content":{"rendered":"<p><em><strong>Red.<\/strong><\/em><\/p>\n<h3><strong>Wir laden euch herzlich zum diesj\u00e4hrigen Hambacher Fest am 7.\/8. Juni in Neustadt an der Weinstra\u00dfe <\/strong><strong>ein<\/strong><strong>!<\/strong><\/h3>\n<p><a href=\"https:\/\/www.rheinland-pfalz-saarland.freidenker.org\/cms\/?p=3861\" target=\"_blank\" rel=\"noopener\"><strong>(siehe auch: <em>\u201e<\/em>Nachlese zum Hambacher Fest 2025\u201c)<\/strong><\/a><\/p>\n<div id=\"attachment_3666\" style=\"width: 505px\" class=\"wp-caption alignnone\"><img data-recalc-dims=\"1\" loading=\"lazy\" decoding=\"async\" aria-describedby=\"caption-attachment-3666\" data-attachment-id=\"3666\" data-permalink=\"https:\/\/www.rheinland-pfalz-saarland.freidenker.org\/cms\/?attachment_id=3666\" data-orig-file=\"https:\/\/i0.wp.com\/www.rheinland-pfalz-saarland.freidenker.org\/cms\/wp-content\/uploads\/2025\/05\/photo_2022-06-08_16-05-05.jpg?fit=576%2C432&amp;ssl=1\" data-orig-size=\"576,432\" data-comments-opened=\"0\" data-image-meta=\"{&quot;aperture&quot;:&quot;0&quot;,&quot;credit&quot;:&quot;&quot;,&quot;camera&quot;:&quot;&quot;,&quot;caption&quot;:&quot;&quot;,&quot;created_timestamp&quot;:&quot;0&quot;,&quot;copyright&quot;:&quot;&quot;,&quot;focal_length&quot;:&quot;0&quot;,&quot;iso&quot;:&quot;0&quot;,&quot;shutter_speed&quot;:&quot;0&quot;,&quot;title&quot;:&quot;&quot;,&quot;orientation&quot;:&quot;0&quot;}\" data-image-title=\"photo_2022-06-08_16-05-05\" data-image-description=\"\" data-image-caption=\"\" data-medium-file=\"https:\/\/i0.wp.com\/www.rheinland-pfalz-saarland.freidenker.org\/cms\/wp-content\/uploads\/2025\/05\/photo_2022-06-08_16-05-05.jpg?fit=300%2C225&amp;ssl=1\" data-large-file=\"https:\/\/i0.wp.com\/www.rheinland-pfalz-saarland.freidenker.org\/cms\/wp-content\/uploads\/2025\/05\/photo_2022-06-08_16-05-05.jpg?fit=371%2C278&amp;ssl=1\" class=\"wp-image-3666\" src=\"https:\/\/i0.wp.com\/www.rheinland-pfalz-saarland.freidenker.org\/cms\/wp-content\/uploads\/2025\/05\/photo_2022-06-08_16-05-05.jpg?resize=495%2C371&#038;ssl=1\" alt=\"Das erste, historische Hambacher Fest im Jahr 1832\" width=\"495\" height=\"371\" srcset=\"https:\/\/i0.wp.com\/www.rheinland-pfalz-saarland.freidenker.org\/cms\/wp-content\/uploads\/2025\/05\/photo_2022-06-08_16-05-05.jpg?w=576&amp;ssl=1 576w, https:\/\/i0.wp.com\/www.rheinland-pfalz-saarland.freidenker.org\/cms\/wp-content\/uploads\/2025\/05\/photo_2022-06-08_16-05-05.jpg?resize=300%2C225&amp;ssl=1 300w\" sizes=\"auto, (max-width: 495px) 100vw, 495px\" \/><p id=\"caption-attachment-3666\" class=\"wp-caption-text\">Das erste, historische Hambacher Fest im Jahr 1832<\/p><\/div>\n<p>Die Initiative <a href=\"https:\/\/freieinig.de\/\" target=\"_blank\" rel=\"noopener\"><strong>FreiEinig<\/strong> aus Neustadt an der Weinstra\u00dfe<\/a> ist ein Zusammenschluss von Menschen, die um den aktuellen Zustand der Demokratie besorgt sind und sich aktiv f\u00fcr eine gelebte, demokratische Kultur einsetzen. Ihre Vision ist eine basisdemokratische Gesellschaft, die unser Grundgesetz und die darin verbrieften Grundrechte innerhalb einer rechtsstaatlichen Ordnung verwirklicht. Regelm\u00e4\u00dfig organisiert sie Kundgebungen auf dem Hambacher Schloss, um diese Werte sichtbar zu machen.<\/p>\n<p>Einmal im Jahr organisiert FreiEinig ein gro\u00dfes <strong>Hambacher Fest<\/strong>, das dieses Jahr am Pfingstsamstag und-Sonntag stattfindet. Die Veranstalter laden alle B\u00fcrger herzlich ein, die Anliegen ihrer Aufkl\u00e4rungsarbeit kennenzulernen und mit den Demokratie-Aktivisten ins Gespr\u00e4ch zu kommen.<\/p>\n<p>Am 7. Juni sind zwischen 10 und 18 Uhr zahlreiche Initiativen aus ganz Deutschland mit Infost\u00e4nden, Ausstellungen, zwei B\u00fchnen und einer Speakers Corner in Neustadt vertreten \u2013 entlang der Badstubengasse, Landschreibereistra\u00dfe, Gutenbergstra\u00dfe, Schwanengasse und am Hetzelplatz. Sie freuen sich auf interessante Gespr\u00e4che und einen offenen Austausch. Wie auch schon 2024 sind die <strong>Freidenker<\/strong> mit einem Infostand vertreten.<\/p>\n<blockquote><p><em>\u201eEs ist wichtig, wieder miteinander zu sprechen statt \u00fcbereinander\u201c<\/em>,<\/p><\/blockquote>\n<p>betont <strong>Katja Knoch<\/strong>, Pressesprecherin von <strong>FreiEinig<\/strong>.<\/p>\n<blockquote><p><em>\u201eWir sollten Vorurteile hinterfragen und uns eigene Urteile bilden.\u201c<\/em><\/p><\/blockquote>\n<p><strong>Tanja Lichtl<\/strong> vom Organisationsteam erg\u00e4nzt:<\/p>\n<blockquote><p><em>\u201eWir freuen uns dar\u00fcber, dass auch andere Gruppen aus Neustadt am 7.6. f\u00fcr die Demokratie mit Info-St\u00e4nden vertreten sind. So k\u00f6nnen sich die Besucher aus der demokratischen Vielfalt umfassend informieren.\u201c <\/em><\/p><\/blockquote>\n<p>Am 8. Juni findet dann ein <strong>gro\u00dfer Aufzug vom Marktplatz in Neustadt \u00fcber Hambach bis zum Hambacher Schloss<\/strong> statt. Der Auftakt beginnt am Marktplatz um 11 Uhr, um ca. 15 Uhr ist auf dem Schloss die Abschlusskundgebung &#8211; jeweils mit Ansprachen und musikalischen Einlagen.<\/p>\n<p>Im vergangenen Jahr, seit dem gro\u00dfen Hambacher Fest an Pfingsten 2024, fanden auf dem Hambacher Schloss 16 Aktionen von FreiEinig statt. Aus R\u00fccksicht auf die Anwohner wegen der lauten Trommeln beim Aufzug auf das Schloss wurde das sonst sonnt\u00e4gliche Ereignis vor einem Jahr auf den Samstag verschoben. Das Thema Frieden war dabei am h\u00e4ufigsten vertreten, zum Beispiel durch die <strong>Friedenskette Bodensee<\/strong>. Es gab eine <strong>deutsch-franz\u00f6sische Versammlung f\u00fcr den Frieden in Kehl<\/strong> und ein <strong>deutsch-russisches Freundschaftsfest von der Druschba-Gruppe Mannheim-Heidelberg<\/strong>. Am 9.11., dem Schicksalstag der Deutschen, wurde das Thema <strong>\u201eNie wieder Faschismus, nie wieder Krieg\u201c<\/strong> in Ansprachen und musikalischen Beitr\u00e4gen bearbeitet.<\/p>\n<p>Au\u00dferdem erfolgte eine <strong>Vernetzung mit weiteren Initiativen der Friedensbewegung<\/strong>, zum Beispiel mit:<\/p>\n<ul>\n<li><a href=\"https:\/\/www.stoppramstein.de\/\" target=\"_blank\" rel=\"noopener\"><strong>Stopp Ramstein<\/strong><\/a>,<\/li>\n<li><a href=\"https:\/\/www.pax-terra-musica.de\/\" target=\"_blank\" rel=\"noopener\"><strong>Pax Terra Musica<\/strong><\/a> und<\/li>\n<li><a href=\"https:\/\/www.zusammen-fuer-frieden-jetzt.de\/\" target=\"_blank\" rel=\"noopener\"><strong>Zusammen f\u00fcr Frieden JETZT!<\/strong><\/a><\/li>\n<\/ul>\n<div id=\"attachment_3665\" style=\"width: 505px\" class=\"wp-caption alignnone\"><img data-recalc-dims=\"1\" loading=\"lazy\" decoding=\"async\" aria-describedby=\"caption-attachment-3665\" data-attachment-id=\"3665\" data-permalink=\"https:\/\/www.rheinland-pfalz-saarland.freidenker.org\/cms\/?attachment_id=3665\" data-orig-file=\"https:\/\/i0.wp.com\/www.rheinland-pfalz-saarland.freidenker.org\/cms\/wp-content\/uploads\/2025\/05\/photo_2_2024-05-24_17-54-25.jpg?fit=1280%2C960&amp;ssl=1\" data-orig-size=\"1280,960\" data-comments-opened=\"0\" data-image-meta=\"{&quot;aperture&quot;:&quot;0&quot;,&quot;credit&quot;:&quot;&quot;,&quot;camera&quot;:&quot;&quot;,&quot;caption&quot;:&quot;&quot;,&quot;created_timestamp&quot;:&quot;0&quot;,&quot;copyright&quot;:&quot;&quot;,&quot;focal_length&quot;:&quot;0&quot;,&quot;iso&quot;:&quot;0&quot;,&quot;shutter_speed&quot;:&quot;0&quot;,&quot;title&quot;:&quot;&quot;,&quot;orientation&quot;:&quot;0&quot;}\" data-image-title=\"photo_2_2024-05-24_17-54-25\" data-image-description=\"\" data-image-caption=\"\" data-medium-file=\"https:\/\/i0.wp.com\/www.rheinland-pfalz-saarland.freidenker.org\/cms\/wp-content\/uploads\/2025\/05\/photo_2_2024-05-24_17-54-25.jpg?fit=300%2C225&amp;ssl=1\" data-large-file=\"https:\/\/i0.wp.com\/www.rheinland-pfalz-saarland.freidenker.org\/cms\/wp-content\/uploads\/2025\/05\/photo_2_2024-05-24_17-54-25.jpg?fit=371%2C278&amp;ssl=1\" class=\"wp-image-3665\" src=\"https:\/\/i0.wp.com\/www.rheinland-pfalz-saarland.freidenker.org\/cms\/wp-content\/uploads\/2025\/05\/photo_2_2024-05-24_17-54-25.jpg?resize=495%2C371&#038;ssl=1\" alt=\"Auf dem Weg zum Schloss im Jahr 2024\" width=\"495\" height=\"371\" srcset=\"https:\/\/i0.wp.com\/www.rheinland-pfalz-saarland.freidenker.org\/cms\/wp-content\/uploads\/2025\/05\/photo_2_2024-05-24_17-54-25.jpg?w=1280&amp;ssl=1 1280w, https:\/\/i0.wp.com\/www.rheinland-pfalz-saarland.freidenker.org\/cms\/wp-content\/uploads\/2025\/05\/photo_2_2024-05-24_17-54-25.jpg?resize=300%2C225&amp;ssl=1 300w, https:\/\/i0.wp.com\/www.rheinland-pfalz-saarland.freidenker.org\/cms\/wp-content\/uploads\/2025\/05\/photo_2_2024-05-24_17-54-25.jpg?resize=1024%2C768&amp;ssl=1 1024w, https:\/\/i0.wp.com\/www.rheinland-pfalz-saarland.freidenker.org\/cms\/wp-content\/uploads\/2025\/05\/photo_2_2024-05-24_17-54-25.jpg?resize=768%2C576&amp;ssl=1 768w\" sizes=\"auto, (max-width: 495px) 100vw, 495px\" \/><p id=\"caption-attachment-3665\" class=\"wp-caption-text\">Auf dem Weg zum Schloss im Jahr 2024<\/p><\/div>\n<p>&nbsp;<\/p>\n<p><strong>FreiEinig<\/strong> bewarb und unterst\u00fctze auch <strong>diverse Friedensaktionen im Rhein-Main-Raum<\/strong>:<\/p>\n<ul>\n<li>Die <strong>Demonstrationen vor der Clay-Kaserne<\/strong> am 3.10. \u2013 als Unterst\u00fctzung der Gro\u00dfdemonstration<strong> \u201eNie wieder Krieg\u201c<\/strong> in Berlin \u2013 und am 28.12.24, sowie<\/li>\n<li>die Demonstation <strong>gegen die Stationierung weiterer Mittelstreckenwaffen in Deutschland<\/strong> am 29.3.25 in Wiesbaden.<\/li>\n<li>Zum Thema Frieden fand au\u00dferdem am 9.5.25 eine Aktion des europaweiten <strong>\u201e<a href=\"https:\/\/europeanpeaceproject.eu\/\" target=\"_blank\" rel=\"noopener\">European Peace Project<\/a>\u201c<\/strong> vor dem Hambacher Schloss statt. An dem Tag wurde in ganz Europa an tausenden Orten der Friede als performativer Sprechakt ausgerufen.<\/li>\n<\/ul>\n<p>&nbsp;<\/p>\n<p>Auf die Frage, warum diese vielen Aktionen stattfinden, hat <strong>Tanja Lichtl<\/strong> eine einfache Erkl\u00e4rung:<\/p>\n<blockquote><p><em>\u201eDer Frieden braucht eine laute Stimme, um die Kriegstreiber zu \u00fcbert\u00f6nen; Demokratie sollte auch bei uns nicht als selbstverst\u00e4ndlich angesehen werden, sondern jeden Tag aktiv gelebt und eingefordert werden.\u201c<\/em><\/p><\/blockquote>\n<p>&nbsp;<\/p>\n<p>Zu allen Aktionen am Hambacher Schloss und kooperierenden Initiativen k\u00f6nnen sich Interessierte auf der Webseite <a href=\"https:\/\/freieinig.de\/\"><strong>https:\/\/freieinig.de\/<\/strong><\/a> informieren.<\/p>\n<div id=\"attachment_3659\" style=\"width: 505px\" class=\"wp-caption alignnone\"><img data-recalc-dims=\"1\" loading=\"lazy\" decoding=\"async\" aria-describedby=\"caption-attachment-3659\" data-attachment-id=\"3659\" data-permalink=\"https:\/\/www.rheinland-pfalz-saarland.freidenker.org\/cms\/?attachment_id=3659\" data-orig-file=\"https:\/\/i0.wp.com\/www.rheinland-pfalz-saarland.freidenker.org\/cms\/wp-content\/uploads\/2025\/05\/DSCF6863-Kopie-scaled-1.jpg?fit=2560%2C1707&amp;ssl=1\" data-orig-size=\"2560,1707\" data-comments-opened=\"0\" data-image-meta=\"{&quot;aperture&quot;:&quot;5.6&quot;,&quot;credit&quot;:&quot;&quot;,&quot;camera&quot;:&quot;X-T4&quot;,&quot;caption&quot;:&quot;&quot;,&quot;created_timestamp&quot;:&quot;1716117590&quot;,&quot;copyright&quot;:&quot;&quot;,&quot;focal_length&quot;:&quot;22.3&quot;,&quot;iso&quot;:&quot;250&quot;,&quot;shutter_speed&quot;:&quot;0.0013333333333333&quot;,&quot;title&quot;:&quot;&quot;,&quot;orientation&quot;:&quot;1&quot;}\" data-image-title=\"DSCF6863-Kopie-scaled\" data-image-description=\"\" data-image-caption=\"\" data-medium-file=\"https:\/\/i0.wp.com\/www.rheinland-pfalz-saarland.freidenker.org\/cms\/wp-content\/uploads\/2025\/05\/DSCF6863-Kopie-scaled-1.jpg?fit=300%2C200&amp;ssl=1\" data-large-file=\"https:\/\/i0.wp.com\/www.rheinland-pfalz-saarland.freidenker.org\/cms\/wp-content\/uploads\/2025\/05\/DSCF6863-Kopie-scaled-1.jpg?fit=417%2C278&amp;ssl=1\" class=\"wp-image-3659\" src=\"https:\/\/i0.wp.com\/www.rheinland-pfalz-saarland.freidenker.org\/cms\/wp-content\/uploads\/2025\/05\/DSCF6863-Kopie-scaled-1.jpg?resize=495%2C330&#038;ssl=1\" alt=\"Impression von Hambacher Fest 2024\" width=\"495\" height=\"330\" srcset=\"https:\/\/i0.wp.com\/www.rheinland-pfalz-saarland.freidenker.org\/cms\/wp-content\/uploads\/2025\/05\/DSCF6863-Kopie-scaled-1.jpg?w=2560&amp;ssl=1 2560w, https:\/\/i0.wp.com\/www.rheinland-pfalz-saarland.freidenker.org\/cms\/wp-content\/uploads\/2025\/05\/DSCF6863-Kopie-scaled-1.jpg?resize=300%2C200&amp;ssl=1 300w, https:\/\/i0.wp.com\/www.rheinland-pfalz-saarland.freidenker.org\/cms\/wp-content\/uploads\/2025\/05\/DSCF6863-Kopie-scaled-1.jpg?resize=1024%2C683&amp;ssl=1 1024w, https:\/\/i0.wp.com\/www.rheinland-pfalz-saarland.freidenker.org\/cms\/wp-content\/uploads\/2025\/05\/DSCF6863-Kopie-scaled-1.jpg?resize=768%2C512&amp;ssl=1 768w, https:\/\/i0.wp.com\/www.rheinland-pfalz-saarland.freidenker.org\/cms\/wp-content\/uploads\/2025\/05\/DSCF6863-Kopie-scaled-1.jpg?resize=1536%2C1024&amp;ssl=1 1536w, https:\/\/i0.wp.com\/www.rheinland-pfalz-saarland.freidenker.org\/cms\/wp-content\/uploads\/2025\/05\/DSCF6863-Kopie-scaled-1.jpg?resize=2048%2C1366&amp;ssl=1 2048w\" sizes=\"auto, (max-width: 495px) 100vw, 495px\" \/><p id=\"caption-attachment-3659\" class=\"wp-caption-text\">Impression von Hambacher Fest 2024<\/p><\/div>\n<h3><\/h3>\n<h3>Hier noch einmal die wichtigsten Daten:<\/h3>\n<h4><b>Pfingstsamstag, 7. Juni 25 10-18 Uhr: Das Fest der Initiativen<\/b><\/h4>\n<p style=\"padding-left: 40px;\">Initiativen aus ganz Deutschland sind wieder dabei in der Innenstadt von Neustadt \u2013 f\u00fcr Frieden, Freiheit, Aufkl\u00e4rung. Ein Tag der Vernetzung! Mit vielen Infost\u00e4nden (die Freidenker sind wie im Jahr zuvor mit einem Infostand vertreten), Ausstellungen, interessanten Rednern auf Kleinb\u00fchnen, schwungvollen Musikern und einer Speakers Corner.<\/p>\n<h4><b>Pfingstsonntag, 8. Juni 25: Hinauf zum Schloss!\u00a0 <\/b><\/h4>\n<p style=\"padding-left: 40px;\">Diesmal wirklich BIS ZUM SCHLOSS! Bringt Friedensfahnen, wei\u00dfe Fahnen, Deutschlandfahnen mit, gute Laune und eure Freunde!<\/p>\n<p style=\"padding-left: 40px;\"><strong>11 Uhr Auftakt am Marktplatz Neustadt \u2013<br \/>\nca. 15 Uhr Kundgebung am Hambacher Schloss, <\/strong>Redner u.a. <strong>Diether Dehm <\/strong>und<strong> Klaus Hartmann<\/strong><\/p>\n<h4><b><\/b><b>An beiden Tagen: Ausklang im FreiEinig Basislager mit Musik &amp; Verk\u00f6stigung! <\/b><\/h4>\n<p style=\"padding-left: 40px;\"><b>\u201eWir Menschen zusammen \u2013 FreiEinig f\u00fcr den Wandel!\u201c<\/b><\/p>\n<p style=\"padding-left: 40px;\">Aufruf an alle, die gerne singen: <b>Macht JETZT mit bei unserem Mitsing-Projekt<\/b>, alle Infos auf der Webseite!<br \/>\n(<a class=\"moz-txt-link-freetext\" href=\"https:\/\/freieinig.de\/mitsing-projekt-el-pueblo-unido-freieinig-lied\/\">https:\/\/freieinig.de\/mitsing-projekt-el-pueblo-unido-freieinig-lied\/<\/a><\/p>\n<p style=\"padding-left: 40px;\">Ein Shirt mit Aufdruck FreiEinig Hambacher Schloss gibt es hier: <a class=\"moz-txt-link-freetext\" href=\"https:\/\/paulsshop.de\/Shirt-mit-Aufdruck-Frei-Einig-Hambacher-Schloss\">https:\/\/paulsshop.de\/Shirt-mit-Aufdruck-Frei-Einig-Hambacher-Schloss<\/a><\/p>\n<h4>Weitere Informationen auf der <a href=\"https:\/\/freieinig.de\" target=\"_blank\" rel=\"noopener\">Webseite von FreiEinig<\/a><\/h4>\n<ul>\n<li>Hier gibt es u.a. einen geschichtlichen \u00dcberblick \u00fcber das historische und die &#8222;neuzeitlichen&#8220; <strong>Hambacher Feste<\/strong>,<\/li>\n<li>Die <strong>Vision von FreiEinig<\/strong> und wie alles begann,<\/li>\n<li><a href=\"https:\/\/freieinig.de\/uebersichtsplan\/\" target=\"_blank\" rel=\"noopener\">\u00dcbersichtsplan \u00fcber das Hambacher Fest 2025<\/a><\/li>\n<li><a href=\"https:\/\/freieinig.de\/anreise-unterkunft-verpflegung\/\" target=\"_blank\" rel=\"noopener\">Anreise, Unterkunft und Verpflegung<\/a>,<\/li>\n<li><a href=\"https:\/\/freieinig.de\/netzwerk\/\" target=\"_blank\" rel=\"noopener\">Angeschlossene Initiativen<\/a>,<\/li>\n<li><a href=\"https:\/\/freieinig.de\/pressespiegel\/\" target=\"_blank\" rel=\"noopener\">Pressespiegel<\/a><\/li>\n<\/ul>\n<p><img data-recalc-dims=\"1\" loading=\"lazy\" decoding=\"async\" data-attachment-id=\"3668\" data-permalink=\"https:\/\/www.rheinland-pfalz-saarland.freidenker.org\/cms\/?attachment_id=3668\" data-orig-file=\"https:\/\/i0.wp.com\/www.rheinland-pfalz-saarland.freidenker.org\/cms\/wp-content\/uploads\/2025\/05\/photo_2025-05-15_23-17-00-edited-768x1024-1.jpg?fit=768%2C1024&amp;ssl=1\" data-orig-size=\"768,1024\" data-comments-opened=\"0\" data-image-meta=\"{&quot;aperture&quot;:&quot;0&quot;,&quot;credit&quot;:&quot;&quot;,&quot;camera&quot;:&quot;&quot;,&quot;caption&quot;:&quot;&quot;,&quot;created_timestamp&quot;:&quot;0&quot;,&quot;copyright&quot;:&quot;&quot;,&quot;focal_length&quot;:&quot;0&quot;,&quot;iso&quot;:&quot;0&quot;,&quot;shutter_speed&quot;:&quot;0&quot;,&quot;title&quot;:&quot;&quot;,&quot;orientation&quot;:&quot;0&quot;}\" data-image-title=\"photo_2025-05-15_23-17-00-edited-768&amp;#215;1024\" data-image-description=\"\" data-image-caption=\"\" data-medium-file=\"https:\/\/i0.wp.com\/www.rheinland-pfalz-saarland.freidenker.org\/cms\/wp-content\/uploads\/2025\/05\/photo_2025-05-15_23-17-00-edited-768x1024-1.jpg?fit=225%2C300&amp;ssl=1\" data-large-file=\"https:\/\/i0.wp.com\/www.rheinland-pfalz-saarland.freidenker.org\/cms\/wp-content\/uploads\/2025\/05\/photo_2025-05-15_23-17-00-edited-768x1024-1.jpg?fit=209%2C278&amp;ssl=1\" class=\"alignnone wp-image-3668\" src=\"https:\/\/i0.wp.com\/www.rheinland-pfalz-saarland.freidenker.org\/cms\/wp-content\/uploads\/2025\/05\/photo_2025-05-15_23-17-00-edited-768x1024-1.jpg?resize=495%2C660&#038;ssl=1\" alt=\"\" width=\"495\" height=\"660\" srcset=\"https:\/\/i0.wp.com\/www.rheinland-pfalz-saarland.freidenker.org\/cms\/wp-content\/uploads\/2025\/05\/photo_2025-05-15_23-17-00-edited-768x1024-1.jpg?w=768&amp;ssl=1 768w, https:\/\/i0.wp.com\/www.rheinland-pfalz-saarland.freidenker.org\/cms\/wp-content\/uploads\/2025\/05\/photo_2025-05-15_23-17-00-edited-768x1024-1.jpg?resize=225%2C300&amp;ssl=1 225w\" sizes=\"auto, (max-width: 495px) 100vw, 495px\" \/><\/p>\n<p>&nbsp;<\/p>\n<hr \/>\n<h6>Bild(er): Webseite FreiEinig; Zug zum Hambacher Fest. \u2013 Teilkolorierte Federzeichnung von 1832<br \/>\n(Erhard Joseph Brenzinger), Wikimedia<\/h6>\n<p>&nbsp;<\/p>\n","protected":false},"excerpt":{"rendered":"<p>Red. Wir laden euch herzlich zum diesj\u00e4hrigen Hambacher Fest am 7.\/8. Juni in Neustadt an der Weinstra\u00dfe ein! (siehe auch: \u201eNachlese zum Hambacher Fest 2025\u201c) Die Initiative FreiEinig aus Neustadt an der Weinstra\u00dfe ist ein Zusammenschluss von Menschen, die um den aktuellen Zustand der Demokratie besorgt sind und sich aktiv f\u00fcr eine gelebte, demokratische Kultur [&hellip;]<\/p>\n","protected":false},"author":5,"featured_media":0,"comment_status":"closed","ping_status":"open","sticky":false,"template":"","format":"standard","meta":{"jetpack_post_was_ever_published":false,"_jetpack_newsletter_access":"","_jetpack_dont_email_post_to_subs":false,"_jetpack_newsletter_tier_id":0,"_jetpack_memberships_contains_paywalled_content":false,"_jetpack_memberships_contains_paid_content":false,"footnotes":""},"categories":[1,10],"tags":[],"class_list":["post-3656","post","type-post","status-publish","format-standard","hentry","category-allgemein","category-termine-veranstaltungen"],"jetpack_featured_media_url":"","jetpack_shortlink":"https:\/\/wp.me\/p4d9vn-WY","jetpack_sharing_enabled":true,"_links":{"self":[{"href":"https:\/\/www.rheinland-pfalz-saarland.freidenker.org\/cms\/index.php?rest_route=\/wp\/v2\/posts\/3656","targetHints":{"allow":["GET"]}}],"collection":[{"href":"https:\/\/www.rheinland-pfalz-saarland.freidenker.org\/cms\/index.php?rest_route=\/wp\/v2\/posts"}],"about":[{"href":"https:\/\/www.rheinland-pfalz-saarland.freidenker.org\/cms\/index.php?rest_route=\/wp\/v2\/types\/post"}],"author":[{"embeddable":true,"href":"https:\/\/www.rheinland-pfalz-saarland.freidenker.org\/cms\/index.php?rest_route=\/wp\/v2\/users\/5"}],"replies":[{"embeddable":true,"href":"https:\/\/www.rheinland-pfalz-saarland.freidenker.org\/cms\/index.php?rest_route=%2Fwp%2Fv2%2Fcomments&post=3656"}],"version-history":[{"count":13,"href":"https:\/\/www.rheinland-pfalz-saarland.freidenker.org\/cms\/index.php?rest_route=\/wp\/v2\/posts\/3656\/revisions"}],"predecessor-version":[{"id":3993,"href":"https:\/\/www.rheinland-pfalz-saarland.freidenker.org\/cms\/index.php?rest_route=\/wp\/v2\/posts\/3656\/revisions\/3993"}],"wp:attachment":[{"href":"https:\/\/www.rheinland-pfalz-saarland.freidenker.org\/cms\/index.php?rest_route=%2Fwp%2Fv2%2Fmedia&parent=3656"}],"wp:term":[{"taxonomy":"category","embeddable":true,"href":"https:\/\/www.rheinland-pfalz-saarland.freidenker.org\/cms\/index.php?rest_route=%2Fwp%2Fv2%2Fcategories&post=3656"},{"taxonomy":"post_tag","embeddable":true,"href":"https:\/\/www.rheinland-pfalz-saarland.freidenker.org\/cms\/index.php?rest_route=%2Fwp%2Fv2%2Ftags&post=3656"}],"curies":[{"name":"wp","href":"https:\/\/api.w.org\/{rel}","templated":true}]}}