{"id":3647,"date":"2025-05-26T10:35:15","date_gmt":"2025-05-26T08:35:15","guid":{"rendered":"https:\/\/www.rheinland-pfalz-saarland.freidenker.org\/cms\/?p=3647"},"modified":"2025-08-07T19:22:19","modified_gmt":"2025-08-07T17:22:19","slug":"vortrag-von-karsten-montag-in-speyer-orientierungslos-im-propagandawald","status":"publish","type":"post","link":"https:\/\/www.rheinland-pfalz-saarland.freidenker.org\/cms\/?p=3647","title":{"rendered":"Vortrag von Karsten Montag in Speyer: Orientierungslos im Propagandawald"},"content":{"rendered":"<p><img data-recalc-dims=\"1\" loading=\"lazy\" decoding=\"async\" data-attachment-id=\"3464\" data-permalink=\"https:\/\/www.rheinland-pfalz-saarland.freidenker.org\/cms\/?attachment_id=3464\" data-orig-file=\"https:\/\/i0.wp.com\/www.rheinland-pfalz-saarland.freidenker.org\/cms\/wp-content\/uploads\/2025\/02\/NDS-Gespraechskreise.jpg?fit=595%2C197&amp;ssl=1\" data-orig-size=\"595,197\" data-comments-opened=\"0\" data-image-meta=\"{&quot;aperture&quot;:&quot;0&quot;,&quot;credit&quot;:&quot;&quot;,&quot;camera&quot;:&quot;&quot;,&quot;caption&quot;:&quot;&quot;,&quot;created_timestamp&quot;:&quot;0&quot;,&quot;copyright&quot;:&quot;&quot;,&quot;focal_length&quot;:&quot;0&quot;,&quot;iso&quot;:&quot;0&quot;,&quot;shutter_speed&quot;:&quot;0&quot;,&quot;title&quot;:&quot;&quot;,&quot;orientation&quot;:&quot;0&quot;}\" data-image-title=\"NDS-Gespr\u00e4chskreise\" data-image-description=\"\" data-image-caption=\"\" data-medium-file=\"https:\/\/i0.wp.com\/www.rheinland-pfalz-saarland.freidenker.org\/cms\/wp-content\/uploads\/2025\/02\/NDS-Gespraechskreise.jpg?fit=300%2C99&amp;ssl=1\" data-large-file=\"https:\/\/i0.wp.com\/www.rheinland-pfalz-saarland.freidenker.org\/cms\/wp-content\/uploads\/2025\/02\/NDS-Gespraechskreise.jpg?fit=495%2C164&amp;ssl=1\" class=\"alignnone wp-image-3464\" src=\"https:\/\/i0.wp.com\/www.rheinland-pfalz-saarland.freidenker.org\/cms\/wp-content\/uploads\/2025\/02\/NDS-Gespraechskreise.jpg?resize=495%2C164&#038;ssl=1\" alt=\"NDS-Gespr\u00e4chskreise\" width=\"495\" height=\"164\" srcset=\"https:\/\/i0.wp.com\/www.rheinland-pfalz-saarland.freidenker.org\/cms\/wp-content\/uploads\/2025\/02\/NDS-Gespraechskreise.jpg?w=595&amp;ssl=1 595w, https:\/\/i0.wp.com\/www.rheinland-pfalz-saarland.freidenker.org\/cms\/wp-content\/uploads\/2025\/02\/NDS-Gespraechskreise.jpg?resize=300%2C99&amp;ssl=1 300w\" sizes=\"auto, (max-width: 495px) 100vw, 495px\" \/><\/p>\n<p>Der <strong>NachDenkSeiten-Gespr\u00e4chskreis Speyer<\/strong> l\u00e4dt ein zum Vortrag:<\/p>\n<h2><strong>Orientierungslos im Propagandawald \u2013 Die Ukraine und Russland im Spannungsfeld geopolitischer Interessen<\/strong><\/h2>\n<p>Redner\/Diskussionspartner: <a href=\"https:\/\/www.karstenmontag.de\/\" target=\"_blank\" rel=\"noopener\"><strong>Karsten Montag<\/strong><\/a><\/p>\n<p>Mit der Macht\u00fcbernahme Donald Trumps zeichnet sich ein Wechsel der Haltung der US-Regierung gegen\u00fcber Russland ab. Pl\u00f6tzlich f\u00fchren die beiden L\u00e4nder wieder intensive Gespr\u00e4che und planen wirtschaftliche Kooperationen. Mehr oder weniger nebenbei wird auch \u00fcber einen Frieden in der Ukraine verhandelt. Welche geopolitischen Interessen der Vereinigten Staaten stecken hinter diesem \u201eVerrat\u201c einer ehemals gemeinsamen transatlantischen Au\u00dfenpolitik? Und wie verl\u00e4sslich sind die Informationen einflussreicher westlicher Medien in ihrer Berichterstattung? Ein Erkl\u00e4rungsversuch, gepaart mit pers\u00f6nlichen Eindr\u00fccken einer Reise durch die Ukraine und Russland.<\/p>\n<p><a href=\"https:\/\/www.karstenmontag.de\/\" target=\"_blank\" rel=\"noopener\"><img data-recalc-dims=\"1\" loading=\"lazy\" decoding=\"async\" data-attachment-id=\"3650\" data-permalink=\"https:\/\/www.rheinland-pfalz-saarland.freidenker.org\/cms\/?attachment_id=3650\" data-orig-file=\"https:\/\/i0.wp.com\/www.rheinland-pfalz-saarland.freidenker.org\/cms\/wp-content\/uploads\/2025\/05\/Karsten-Montag.jpg?fit=250%2C250&amp;ssl=1\" data-orig-size=\"250,250\" data-comments-opened=\"0\" data-image-meta=\"{&quot;aperture&quot;:&quot;0&quot;,&quot;credit&quot;:&quot;&quot;,&quot;camera&quot;:&quot;&quot;,&quot;caption&quot;:&quot;&quot;,&quot;created_timestamp&quot;:&quot;0&quot;,&quot;copyright&quot;:&quot;&quot;,&quot;focal_length&quot;:&quot;0&quot;,&quot;iso&quot;:&quot;0&quot;,&quot;shutter_speed&quot;:&quot;0&quot;,&quot;title&quot;:&quot;&quot;,&quot;orientation&quot;:&quot;0&quot;}\" data-image-title=\"Karsten Montag\" data-image-description=\"\" data-image-caption=\"\" data-medium-file=\"https:\/\/i0.wp.com\/www.rheinland-pfalz-saarland.freidenker.org\/cms\/wp-content\/uploads\/2025\/05\/Karsten-Montag.jpg?fit=250%2C250&amp;ssl=1\" data-large-file=\"https:\/\/i0.wp.com\/www.rheinland-pfalz-saarland.freidenker.org\/cms\/wp-content\/uploads\/2025\/05\/Karsten-Montag.jpg?fit=250%2C250&amp;ssl=1\" class=\"alignnone wp-image-3650 size-full\" title=\"zur Homepage von Karsten Montag...\" src=\"https:\/\/i0.wp.com\/www.rheinland-pfalz-saarland.freidenker.org\/cms\/wp-content\/uploads\/2025\/05\/Karsten-Montag.jpg?resize=250%2C250&#038;ssl=1\" alt=\"Karsten Montag\" width=\"250\" height=\"250\" srcset=\"https:\/\/i0.wp.com\/www.rheinland-pfalz-saarland.freidenker.org\/cms\/wp-content\/uploads\/2025\/05\/Karsten-Montag.jpg?w=250&amp;ssl=1 250w, https:\/\/i0.wp.com\/www.rheinland-pfalz-saarland.freidenker.org\/cms\/wp-content\/uploads\/2025\/05\/Karsten-Montag.jpg?resize=150%2C150&amp;ssl=1 150w\" sizes=\"auto, (max-width: 250px) 100vw, 250px\" \/><\/a><\/p>\n<p>Karsten Montag hat Maschinenbau, Philosophie, Geschichte, Physik und Bildungswissenschaften studiert sowie eine Ausbildung als Fachinformatiker absolviert. Er hat zehn Jahre in einer gewerkschaftsnahen Unternehmensberatung sowie sechs Jahre als Projekt- und Abteilungsleiter in einem Softwareunternehmen gearbeitet. Seit 2015 ist er als Romanbuchautor und Journalist \u2013 aktuell vornehmlich f\u00fcr die <a href=\"https:\/\/www.nachdenkseiten.de\/\" target=\"_blank\" rel=\"noopener\"><em>NachDenkSeiten<\/em><\/a> und <a href=\"https:\/\/www.multipolar-magazin.de\/\" target=\"_blank\" rel=\"noopener\"><em>Multipolar<\/em><\/a> \u2013 t\u00e4tig. 2012 bereiste er f\u00fcr mehrere Monate die Ukraine, Russland und die zentralasiatischen Staaten. Zwischen 2015 und 2018 lebte er in Brasilien. Die Auslandsaufenthalte haben einen gro\u00dfen Einfluss auf seine Wahrnehmung der Berichterstattung deutscher Medien.<\/p>\n<p>Im Anschluss wird Gelegenheit sein zum Austausch und zur Diskussion.<\/p>\n<p>&nbsp;<\/p>\n<blockquote>\n<h3>Wann \/ Wo:<\/h3>\n<h4>am Mittwoch, dem 28. Mai 2025, ab 18:00 Uhr<br \/>\n(zum Getr\u00e4nke oder Essen bestellen), Vortrag ab 19:00 Uhr<\/h4>\n<h4>Im Restaurant Delphi-Nebenzimmer,<br \/>\nTullastr. 50; 67346 Speyer<\/h4>\n<p>Die Veranstaltung ist kostenfrei; \u00fcber eine Spende zur Deckung von Unkosten freuen wir uns.<\/p>\n<p>Aufgrund der begrenzten Platzsituation bitten wir f\u00fcr den Fall einer Teilnahme um eine kurze Anmeldung per Mail an\u00a0<a href=\"mailto:rowak@gmx.de\"><strong>rowak@gmx.de<\/strong><\/a><\/p><\/blockquote>\n<p>&nbsp;<\/p>\n<p>Ein Artikel von Karsten Montag zum Thema ist auf den NachDenkSeiten<a href=\"https:\/\/www.nachdenkseiten.de\/?p=132369\" target=\"_blank\" rel=\"noopener\"> zu lesen bzw. zu h\u00f6ren<\/a>.<\/p>\n<p>&nbsp;<\/p>\n<hr \/>\n<h6>Bild(er): Homepage von Karsten Montag<\/h6>\n","protected":false},"excerpt":{"rendered":"<p>Der NachDenkSeiten-Gespr\u00e4chskreis Speyer l\u00e4dt ein zum Vortrag: Orientierungslos im Propagandawald \u2013 Die Ukraine und Russland im Spannungsfeld geopolitischer Interessen Redner\/Diskussionspartner: Karsten Montag Mit der Macht\u00fcbernahme Donald Trumps zeichnet sich ein Wechsel der Haltung der US-Regierung gegen\u00fcber Russland ab. Pl\u00f6tzlich f\u00fchren die beiden L\u00e4nder wieder intensive Gespr\u00e4che und planen wirtschaftliche Kooperationen. Mehr oder weniger nebenbei wird [&hellip;]<\/p>\n","protected":false},"author":5,"featured_media":0,"comment_status":"closed","ping_status":"open","sticky":false,"template":"","format":"standard","meta":{"jetpack_post_was_ever_published":false,"_jetpack_newsletter_access":"","_jetpack_dont_email_post_to_subs":false,"_jetpack_newsletter_tier_id":0,"_jetpack_memberships_contains_paywalled_content":false,"_jetpack_memberships_contains_paid_content":false,"footnotes":""},"categories":[1,10],"tags":[],"class_list":["post-3647","post","type-post","status-publish","format-standard","hentry","category-allgemein","category-termine-veranstaltungen"],"jetpack_featured_media_url":"","jetpack_shortlink":"https:\/\/wp.me\/p4d9vn-WP","jetpack_sharing_enabled":true,"_links":{"self":[{"href":"https:\/\/www.rheinland-pfalz-saarland.freidenker.org\/cms\/index.php?rest_route=\/wp\/v2\/posts\/3647","targetHints":{"allow":["GET"]}}],"collection":[{"href":"https:\/\/www.rheinland-pfalz-saarland.freidenker.org\/cms\/index.php?rest_route=\/wp\/v2\/posts"}],"about":[{"href":"https:\/\/www.rheinland-pfalz-saarland.freidenker.org\/cms\/index.php?rest_route=\/wp\/v2\/types\/post"}],"author":[{"embeddable":true,"href":"https:\/\/www.rheinland-pfalz-saarland.freidenker.org\/cms\/index.php?rest_route=\/wp\/v2\/users\/5"}],"replies":[{"embeddable":true,"href":"https:\/\/www.rheinland-pfalz-saarland.freidenker.org\/cms\/index.php?rest_route=%2Fwp%2Fv2%2Fcomments&post=3647"}],"version-history":[{"count":3,"href":"https:\/\/www.rheinland-pfalz-saarland.freidenker.org\/cms\/index.php?rest_route=\/wp\/v2\/posts\/3647\/revisions"}],"predecessor-version":[{"id":3651,"href":"https:\/\/www.rheinland-pfalz-saarland.freidenker.org\/cms\/index.php?rest_route=\/wp\/v2\/posts\/3647\/revisions\/3651"}],"wp:attachment":[{"href":"https:\/\/www.rheinland-pfalz-saarland.freidenker.org\/cms\/index.php?rest_route=%2Fwp%2Fv2%2Fmedia&parent=3647"}],"wp:term":[{"taxonomy":"category","embeddable":true,"href":"https:\/\/www.rheinland-pfalz-saarland.freidenker.org\/cms\/index.php?rest_route=%2Fwp%2Fv2%2Fcategories&post=3647"},{"taxonomy":"post_tag","embeddable":true,"href":"https:\/\/www.rheinland-pfalz-saarland.freidenker.org\/cms\/index.php?rest_route=%2Fwp%2Fv2%2Ftags&post=3647"}],"curies":[{"name":"wp","href":"https:\/\/api.w.org\/{rel}","templated":true}]}}