{"id":3631,"date":"2025-05-26T20:00:04","date_gmt":"2025-05-26T18:00:04","guid":{"rendered":"https:\/\/www.rheinland-pfalz-saarland.freidenker.org\/cms\/?p=3631"},"modified":"2025-08-02T21:59:12","modified_gmt":"2025-08-02T19:59:12","slug":"veranstaltung-mit-horst-schmitthenner-in-limburg-deutschland-auf-dem-weg-in-die-deindustrialisierung","status":"publish","type":"post","link":"https:\/\/www.rheinland-pfalz-saarland.freidenker.org\/cms\/?p=3631","title":{"rendered":"Veranstaltung mit Horst Schmitthenner in Limburg: &#8222;Deutschland auf dem Weg in die Deindustrialisierung?&#8220;"},"content":{"rendered":"<h4 id=\"Sprung_Schmitthenner\">Der NachDenkSeiten-Gespr\u00e4chskreis Diez \u2013 Limburg \u2013 Bad Camberg<strong> l\u00e4dt ein zu einer Veranstaltung mit anschlie\u00dfender Diskussion:<\/strong><\/h4>\n<p><img data-recalc-dims=\"1\" loading=\"lazy\" decoding=\"async\" data-attachment-id=\"3639\" data-permalink=\"https:\/\/www.rheinland-pfalz-saarland.freidenker.org\/cms\/?attachment_id=3639\" data-orig-file=\"https:\/\/i0.wp.com\/www.rheinland-pfalz-saarland.freidenker.org\/cms\/wp-content\/uploads\/2025\/05\/Nachdenkseiten-Gespraechskreis-Dietz-Limburg-Bad-Camberg.jpg?fit=559%2C256&amp;ssl=1\" data-orig-size=\"559,256\" data-comments-opened=\"0\" data-image-meta=\"{&quot;aperture&quot;:&quot;0&quot;,&quot;credit&quot;:&quot;&quot;,&quot;camera&quot;:&quot;&quot;,&quot;caption&quot;:&quot;&quot;,&quot;created_timestamp&quot;:&quot;0&quot;,&quot;copyright&quot;:&quot;&quot;,&quot;focal_length&quot;:&quot;0&quot;,&quot;iso&quot;:&quot;0&quot;,&quot;shutter_speed&quot;:&quot;0&quot;,&quot;title&quot;:&quot;&quot;,&quot;orientation&quot;:&quot;0&quot;}\" data-image-title=\"Nachdenkseiten Gespr\u00e4chskreis Dietz Limburg Bad Camberg\" data-image-description=\"\" data-image-caption=\"\" data-medium-file=\"https:\/\/i0.wp.com\/www.rheinland-pfalz-saarland.freidenker.org\/cms\/wp-content\/uploads\/2025\/05\/Nachdenkseiten-Gespraechskreis-Dietz-Limburg-Bad-Camberg.jpg?fit=300%2C137&amp;ssl=1\" data-large-file=\"https:\/\/i0.wp.com\/www.rheinland-pfalz-saarland.freidenker.org\/cms\/wp-content\/uploads\/2025\/05\/Nachdenkseiten-Gespraechskreis-Dietz-Limburg-Bad-Camberg.jpg?fit=495%2C227&amp;ssl=1\" class=\"alignnone wp-image-3639\" src=\"https:\/\/i0.wp.com\/www.rheinland-pfalz-saarland.freidenker.org\/cms\/wp-content\/uploads\/2025\/05\/Nachdenkseiten-Gespraechskreis-Dietz-Limburg-Bad-Camberg.jpg?resize=495%2C227&#038;ssl=1\" alt=\"\" width=\"495\" height=\"227\" srcset=\"https:\/\/i0.wp.com\/www.rheinland-pfalz-saarland.freidenker.org\/cms\/wp-content\/uploads\/2025\/05\/Nachdenkseiten-Gespraechskreis-Dietz-Limburg-Bad-Camberg.jpg?w=559&amp;ssl=1 559w, https:\/\/i0.wp.com\/www.rheinland-pfalz-saarland.freidenker.org\/cms\/wp-content\/uploads\/2025\/05\/Nachdenkseiten-Gespraechskreis-Dietz-Limburg-Bad-Camberg.jpg?resize=300%2C137&amp;ssl=1 300w\" sizes=\"auto, (max-width: 495px) 100vw, 495px\" \/><\/p>\n<h2><strong>\u201eAufr\u00fcstung statt Sozialstaat \u2013 Wer zahlt die Rechnung? Deutschland auf dem Weg in die Deindustrialisierung?\u201c<\/strong><\/h2>\n<p>Redner\/Diskussionspartner: <strong>Horst Schmitthenner<\/strong><\/p>\n<p><img data-recalc-dims=\"1\" loading=\"lazy\" decoding=\"async\" data-attachment-id=\"3632\" data-permalink=\"https:\/\/www.rheinland-pfalz-saarland.freidenker.org\/cms\/?attachment_id=3632\" data-orig-file=\"https:\/\/i0.wp.com\/www.rheinland-pfalz-saarland.freidenker.org\/cms\/wp-content\/uploads\/2025\/05\/Horst-Schmitthenner.jpg?fit=132%2C202&amp;ssl=1\" data-orig-size=\"132,202\" data-comments-opened=\"0\" data-image-meta=\"{&quot;aperture&quot;:&quot;0&quot;,&quot;credit&quot;:&quot;&quot;,&quot;camera&quot;:&quot;&quot;,&quot;caption&quot;:&quot;&quot;,&quot;created_timestamp&quot;:&quot;0&quot;,&quot;copyright&quot;:&quot;&quot;,&quot;focal_length&quot;:&quot;0&quot;,&quot;iso&quot;:&quot;0&quot;,&quot;shutter_speed&quot;:&quot;0&quot;,&quot;title&quot;:&quot;&quot;,&quot;orientation&quot;:&quot;0&quot;}\" data-image-title=\"Horst Schmitthenner\" data-image-description=\"\" data-image-caption=\"\" data-medium-file=\"https:\/\/i0.wp.com\/www.rheinland-pfalz-saarland.freidenker.org\/cms\/wp-content\/uploads\/2025\/05\/Horst-Schmitthenner.jpg?fit=132%2C202&amp;ssl=1\" data-large-file=\"https:\/\/i0.wp.com\/www.rheinland-pfalz-saarland.freidenker.org\/cms\/wp-content\/uploads\/2025\/05\/Horst-Schmitthenner.jpg?fit=132%2C202&amp;ssl=1\" class=\"alignnone size-full wp-image-3632\" src=\"https:\/\/i0.wp.com\/www.rheinland-pfalz-saarland.freidenker.org\/cms\/wp-content\/uploads\/2025\/05\/Horst-Schmitthenner.jpg?resize=132%2C202&#038;ssl=1\" alt=\"\" width=\"132\" height=\"202\" \/><\/p>\n<p>Horst Schmitthenner ist langj\u00e4hriges Mitglied der IG Metall, geh\u00f6rte unter anderem von 1989 bis 2003 dem gesch\u00e4ftsf\u00fchrenden Vorstand an. Schwerpunkte seines herausragenden Engagements lagen zun\u00e4chst in der gewerkschaftlichen Bildungsarbeit, sp\u00e4ter dann in der Sozialpolitik. Bis heute ist er ein gefragter \u201eStreiter\u201c f\u00fcr die Rechte der Arbeitnehmer, die soziale Gerechtigkeit und den Frieden.<\/p>\n<p>&nbsp;<\/p>\n<blockquote>\n<h3>Wann \/ Wo:<\/h3>\n<h4>am \u00a0Freitag, den 30. Mai 2025, 19 Uhr<\/h4>\n<h4><strong>Restaurant \u201eZur Turnhalle\u201c<br \/>\n<\/strong><strong>(Veranstaltungsraum nur \u00fcber eine Treppe erreichbar)<\/strong><strong><br \/>\nSte.-Foy-Str. 16<br \/>\n<\/strong><strong>65549 Limburg an der Lahn<\/strong><\/h4>\n<p>Der Eintritt ist frei \u2013 wir bitten Euch um Spenden.<br \/>\nGetr\u00e4nke und Speisen auf eigene Rechnung erh\u00e4ltlich.<\/p><\/blockquote>\n<p>&nbsp;<\/p>\n<p>Mit nachdenklichen Gr\u00fc\u00dfen,<\/p>\n<p>eure Gespr\u00e4chskreis-Koordinatoren <a href=\"http:\/\/Mit nachdenklichen Gr\u00fc\u00dfen eure Gespr\u00e4chskreis-Koordinatoren Uli Lenz + Heinz Mauelshagen info@uli-lenz.de heinz.mauelshagen@kabelmail.de NachDenkSeiten im Internet: www.nachdenkseiten.de Weitere nachdenkliche Termine im\" target=\"_blank\" rel=\"noopener\">Uli Lenz<\/a> + <a href=\"http:\/\/Mit nachdenklichen Gr\u00fc\u00dfen eure Gespr\u00e4chskreis-Koordinatoren Uli Lenz + Heinz Mauelshagen info@uli-lenz.de heinz.mauelshagen@kabelmail.de NachDenkSeiten im Internet: www.nachdenkseiten.de Weitere nachdenkliche Termine im\" target=\"_blank\" rel=\"noopener\">Heinz Mauelshagen<\/a><\/p>\n<p><strong>NachDenkSeiten<\/strong> im Internet: <a href=\"http:\/\/www.nachdenkseiten.de\" target=\"_blank\" rel=\"noopener\">www.nachdenkseiten.de<\/a><\/p>\n<p>Weitere nachdenkliche Termine in der Region Rhein-Main findet ihr hier unter \u201eTermine\u201c:<\/p>\n<p><a href=\"https:\/\/nachdenken-in-frankfurt.de\/\" target=\"_blank\" rel=\"noopener\">https:\/\/nachdenken-in-frankfurt.de<\/a><\/p>\n<p>&nbsp;<\/p>\n<hr \/>\n<h6>Bild(er): Nachdenkseiten-Gespr\u00e4chskreis<\/h6>\n<p>&nbsp;<\/p>\n","protected":false},"excerpt":{"rendered":"<p>Der NachDenkSeiten-Gespr\u00e4chskreis Diez \u2013 Limburg \u2013 Bad Camberg l\u00e4dt ein zu einer Veranstaltung mit anschlie\u00dfender Diskussion: \u201eAufr\u00fcstung statt Sozialstaat \u2013 Wer zahlt die Rechnung? Deutschland auf dem Weg in die Deindustrialisierung?\u201c Redner\/Diskussionspartner: Horst Schmitthenner Horst Schmitthenner ist langj\u00e4hriges Mitglied der IG Metall, geh\u00f6rte unter anderem von 1989 bis 2003 dem gesch\u00e4ftsf\u00fchrenden Vorstand an. Schwerpunkte seines [&hellip;]<\/p>\n","protected":false},"author":5,"featured_media":0,"comment_status":"closed","ping_status":"open","sticky":false,"template":"","format":"standard","meta":{"jetpack_post_was_ever_published":false,"_jetpack_newsletter_access":"","_jetpack_dont_email_post_to_subs":false,"_jetpack_newsletter_tier_id":0,"_jetpack_memberships_contains_paywalled_content":false,"_jetpack_memberships_contains_paid_content":false,"footnotes":""},"categories":[1,10],"tags":[],"class_list":["post-3631","post","type-post","status-publish","format-standard","hentry","category-allgemein","category-termine-veranstaltungen"],"jetpack_featured_media_url":"","jetpack_shortlink":"https:\/\/wp.me\/p4d9vn-Wz","jetpack_sharing_enabled":true,"_links":{"self":[{"href":"https:\/\/www.rheinland-pfalz-saarland.freidenker.org\/cms\/index.php?rest_route=\/wp\/v2\/posts\/3631","targetHints":{"allow":["GET"]}}],"collection":[{"href":"https:\/\/www.rheinland-pfalz-saarland.freidenker.org\/cms\/index.php?rest_route=\/wp\/v2\/posts"}],"about":[{"href":"https:\/\/www.rheinland-pfalz-saarland.freidenker.org\/cms\/index.php?rest_route=\/wp\/v2\/types\/post"}],"author":[{"embeddable":true,"href":"https:\/\/www.rheinland-pfalz-saarland.freidenker.org\/cms\/index.php?rest_route=\/wp\/v2\/users\/5"}],"replies":[{"embeddable":true,"href":"https:\/\/www.rheinland-pfalz-saarland.freidenker.org\/cms\/index.php?rest_route=%2Fwp%2Fv2%2Fcomments&post=3631"}],"version-history":[{"count":8,"href":"https:\/\/www.rheinland-pfalz-saarland.freidenker.org\/cms\/index.php?rest_route=\/wp\/v2\/posts\/3631\/revisions"}],"predecessor-version":[{"id":3641,"href":"https:\/\/www.rheinland-pfalz-saarland.freidenker.org\/cms\/index.php?rest_route=\/wp\/v2\/posts\/3631\/revisions\/3641"}],"wp:attachment":[{"href":"https:\/\/www.rheinland-pfalz-saarland.freidenker.org\/cms\/index.php?rest_route=%2Fwp%2Fv2%2Fmedia&parent=3631"}],"wp:term":[{"taxonomy":"category","embeddable":true,"href":"https:\/\/www.rheinland-pfalz-saarland.freidenker.org\/cms\/index.php?rest_route=%2Fwp%2Fv2%2Fcategories&post=3631"},{"taxonomy":"post_tag","embeddable":true,"href":"https:\/\/www.rheinland-pfalz-saarland.freidenker.org\/cms\/index.php?rest_route=%2Fwp%2Fv2%2Ftags&post=3631"}],"curies":[{"name":"wp","href":"https:\/\/api.w.org\/{rel}","templated":true}]}}