{"id":3588,"date":"2025-04-29T20:06:22","date_gmt":"2025-04-29T18:06:22","guid":{"rendered":"https:\/\/www.rheinland-pfalz-saarland.freidenker.org\/cms\/?p=3588"},"modified":"2025-08-07T19:26:45","modified_gmt":"2025-08-07T17:26:45","slug":"zum-elbe-tag-2025-in-torgau-zieh-in-den-krieg-patrik-baab-an-den-16-jaehrigen-theo","status":"publish","type":"post","link":"https:\/\/www.rheinland-pfalz-saarland.freidenker.org\/cms\/?p=3588","title":{"rendered":"Zum Elbe-Tag 2025 in Torgau: &#8222;Zieh in den Krieg!&#8220; Patrik Baab an den 16-j\u00e4hrigen Theo"},"content":{"rendered":"<p><em><strong>von Monika Krotter-Hartmann<\/strong><\/em><\/p>\n<p>Liebe Genossinnen und Genossen, liebe Freundinnen und Freunde,<\/p>\n<p>als wir heute von der Reise nach <strong><a href=\"https:\/\/www.torgau.eu\/freizeit-tourismus\/was-ist-los-in-torgau\/elbeday\" target=\"_blank\" rel=\"noopener\">Torgau zum Elbetag<\/a> <\/strong>zur\u00fcckgekommen sind, haben wir das Gedicht von <a href=\"https:\/\/www.patrikbaab.de\/\" target=\"_blank\" rel=\"noopener\"><strong>Patrik Baab<\/strong><\/a> gefunden, denn <strong>Wolfgang Sch\u00fcrer<\/strong> (<em>Red: Vorsitzender des Kreisverbandes Offenbach a. M. der Freidenker) <\/em>hat es weiter geleitet. Das Gedicht wurde dort \u00fcbertragen. Beim Zuh\u00f6ren im Menschenget\u00fcmmel konnte ich nicht alles so gut verstehen, danke deshalb f\u00fcr die M\u00f6glichkeit, diesen Text hier nachlesen zu k\u00f6nnen. Ich erinnere mich daran, als ich das erste Mal in meinem Leben die Texte von <a href=\"https:\/\/www.wolfgangborchert.de\/\" target=\"_blank\" rel=\"noopener\"><strong>Wolfgang Borchert<\/strong><\/a> gelesen habe. Sie haben mich tief ersch\u00fcttert, so wie dieser Text von Patrik Baab.<\/p>\n<div id=\"attachment_3623\" style=\"width: 505px\" class=\"wp-caption alignnone\"><img data-recalc-dims=\"1\" loading=\"lazy\" decoding=\"async\" aria-describedby=\"caption-attachment-3623\" data-attachment-id=\"3623\" data-permalink=\"https:\/\/www.rheinland-pfalz-saarland.freidenker.org\/cms\/?attachment_id=3623\" data-orig-file=\"https:\/\/i0.wp.com\/www.rheinland-pfalz-saarland.freidenker.org\/cms\/wp-content\/uploads\/2025\/04\/Monika-Krotter-Hartmann.webp?fit=1600%2C1200&amp;ssl=1\" data-orig-size=\"1600,1200\" data-comments-opened=\"0\" data-image-meta=\"{&quot;aperture&quot;:&quot;0&quot;,&quot;credit&quot;:&quot;&quot;,&quot;camera&quot;:&quot;&quot;,&quot;caption&quot;:&quot;&quot;,&quot;created_timestamp&quot;:&quot;0&quot;,&quot;copyright&quot;:&quot;&quot;,&quot;focal_length&quot;:&quot;0&quot;,&quot;iso&quot;:&quot;0&quot;,&quot;shutter_speed&quot;:&quot;0&quot;,&quot;title&quot;:&quot;&quot;,&quot;orientation&quot;:&quot;0&quot;}\" data-image-title=\"Monika Krotter-Hartmann\" data-image-description=\"\" data-image-caption=\"\" data-medium-file=\"https:\/\/i0.wp.com\/www.rheinland-pfalz-saarland.freidenker.org\/cms\/wp-content\/uploads\/2025\/04\/Monika-Krotter-Hartmann.webp?fit=300%2C225&amp;ssl=1\" data-large-file=\"https:\/\/i0.wp.com\/www.rheinland-pfalz-saarland.freidenker.org\/cms\/wp-content\/uploads\/2025\/04\/Monika-Krotter-Hartmann.webp?fit=371%2C278&amp;ssl=1\" class=\"wp-image-3623\" src=\"https:\/\/i0.wp.com\/www.rheinland-pfalz-saarland.freidenker.org\/cms\/wp-content\/uploads\/2025\/04\/Monika-Krotter-Hartmann.webp?resize=495%2C371&#038;ssl=1\" alt=\"Monika Krotter-Hartmann \" width=\"495\" height=\"371\" srcset=\"https:\/\/i0.wp.com\/www.rheinland-pfalz-saarland.freidenker.org\/cms\/wp-content\/uploads\/2025\/04\/Monika-Krotter-Hartmann.webp?w=1600&amp;ssl=1 1600w, https:\/\/i0.wp.com\/www.rheinland-pfalz-saarland.freidenker.org\/cms\/wp-content\/uploads\/2025\/04\/Monika-Krotter-Hartmann.webp?resize=300%2C225&amp;ssl=1 300w, https:\/\/i0.wp.com\/www.rheinland-pfalz-saarland.freidenker.org\/cms\/wp-content\/uploads\/2025\/04\/Monika-Krotter-Hartmann.webp?resize=1024%2C768&amp;ssl=1 1024w, https:\/\/i0.wp.com\/www.rheinland-pfalz-saarland.freidenker.org\/cms\/wp-content\/uploads\/2025\/04\/Monika-Krotter-Hartmann.webp?resize=768%2C576&amp;ssl=1 768w, https:\/\/i0.wp.com\/www.rheinland-pfalz-saarland.freidenker.org\/cms\/wp-content\/uploads\/2025\/04\/Monika-Krotter-Hartmann.webp?resize=1536%2C1152&amp;ssl=1 1536w\" sizes=\"auto, (max-width: 495px) 100vw, 495px\" \/><p id=\"caption-attachment-3623\" class=\"wp-caption-text\">Monika Krotter-Hartmann (links)<\/p><\/div>\n<p>Die Feierlichkeiten der Stadt Torgau waren aufwendig, wie jedes Jahr. Blumenkr\u00e4nze, Reden, Gesang. Doch hat die Stadt Torgau es leider nicht geschafft, den Befreiern w\u00fcrdig zu danken. Die Teilnahme des Russischen Botschafters wurde geduldet, er wurde nicht von der Polizei davon getragen, aber er wurde geschm\u00e4ht und beleidigt. Ein Teil der Anwesenden hat darauf mit Unmut und Buhrufen reagiert, ein anderer Teil hat sich verhalten, wie Claqueure es tun.<\/p>\n<p><img data-recalc-dims=\"1\" loading=\"lazy\" decoding=\"async\" data-attachment-id=\"3598\" data-permalink=\"https:\/\/www.rheinland-pfalz-saarland.freidenker.org\/cms\/?attachment_id=3598\" data-orig-file=\"https:\/\/i0.wp.com\/www.rheinland-pfalz-saarland.freidenker.org\/cms\/wp-content\/uploads\/2025\/04\/Elbe-Tag_2025.webp?fit=800%2C450&amp;ssl=1\" data-orig-size=\"800,450\" data-comments-opened=\"0\" data-image-meta=\"{&quot;aperture&quot;:&quot;0&quot;,&quot;credit&quot;:&quot;&quot;,&quot;camera&quot;:&quot;&quot;,&quot;caption&quot;:&quot;&quot;,&quot;created_timestamp&quot;:&quot;0&quot;,&quot;copyright&quot;:&quot;&quot;,&quot;focal_length&quot;:&quot;0&quot;,&quot;iso&quot;:&quot;0&quot;,&quot;shutter_speed&quot;:&quot;0&quot;,&quot;title&quot;:&quot;&quot;,&quot;orientation&quot;:&quot;0&quot;}\" data-image-title=\"Elbe-Tag_2025\" data-image-description=\"\" data-image-caption=\"\" data-medium-file=\"https:\/\/i0.wp.com\/www.rheinland-pfalz-saarland.freidenker.org\/cms\/wp-content\/uploads\/2025\/04\/Elbe-Tag_2025.webp?fit=300%2C169&amp;ssl=1\" data-large-file=\"https:\/\/i0.wp.com\/www.rheinland-pfalz-saarland.freidenker.org\/cms\/wp-content\/uploads\/2025\/04\/Elbe-Tag_2025.webp?fit=495%2C278&amp;ssl=1\" class=\"alignnone wp-image-3598\" src=\"https:\/\/i0.wp.com\/www.rheinland-pfalz-saarland.freidenker.org\/cms\/wp-content\/uploads\/2025\/04\/Elbe-Tag_2025.webp?resize=495%2C278&#038;ssl=1\" alt=\"Elbe-Tag Torgau\" width=\"495\" height=\"278\" srcset=\"https:\/\/i0.wp.com\/www.rheinland-pfalz-saarland.freidenker.org\/cms\/wp-content\/uploads\/2025\/04\/Elbe-Tag_2025.webp?w=800&amp;ssl=1 800w, https:\/\/i0.wp.com\/www.rheinland-pfalz-saarland.freidenker.org\/cms\/wp-content\/uploads\/2025\/04\/Elbe-Tag_2025.webp?resize=300%2C169&amp;ssl=1 300w, https:\/\/i0.wp.com\/www.rheinland-pfalz-saarland.freidenker.org\/cms\/wp-content\/uploads\/2025\/04\/Elbe-Tag_2025.webp?resize=768%2C432&amp;ssl=1 768w\" sizes=\"auto, (max-width: 495px) 100vw, 495px\" \/><\/p>\n<p>Der H\u00e4ndedruck am Elbe-Tag 1945 zwischen den Soldaten der Sowjetarmee und der US-Armee war ein H\u00f6hepunkt in der Geschichte gegen Faschismus und Krieg. Am Elbe-Tag 2025 ist es leider nicht gelungen, zu einer gemeinsamen Aktion zu kommen. Es gab zwei Veranstaltungen, nebeneinander und beide inhaltlich sehr gut! Viele w\u00fcnschen sich, dass dieser Zustand ver\u00e4ndert wird.<\/p>\n<p>&nbsp;<\/p>\n<p><strong>Hier aber nun das Gedicht von Patrik Baab:<\/strong><\/p>\n<p><a href=\"https:\/\/www.manova.news\/artikel\/zieh-in-den-krieg\" target=\"_blank\" rel=\"noopener\">https:\/\/www.manova.news\/artikel\/zieh-in-den-krieg<\/a><br \/>\n26.4.2025<\/p>\n<h3><strong>Zieh in den Krieg!<\/strong><\/h3>\n<p><strong>Patrik Baab appelliert an den 16-j\u00e4hrigen Theo, der in einer Talkshow angab, in seiner Freizeit Orgel zu spielen, nun aber entschlossen sei, zur Bundeswehr zu gehen.<\/strong><\/p>\n<p><strong><iframe loading=\"lazy\" title=\"YouTube video player\" src=\"https:\/\/www.youtube.com\/embed\/ukLSGRI_o-M?si=1rqQ55kMC9rACBjF\" width=\"495\" height=\"278\" frameborder=\"0\" allowfullscreen=\"allowfullscreen\"><span style=\"display: inline-block; width: 0px; overflow: hidden; line-height: 0;\" data-mce-type=\"bookmark\" class=\"mce_SELRES_start\">\ufeff<\/span><\/iframe><br \/>\n<\/strong><br \/>\nViele hat man zum Milit\u00e4r gezwungen \u2014 immer wieder gibt es aber auch junge Menschen, die freiwillig \u201edienen\u201c. Was soll man ihnen als erfahrener Mensch sagen? Wirklich hindern kann man sie nicht daran. Patrik Baab, der der Realit\u00e4t des Krieges in der Ostukraine und anderswo sehr nahe kam, w\u00e4hlt den Weg einer paradoxen Empfehlung, die in Wahrheit eher eine Warnung ist:<strong> \u201eGeh doch!\u201c Aber sei dir bewusst, wie unfassbar schrecklich Krieg ist.<\/strong> Diese Aussage schm\u00fcckt Baab mit drastischen Details aus. Sein sachliches und zugleich sehr emotionales Gedicht ist auch an all jene gerichtet, die Krieg heute wieder als bew\u00e4ltigbare Option der Realpolitik verharmlosen.<\/p>\n<p>von Patrik Baab<\/p>\n<p>&nbsp;<\/p>\n<blockquote><p><strong>Du willst tun, was wirklich z\u00e4hlt? Dann mach\u2019s!<\/strong><br \/>\nGeh zur Bundeswehr!<br \/>\nDu willst westliche Werte verteidigen, unsere Freiheit, wie damals in Afghanistan?<br \/>\nDann geh!<br \/>\nIch bin alt. Ich werde dich nicht hindern.<br \/>\nDu willst wissen, was Krieg hei\u00dft? Dann geh!<br \/>\nZieh in den Krieg!<\/p>\n<p>Du willst dein Vaterland verteidigen? Dann geh!<br \/>\nLass dir erz\u00e4hlen, dass die Russen kommen,<br \/>\ndass Putin morgen vor der T\u00fcr steht,<br \/>\nwenn wir ihn nicht heute im Donbass von uns halten!<br \/>\nGlaube, was sie dir sagen, denn wer nichts wei\u00df, muss viel glauben,<br \/>\nund wer unserer Propaganda nicht glaubt, betreibt das Gesch\u00e4ft unserer Feinde!<br \/>\nLass dich aufhetzen gegen die Russen!<br \/>\nGeh! Augen zu und durch!<br \/>\nGeh dahin, wo die schwarze Erde jetzt schon getr\u00e4nkt ist<br \/>\nMit dem Blut Hunderttausender Ukrainer und Russen.<br \/>\nGeh!<br \/>\nAuch \u00fcber deinen Leichnam wird Gras wachsen.<\/p>\n<p>Komm mit mir nach Donezk,<br \/>\nwo schon die Kinder lernen, was Krieg hei\u00dft,<br \/>\nwo dieser Krieg nicht 2022 begonnen hat, sondern bereits 2014,<br \/>\nauf dem Maidan,<br \/>\nwo dieser Krieg mit den Morden des Rechten Sektors angefangen hat,<br \/>\nwas du in der Schule nicht h\u00f6rst, nicht in den Universit\u00e4ten.<br \/>\nKomm mit mir in die Stadt,<br \/>\nwo jeder wei\u00df, was es hei\u00dft, in der Todeszone zu leben.<br \/>\nWo Schulkinder beim Pausenklingeln unter den Tisch kriechen,<br \/>\nweil sie den n\u00e4chsten Bombenalarm f\u00fcrchten,<br \/>\nund wo sie nachts, in ihren Tr\u00e4umen,<br \/>\nein Leben lang dem Tod zusehen, wie er seine Arbeit macht.<br \/>\nKomm mit mir nach Mariupol,<br \/>\nwo an der Kellerwand steht mit wei\u00dfer Farbe: Sdez Detje! Hier leben noch Kinder!<br \/>\nAber der Keller ist ausgebrannt.<br \/>\nHier lebt niemand mehr.<\/p>\n<p>Wenn du erfahren willst, was Krieg hei\u00dft, dann komm!<br \/>\nWenn du mit mir kommen willst zur Kontaktlinie, komm!<br \/>\nKomm,<br \/>\nwenn du durch ausgebrannte Fensterh\u00f6hlen in den Abgrund schauen willst,<br \/>\nwenn du im Stra\u00dfengraben nicht pinkeln kannst, weil da Schmetterlingsminen liegen,<br \/>\nwenn du dich tagelang nicht waschen kannst,<br \/>\nwenn die letzte Ration von Maden zerfressen ist und es sonst nichts mehr zu fressen<br \/>\ngibt,<br \/>\nwenn du in feuchten Kellern mit anderen verdreckten und verst\u00f6rten Menschen<br \/>\ndie schmierige Br\u00fche aus der Heizung leckst,<br \/>\nwenn du nur Dreckwasser zu trinken hast,<br \/>\nwenn du dir an diesem dreckigen, verseuchten Wasser die Ruhr holst,<br \/>\nwenn du \u00fcber dem Donnerbalken schei\u00dfen musst und<br \/>\nwenn du kein Gras mehr findest, dir den Arsch abzuwischen,<br \/>\nwenn du am ersten, am zweiten, am dritten, am vierten, am f\u00fcnften Tag immer noch dieselbe Unterhose tr\u00e4gst und der alte, verh\u00e4rtete Kot sich darin sammelt,<br \/>\nwenn du nachts in deinem durchn\u00e4ssten Armeeparka im Dreck liegst und<br \/>\nwenn du dir im Winter auf einer Pritsche im eiskalten Unterstand Erfrierungen holst,<br \/>\nwenn L\u00e4use und Fl\u00f6he deine stinkende Uniform befallen,<br \/>\nwenn Myriaden von Wanzen sich an deiner Haut n\u00e4hren,<br \/>\nwenn du die Kr\u00e4tze bekommst,<br \/>\nwenn dir der kalte, feuchte Schlamm, in dem du tagein, tagaus kn\u00f6cheltief stehst,<br \/>\ndie Haut am Fu\u00df bl\u00e4ulich grau f\u00e4rben und deinen Fu\u00df allm\u00e4hlich abfaulen l\u00e4sst,<br \/>\nwenn die amputierten, blutigen Grabenf\u00fc\u00dfe auf einem Haufen im Dreck liegen,<br \/>\nwenn die Ratten an den Leichen nagen und die Kr\u00e4hen den Toten die Augen und D\u00e4rme<br \/>\nausfressen,<br \/>\nwenn du die Trillerpfeife der Offiziere h\u00f6rst,<br \/>\nwenn sie dich mit gezogener Pistole den Finger am Abzug auf die Leiter und aus dem Sch\u00fctzengraben ins Maschinengewehrfeuer jagen, in die Minenfelder,<br \/>\nwenn die Drohnen im Schwarm auf dich zugeflogen kommen,<br \/>\nwenn du nachts nicht schlafen kannst, weil die Verwundeten in den Stacheldrahtverhauen festh\u00e4ngen und st\u00f6hnen und nach ihrer Mutter flehen,<br \/>\nwenn du im Lazarett dich auf einem dreckigen Laken windest und dein Fu\u00df juckt und du dich am Fu\u00df kratzen willst, aber da ist kein Fu\u00df mehr, weil dein Bein amputiert wurde,<br \/>\nwenn nur der Phantomschmerz dich daran erinnert, dass du einmal ein Bein gehabt<br \/>\nhast,<br \/>\nwo jetzt nur ein Stumpf in einem durchgebluteten Verband steckt,<br \/>\nwenn die Raketen dein Telefon anpeilen und in kalter Geometrie ihr Ziel erreichen,<br \/>\nwenn von deinem Panzer nur geschmolzenes Metall bleibt,<br \/>\nwenn du bei 1.400 Grad im Feuerball vergl\u00fchst,<br \/>\ndann wei\u00dft du, was Krieg hei\u00dft.<\/p>\n<p>Also geh!<br \/>\nHol dir diesen Geschmack von Freiheit und Abenteuer!<br \/>\nGeh und werde ein Held!<br \/>\nGeh, wenn Macht und Medien zusammenhalten wie Pech und Schwefel.<br \/>\nGib dein Leben f\u00fcr jene, die dich dorthin schicken, aber selbst dorthin nicht gehen!<br \/>\nHab\u2019 kein Mitleid mit dir selbst! Geh!<br \/>\nGeh in den Tod f\u00fcr jene, die Volksreden halten in TV-Quasselrunden,<br \/>\ndie in der Etappe bleiben oder im Bunker und ihre eigenen Kinder in den letzten Flieger<br \/>\nsetzen nach \u00dcbersee,<br \/>\n\u00fcberzeugte Transatlantiker, die sie sind.<br \/>\nGeh!<br \/>\nWenn du f\u00e4llst, werden die B\u00f6rsenkurse steigen!<br \/>\nAlso geh!<\/p>\n<p>Aber vorher<br \/>\nschau sie dir an,<br \/>\nwie sie hinter ihren Schreibtischen sitzen in ihren Redaktionen und in der Kaffeetasse<br \/>\nr\u00fchren,<br \/>\ndie Maulhelden, die selbst ihre Kinder nicht in den Graben schicken,<br \/>\nschau sie dir genau an,<br \/>\ndie Hasardeure und H\u00fctchenspieler in der Regierung, die Taurus liefern wollen,<br \/>\naber sich selbst beim ersten Flintenschuss einfeuchten,<br \/>\nschau sie dir an,<br \/>\ndie R\u00fcstungsbosse, die Sektkorken knallen lassen, w\u00e4hrend andere an ihren Waffen<br \/>\nverbluten.<br \/>\nSchau sie dir genau an.<br \/>\nDenn du musst diesen Typen nur ins Gesicht sehen.<\/p><\/blockquote>\n<p>&nbsp;<\/p>\n<h3>zum Thema siehe auch:<\/h3>\n<p><a href=\"https:\/\/www.freidenker.org\/?p=21305&amp;\" target=\"_blank\" rel=\"noopener\"><strong>Freidenker.org: Elbe-Tag: 80. Jahrestag der Begegnung\u00a0<\/strong><\/a><\/p>\n<p>&nbsp;<\/p>\n<p class=\"cm-entry-title\"><a href=\"https:\/\/www.freidenker.org\/?p=21679\" target=\"_blank\" rel=\"noopener\"><strong>Klaus Hartmann: 80 Jahre Begegnung an der Elbe \u2013 Stadt Torgau gestaltet einen Tag der W\u00fcrdelosigkeit<\/strong><\/a><\/p>\n<p>(inkl. Bilder-und Videogalerie)<\/p>\n<p><a href=\"https:\/\/www.freidenker.org\/?p=21679\" target=\"_blank\" rel=\"noopener\"><img data-recalc-dims=\"1\" loading=\"lazy\" decoding=\"async\" data-attachment-id=\"3624\" data-permalink=\"https:\/\/www.rheinland-pfalz-saarland.freidenker.org\/cms\/?attachment_id=3624\" data-orig-file=\"https:\/\/i0.wp.com\/www.rheinland-pfalz-saarland.freidenker.org\/cms\/wp-content\/uploads\/2025\/04\/Torgau-2025_800x450.webp?fit=800%2C450&amp;ssl=1\" data-orig-size=\"800,450\" data-comments-opened=\"0\" data-image-meta=\"{&quot;aperture&quot;:&quot;0&quot;,&quot;credit&quot;:&quot;&quot;,&quot;camera&quot;:&quot;&quot;,&quot;caption&quot;:&quot;&quot;,&quot;created_timestamp&quot;:&quot;0&quot;,&quot;copyright&quot;:&quot;&quot;,&quot;focal_length&quot;:&quot;0&quot;,&quot;iso&quot;:&quot;0&quot;,&quot;shutter_speed&quot;:&quot;0&quot;,&quot;title&quot;:&quot;&quot;,&quot;orientation&quot;:&quot;0&quot;}\" data-image-title=\"Torgau-2025_800x450\" data-image-description=\"\" data-image-caption=\"\" data-medium-file=\"https:\/\/i0.wp.com\/www.rheinland-pfalz-saarland.freidenker.org\/cms\/wp-content\/uploads\/2025\/04\/Torgau-2025_800x450.webp?fit=300%2C169&amp;ssl=1\" data-large-file=\"https:\/\/i0.wp.com\/www.rheinland-pfalz-saarland.freidenker.org\/cms\/wp-content\/uploads\/2025\/04\/Torgau-2025_800x450.webp?fit=495%2C278&amp;ssl=1\" class=\"alignnone wp-image-3624\" title=\"zum Artikel...\" src=\"https:\/\/i0.wp.com\/www.rheinland-pfalz-saarland.freidenker.org\/cms\/wp-content\/uploads\/2025\/04\/Torgau-2025_800x450.webp?resize=495%2C278&#038;ssl=1\" alt=\"Elbe-Tag Torgau 2025\" width=\"495\" height=\"278\" srcset=\"https:\/\/i0.wp.com\/www.rheinland-pfalz-saarland.freidenker.org\/cms\/wp-content\/uploads\/2025\/04\/Torgau-2025_800x450.webp?w=800&amp;ssl=1 800w, https:\/\/i0.wp.com\/www.rheinland-pfalz-saarland.freidenker.org\/cms\/wp-content\/uploads\/2025\/04\/Torgau-2025_800x450.webp?resize=300%2C169&amp;ssl=1 300w, https:\/\/i0.wp.com\/www.rheinland-pfalz-saarland.freidenker.org\/cms\/wp-content\/uploads\/2025\/04\/Torgau-2025_800x450.webp?resize=768%2C432&amp;ssl=1 768w\" sizes=\"auto, (max-width: 495px) 100vw, 495px\" \/><\/a><\/p>\n<p>&nbsp;<\/p>\n<p><a class=\"yt-simple-endpoint style-scope yt-formatted-string\" spellcheck=\"false\" href=\"https:\/\/www.youtube.com\/@eingeSCHENKTtv\"><strong>eingeSCHENKt.tv<\/strong><\/a><strong> &#8211; Torgau f\u00fcr Frieden \u2013 80 Jahre Elbe Day:<\/strong><\/p>\n<p><iframe loading=\"lazy\" title=\"YouTube video player\" src=\"https:\/\/www.youtube.com\/embed\/Lh9YDrPhx9c?si=gvfa9twcgOAajL4o\" width=\"495\" height=\"278\" frameborder=\"0\" allowfullscreen=\"allowfullscreen\" data-mce-fragment=\"1\"><span data-mce-type=\"bookmark\" class=\"mce_SELRES_start\">\ufeff<\/span><span data-mce-type=\"bookmark\" class=\"mce_SELRES_start\">\ufeff<\/span><\/iframe><\/p>\n<p>&nbsp;<\/p>\n<p class=\"cm-entry-title\"><a href=\"https:\/\/www.freidenker.org\/?p=21716\" target=\"_blank\" rel=\"noopener\"><strong>Wer aus der Geschichte nicht lernt, ist verdammt sie zu wiederholen<\/strong><\/a><\/p>\n<p><em>&#8222;Seit 2012 Jahren findet auf der ganzen Welt, auch in mehreren deutschen St\u00e4dten allj\u00e4hrlich vor dem 9. Mai der Gedenkmarsch \u201eUnsterbliches Regiment\u201c statt, bei dem der Gefallenen der Roten Armee im Gro\u00dfen Vaterl\u00e4ndischen Krieg durch ihre Nachfahren gedacht wird. Zu der [diesj\u00e4hrigen] Veranstaltung in Frankfurt am Main dokumentieren wir das Gru\u00dfwort von Sebastian Bahlo und einige Bilder.&#8220;<\/em><\/p>\n<p><a href=\"https:\/\/www.freidenker.org\/?p=21716\" target=\"_blank\" rel=\"noopener\"><img data-recalc-dims=\"1\" loading=\"lazy\" decoding=\"async\" data-attachment-id=\"3622\" data-permalink=\"https:\/\/www.rheinland-pfalz-saarland.freidenker.org\/cms\/?attachment_id=3622\" data-orig-file=\"https:\/\/i0.wp.com\/www.rheinland-pfalz-saarland.freidenker.org\/cms\/wp-content\/uploads\/2025\/04\/Unsterbliches_Regiment_FaM_2025_800x450.webp?fit=800%2C450&amp;ssl=1\" data-orig-size=\"800,450\" data-comments-opened=\"0\" data-image-meta=\"{&quot;aperture&quot;:&quot;0&quot;,&quot;credit&quot;:&quot;&quot;,&quot;camera&quot;:&quot;&quot;,&quot;caption&quot;:&quot;&quot;,&quot;created_timestamp&quot;:&quot;0&quot;,&quot;copyright&quot;:&quot;&quot;,&quot;focal_length&quot;:&quot;0&quot;,&quot;iso&quot;:&quot;0&quot;,&quot;shutter_speed&quot;:&quot;0&quot;,&quot;title&quot;:&quot;&quot;,&quot;orientation&quot;:&quot;0&quot;}\" data-image-title=\"Unsterbliches_Regiment_FaM_2025_800x450\" data-image-description=\"\" data-image-caption=\"\" data-medium-file=\"https:\/\/i0.wp.com\/www.rheinland-pfalz-saarland.freidenker.org\/cms\/wp-content\/uploads\/2025\/04\/Unsterbliches_Regiment_FaM_2025_800x450.webp?fit=300%2C169&amp;ssl=1\" data-large-file=\"https:\/\/i0.wp.com\/www.rheinland-pfalz-saarland.freidenker.org\/cms\/wp-content\/uploads\/2025\/04\/Unsterbliches_Regiment_FaM_2025_800x450.webp?fit=495%2C278&amp;ssl=1\" class=\"alignnone wp-image-3622\" title=\"zum Artikel...\" src=\"https:\/\/i0.wp.com\/www.rheinland-pfalz-saarland.freidenker.org\/cms\/wp-content\/uploads\/2025\/04\/Unsterbliches_Regiment_FaM_2025_800x450.webp?resize=495%2C278&#038;ssl=1\" alt=\"Wer aus der Geschichte nicht lernt, ist verdammt sie zu wiederholen\" width=\"495\" height=\"278\" srcset=\"https:\/\/i0.wp.com\/www.rheinland-pfalz-saarland.freidenker.org\/cms\/wp-content\/uploads\/2025\/04\/Unsterbliches_Regiment_FaM_2025_800x450.webp?w=800&amp;ssl=1 800w, https:\/\/i0.wp.com\/www.rheinland-pfalz-saarland.freidenker.org\/cms\/wp-content\/uploads\/2025\/04\/Unsterbliches_Regiment_FaM_2025_800x450.webp?resize=300%2C169&amp;ssl=1 300w, https:\/\/i0.wp.com\/www.rheinland-pfalz-saarland.freidenker.org\/cms\/wp-content\/uploads\/2025\/04\/Unsterbliches_Regiment_FaM_2025_800x450.webp?resize=768%2C432&amp;ssl=1 768w\" sizes=\"auto, (max-width: 495px) 100vw, 495px\" \/><\/a><\/p>\n<p>&nbsp;<\/p>\n<p><strong>Wolfgang Borchert \u201eDrau\u00dfen vor der T\u00fcr\u201c &#8211; H\u00f6rspiel (NWDR 1947):<\/strong><\/p>\n<p><iframe loading=\"lazy\" title=\"YouTube video player\" src=\"https:\/\/www.youtube.com\/embed\/WOYjv9Tsd_o?si=ALZrdIQ49Cnzw0C4\" width=\"495\" height=\"278\" frameborder=\"0\" allowfullscreen=\"allowfullscreen\"><\/iframe><\/p>\n<p>&nbsp;<\/p>\n<p><strong>Richard David Precht<\/strong> Interview-Ausschnitt (mit Moderator Markus Feldenkirchen vom Spiegel) &#8211; \u201eMein Sohn k\u00e4mpft nicht gegen Russland\u201c:<\/p>\n<p><iframe loading=\"lazy\" title=\"YouTube video player\" src=\"https:\/\/www.youtube.com\/embed\/YnJwul39kgE?si=wmz_riciDKDK9gpK&amp;start=11\" width=\"495\" height=\"278\" frameborder=\"0\" allowfullscreen=\"allowfullscreen\"><span style=\"display: inline-block; width: 0px; overflow: hidden; line-height: 0;\" data-mce-type=\"bookmark\" class=\"mce_SELRES_start\">\ufeff<\/span><\/iframe><\/p>\n<p>&nbsp;<\/p>\n<hr \/>\n<h6>Bild(er): Ausschnitt aus dem Flyer, V.i.S.d.P.: Gerd Brucks; Bilder vom Elbe-Tag: Ralf Lux; Gedenkmarsch \u201eUnsterbliches Regiment\u201c: Arbeiterfotografie<\/h6>\n<p>&nbsp;<\/p>\n","protected":false},"excerpt":{"rendered":"<p>von Monika Krotter-Hartmann Liebe Genossinnen und Genossen, liebe Freundinnen und Freunde, als wir heute von der Reise nach Torgau zum Elbetag zur\u00fcckgekommen sind, haben wir das Gedicht von Patrik Baab gefunden, denn Wolfgang Sch\u00fcrer (Red: Vorsitzender des Kreisverbandes Offenbach a. M. der Freidenker) hat es weiter geleitet. Das Gedicht wurde dort \u00fcbertragen. Beim Zuh\u00f6ren im [&hellip;]<\/p>\n","protected":false},"author":5,"featured_media":0,"comment_status":"closed","ping_status":"open","sticky":false,"template":"","format":"standard","meta":{"jetpack_post_was_ever_published":false,"_jetpack_newsletter_access":"","_jetpack_dont_email_post_to_subs":false,"_jetpack_newsletter_tier_id":0,"_jetpack_memberships_contains_paywalled_content":false,"_jetpack_memberships_contains_paid_content":false,"footnotes":""},"categories":[1,8,10],"tags":[],"class_list":["post-3588","post","type-post","status-publish","format-standard","hentry","category-allgemein","category-mitgliederinformationen","category-termine-veranstaltungen"],"jetpack_featured_media_url":"","jetpack_shortlink":"https:\/\/wp.me\/p4d9vn-VS","jetpack_sharing_enabled":true,"_links":{"self":[{"href":"https:\/\/www.rheinland-pfalz-saarland.freidenker.org\/cms\/index.php?rest_route=\/wp\/v2\/posts\/3588","targetHints":{"allow":["GET"]}}],"collection":[{"href":"https:\/\/www.rheinland-pfalz-saarland.freidenker.org\/cms\/index.php?rest_route=\/wp\/v2\/posts"}],"about":[{"href":"https:\/\/www.rheinland-pfalz-saarland.freidenker.org\/cms\/index.php?rest_route=\/wp\/v2\/types\/post"}],"author":[{"embeddable":true,"href":"https:\/\/www.rheinland-pfalz-saarland.freidenker.org\/cms\/index.php?rest_route=\/wp\/v2\/users\/5"}],"replies":[{"embeddable":true,"href":"https:\/\/www.rheinland-pfalz-saarland.freidenker.org\/cms\/index.php?rest_route=%2Fwp%2Fv2%2Fcomments&post=3588"}],"version-history":[{"count":13,"href":"https:\/\/www.rheinland-pfalz-saarland.freidenker.org\/cms\/index.php?rest_route=\/wp\/v2\/posts\/3588\/revisions"}],"predecessor-version":[{"id":3627,"href":"https:\/\/www.rheinland-pfalz-saarland.freidenker.org\/cms\/index.php?rest_route=\/wp\/v2\/posts\/3588\/revisions\/3627"}],"wp:attachment":[{"href":"https:\/\/www.rheinland-pfalz-saarland.freidenker.org\/cms\/index.php?rest_route=%2Fwp%2Fv2%2Fmedia&parent=3588"}],"wp:term":[{"taxonomy":"category","embeddable":true,"href":"https:\/\/www.rheinland-pfalz-saarland.freidenker.org\/cms\/index.php?rest_route=%2Fwp%2Fv2%2Fcategories&post=3588"},{"taxonomy":"post_tag","embeddable":true,"href":"https:\/\/www.rheinland-pfalz-saarland.freidenker.org\/cms\/index.php?rest_route=%2Fwp%2Fv2%2Ftags&post=3588"}],"curies":[{"name":"wp","href":"https:\/\/api.w.org\/{rel}","templated":true}]}}