{"id":3407,"date":"2025-02-22T17:29:25","date_gmt":"2025-02-22T16:29:25","guid":{"rendered":"https:\/\/www.rheinland-pfalz-saarland.freidenker.org\/cms\/?p=3407"},"modified":"2025-08-07T19:39:46","modified_gmt":"2025-08-07T17:39:46","slug":"tapferer-soldat-ein-gespraech-mit-sabiene-jahn-und-johannes-heibel","status":"publish","type":"post","link":"https:\/\/www.rheinland-pfalz-saarland.freidenker.org\/cms\/?p=3407","title":{"rendered":"Tapferer Soldat &#8211; Ein Gespr\u00e4ch mit Sabiene Jahn und Johannes Heibel"},"content":{"rendered":"<p><em><strong>Red.<\/strong><\/em><\/p>\n<p><a href=\"https:\/\/i0.wp.com\/www.rheinland-pfalz-saarland.freidenker.org\/cms\/wp-content\/uploads\/2025\/02\/Videoausschnitt-Tapferer-Soldat.jpg?ssl=1\" target=\"_blank\" rel=\"noopener\"><img data-recalc-dims=\"1\" loading=\"lazy\" decoding=\"async\" data-attachment-id=\"3428\" data-permalink=\"https:\/\/www.rheinland-pfalz-saarland.freidenker.org\/cms\/?attachment_id=3428\" data-orig-file=\"https:\/\/i0.wp.com\/www.rheinland-pfalz-saarland.freidenker.org\/cms\/wp-content\/uploads\/2025\/02\/Videoausschnitt-Tapferer-Soldat.jpg?fit=1542%2C948&amp;ssl=1\" data-orig-size=\"1542,948\" data-comments-opened=\"0\" data-image-meta=\"{&quot;aperture&quot;:&quot;0&quot;,&quot;credit&quot;:&quot;&quot;,&quot;camera&quot;:&quot;&quot;,&quot;caption&quot;:&quot;&quot;,&quot;created_timestamp&quot;:&quot;0&quot;,&quot;copyright&quot;:&quot;&quot;,&quot;focal_length&quot;:&quot;0&quot;,&quot;iso&quot;:&quot;0&quot;,&quot;shutter_speed&quot;:&quot;0&quot;,&quot;title&quot;:&quot;&quot;,&quot;orientation&quot;:&quot;0&quot;}\" data-image-title=\"Videoausschnitt Tapferer Soldat\" data-image-description=\"\" data-image-caption=\"\" data-medium-file=\"https:\/\/i0.wp.com\/www.rheinland-pfalz-saarland.freidenker.org\/cms\/wp-content\/uploads\/2025\/02\/Videoausschnitt-Tapferer-Soldat.jpg?fit=300%2C184&amp;ssl=1\" data-large-file=\"https:\/\/i0.wp.com\/www.rheinland-pfalz-saarland.freidenker.org\/cms\/wp-content\/uploads\/2025\/02\/Videoausschnitt-Tapferer-Soldat.jpg?fit=452%2C278&amp;ssl=1\" class=\"alignnone wp-image-3428\" title=\"vergr\u00f6\u00dfern...\" src=\"https:\/\/i0.wp.com\/www.rheinland-pfalz-saarland.freidenker.org\/cms\/wp-content\/uploads\/2025\/02\/Videoausschnitt-Tapferer-Soldat.jpg?resize=495%2C304&#038;ssl=1\" alt=\"Tapferer Soldat Johannes Heibel\" width=\"495\" height=\"304\" srcset=\"https:\/\/i0.wp.com\/www.rheinland-pfalz-saarland.freidenker.org\/cms\/wp-content\/uploads\/2025\/02\/Videoausschnitt-Tapferer-Soldat.jpg?w=1542&amp;ssl=1 1542w, https:\/\/i0.wp.com\/www.rheinland-pfalz-saarland.freidenker.org\/cms\/wp-content\/uploads\/2025\/02\/Videoausschnitt-Tapferer-Soldat.jpg?resize=300%2C184&amp;ssl=1 300w, https:\/\/i0.wp.com\/www.rheinland-pfalz-saarland.freidenker.org\/cms\/wp-content\/uploads\/2025\/02\/Videoausschnitt-Tapferer-Soldat.jpg?resize=1024%2C630&amp;ssl=1 1024w, https:\/\/i0.wp.com\/www.rheinland-pfalz-saarland.freidenker.org\/cms\/wp-content\/uploads\/2025\/02\/Videoausschnitt-Tapferer-Soldat.jpg?resize=768%2C472&amp;ssl=1 768w, https:\/\/i0.wp.com\/www.rheinland-pfalz-saarland.freidenker.org\/cms\/wp-content\/uploads\/2025\/02\/Videoausschnitt-Tapferer-Soldat.jpg?resize=1536%2C944&amp;ssl=1 1536w\" sizes=\"auto, (max-width: 495px) 100vw, 495px\" \/><\/a><\/p>\n<p>Ironie, Ernst und ein M\u00fchlstein: <strong>Sabiene Jahn<\/strong> spricht mit dem<strong> \u201eTapferen Soldat\u201c<\/strong> <strong>Johannes Heibel<\/strong> \u2013 Kindersch\u00fctzer, Friedensaktivist und Mann mit einem mindestens fast 1-Tonnen-schweren Statement. In diesem Gespr\u00e4ch geht es um Missst\u00e4nde, Verantwortung und Missbrauch und warum man manchmal mit Ironie beginnen muss, um den Ernst der Lage zu begreifen. <span class=\"yt-core-attributed-string yt-core-attributed-string--white-space-pre-wrap\" dir=\"auto\" role=\"text\"><span class=\"yt-core-attributed-string--link-inherit-color\" dir=\"auto\">Ein Gespr\u00e4ch \u00fcber Kinderschutz, Politik und eine Familiengeschichte, die es in sich hat \u2013 Garantiert nicht langweilig!<\/span><\/span><\/p>\n<p>Im ersten Teil des Videos (zirka 60 Minuten) geht es haupts\u00e4chlich um das Thema Krieg &amp; Frieden und im zweiten Teil (L\u00e4nge zirka 40 Minuten) um die Arbeit von <strong>Johannes Heibel<\/strong> f\u00fcr die <a href=\"http:\/\/www.initiative-gegen-gewalt.de\/htmls\/frame01.htm\" target=\"_blank\" rel=\"noopener\"><strong>Initiative gegen Gewalt und sexuellen Missbrauch an Kindern und Jugendlichen e. V. <\/strong><\/a><\/p>\n<p>Das Video wurde im Rahmen der Veranstaltungsreihe <a href=\"#Sprung_Koblenz_im_Dialog\"><strong>Koblenz: Im Dialog<\/strong><\/a> erstellt. <span class=\"yt-core-attributed-string yt-core-attributed-string--white-space-pre-wrap\" dir=\"auto\" role=\"text\"><span class=\"yt-core-attributed-string--link-inherit-color\" dir=\"auto\">Redaktion und Produktion:<strong> Sabiene Jahn.<br \/>\n<\/strong><\/span><\/span><\/p>\n<p><iframe loading=\"lazy\" title=\"YouTube video player\" src=\"https:\/\/www.youtube.com\/embed\/8bi_O0XW8kM\" width=\"495\" height=\"278\" frameborder=\"0\" allowfullscreen=\"allowfullscreen\"><\/iframe><\/p>\n<p>&nbsp;<\/p>\n<p><span class=\"yt-core-attributed-string yt-core-attributed-string--white-space-pre-wrap\" dir=\"auto\" role=\"text\"><span class=\"yt-core-attributed-string--link-inherit-color\" dir=\"auto\">Kurzes Video des darin besprochenen Besuchs von Johann Heibel bei einer Wahlkampfveranstaltung des B\u00dcNDNIS 90\/ DIE GR\u00dcNEN in Montabaur. Er trifft als Fan in Soldatenuniform auf Anton Hofreiter und spricht ihn auf Platt an. Der ist sichtlich irritiert und \u00fcberfordert&#8230;.<\/span><\/span><\/p>\n<p><iframe loading=\"lazy\" title=\"YouTube video player\" src=\"https:\/\/www.youtube.com\/embed\/zTxl0hLso-Y?si=MljPSDdHXsCYKpaH\" width=\"495\" height=\"278\" frameborder=\"0\" allowfullscreen=\"allowfullscreen\"><\/iframe><\/p>\n<blockquote><p><span class=\"yt-core-attributed-string yt-core-attributed-string--white-space-pre-wrap\" dir=\"auto\" role=\"text\"><span class=\"yt-core-attributed-string--link-inherit-color\" dir=\"auto\"><em>\u201e&#8230; Und deswegen will ich mich ganz herzlich bedanken bei dir. Und ich finde auch super, dass du den Pazifismus bei den Gr\u00fcnen abgeschafft hast. Die Kelly (Petra K. Kelly) ist ja Tod \u2013 wenn die nat\u00fcrlich noch leben w\u00fcrde, w\u00e4re sicher der Teufel los \u2013 aber du hast den abgeschafft, du hast klar gesagt, nur wenn man stark ist, k\u00f6nnen wir den Russ irgendwie besiegen oder den Russ abschrecken. Das hast du ganz deutlich, deutlich formuliert. Und ich bin ja hier f\u00fcr die Heimatfront, auch wenn einige lachen oder so, wir m\u00fcssen doch kriegst\u00fcchtig werden, das ist doch gesagt worden, auch von der Ampel die ganze Zeit, der General und alles. Das wissen wir doch oder nicht? &#8230;\u201c\u00a0<\/em> <\/span><\/span><\/p>\n<p><span class=\"yt-core-attributed-string yt-core-attributed-string--white-space-pre-wrap\" dir=\"auto\" role=\"text\"><span class=\"yt-core-attributed-string--link-inherit-color\" dir=\"auto\">(<a href=\"https:\/\/www.rheinland-pfalz-saarland.freidenker.org\/cms\/wp-content\/uploads\/2025\/02\/Heibel-trifft-Hofreiter.pdf\" target=\"_blank\" rel=\"noopener\">Transkript der gesamten &#8222;Gratulation<\/a>&#8220; f\u00fcr Nicht-Platt-Versteher)<\/span><\/span><\/p><\/blockquote>\n<p>&nbsp;<\/p>\n<div>\n<p><strong>Johannes Heibel<\/strong> wurde 1955 in Siershahn geboren, wo er bis heute lebt. Auf dem Grab seines Vaters, der im Zweiten Weltkrieg die Waffe niederlegte, installierte er ein \u201eMahnmal gegen den Krieg\u201c. Zur Erinnerung an das Schicksal seines Vaters gab er ein H\u00f6rbuch mit Original-Interviews heraus: \u201e<strong>Es geht alles vor\u00fcber, es geht alles vorbei \u2026 Biographie eines Fahnenfl\u00fcchtigen<\/strong>\u201c.\u00a0 (Das H\u00f6rbuch mit Begleitheft kann gegen eine Spende von 10 \u20ac f\u00fcr die Initiative gegen Gewalt und sexuellen Missbrauch an Kindern und Jugendlichen e. V. <a href=\"https:\/\/www.rheinland-pfalz-saarland.freidenker.org\/cms\/wp-content\/uploads\/2025\/02\/JH20230131BuchtippEH-Interviews.pdf\" target=\"_blank\" rel=\"noopener\"><strong>hier<\/strong><\/a> bezogen werden.)<\/p>\n<p>&nbsp;<\/p>\n<\/div>\n<div>\n<p>Im Jugend-, Kultur- und B\u00fcrgerzentrum \u201eZweite Heimat\u201c in H\u00f6hr-Grenzhausen gibt es Mitte M\u00e4rz die Gelegenheit, Johannes Heibel live zu erleben:<\/p>\n<h3>Das Erbe unserer V\u00e4ter<\/h3>\n<p>Autorin <strong>Ulrike M. Dierkes<\/strong> und Dipl.-Sozialp\u00e4dagoge <strong>Johannes Heibel<\/strong> im Gespr\u00e4ch \u00fcber die Kriegstraumata ihrer V\u00e4ter und was sie bei ihnen ausl\u00f6sten. Moderiert wird der Abend von <strong>Martin Ruthenberg<\/strong>, ehemaliger Moderator beim SWR.<\/p>\n<p><a href=\"https:\/\/www.rheinland-pfalz-saarland.freidenker.org\/cms\/wp-content\/uploads\/2025\/02\/Das-Erbe-unserer-Vaeter-WEB.pdf\" target=\"_blank\" rel=\"noopener\"><img data-recalc-dims=\"1\" loading=\"lazy\" decoding=\"async\" data-attachment-id=\"3415\" data-permalink=\"https:\/\/www.rheinland-pfalz-saarland.freidenker.org\/cms\/?attachment_id=3415\" data-orig-file=\"https:\/\/i0.wp.com\/www.rheinland-pfalz-saarland.freidenker.org\/cms\/wp-content\/uploads\/2025\/02\/Das-Erbe-unserer-Vaeter.jpg?fit=699%2C808&amp;ssl=1\" data-orig-size=\"699,808\" data-comments-opened=\"0\" data-image-meta=\"{&quot;aperture&quot;:&quot;0&quot;,&quot;credit&quot;:&quot;&quot;,&quot;camera&quot;:&quot;&quot;,&quot;caption&quot;:&quot;&quot;,&quot;created_timestamp&quot;:&quot;0&quot;,&quot;copyright&quot;:&quot;&quot;,&quot;focal_length&quot;:&quot;0&quot;,&quot;iso&quot;:&quot;0&quot;,&quot;shutter_speed&quot;:&quot;0&quot;,&quot;title&quot;:&quot;&quot;,&quot;orientation&quot;:&quot;0&quot;}\" data-image-title=\"Das Erbe unserer V\u00e4ter\" data-image-description=\"\" data-image-caption=\"\" data-medium-file=\"https:\/\/i0.wp.com\/www.rheinland-pfalz-saarland.freidenker.org\/cms\/wp-content\/uploads\/2025\/02\/Das-Erbe-unserer-Vaeter.jpg?fit=260%2C300&amp;ssl=1\" data-large-file=\"https:\/\/i0.wp.com\/www.rheinland-pfalz-saarland.freidenker.org\/cms\/wp-content\/uploads\/2025\/02\/Das-Erbe-unserer-Vaeter.jpg?fit=240%2C278&amp;ssl=1\" class=\"alignnone wp-image-3415\" title=\"zum pdf der Veranstaltung...\" src=\"https:\/\/i0.wp.com\/www.rheinland-pfalz-saarland.freidenker.org\/cms\/wp-content\/uploads\/2025\/02\/Das-Erbe-unserer-Vaeter.jpg?resize=495%2C572&#038;ssl=1\" alt=\"Das Erbe unserer V\u00e4ter\" width=\"495\" height=\"572\" srcset=\"https:\/\/i0.wp.com\/www.rheinland-pfalz-saarland.freidenker.org\/cms\/wp-content\/uploads\/2025\/02\/Das-Erbe-unserer-Vaeter.jpg?w=699&amp;ssl=1 699w, https:\/\/i0.wp.com\/www.rheinland-pfalz-saarland.freidenker.org\/cms\/wp-content\/uploads\/2025\/02\/Das-Erbe-unserer-Vaeter.jpg?resize=260%2C300&amp;ssl=1 260w\" sizes=\"auto, (max-width: 495px) 100vw, 495px\" \/><\/a><\/p>\n<p>&nbsp;<\/p>\n<blockquote>\n<h3>Wann \/ Wo:<\/h3>\n<h4>Am Freitag, den 14. M\u00e4rz 2025, um 19:00 Uhr (Einlass 18:30 h)<\/h4>\n<h4>Jugend- &amp; Kulturzentrum Zweite Heimat<br \/>\nD-56203 H\u00f6hr-Grenzhausen, Mittelstra\u00dfe 7<\/h4>\n<p><strong>Der Eintritt ist frei<\/strong><\/p>\n<p><a href=\"https:\/\/www.rheinland-pfalz-saarland.freidenker.org\/cms\/wp-content\/uploads\/2025\/02\/Das-Erbe-unserer-Vaeter-WEB.pdf\" target=\"_blank\" rel=\"noopener\">Einladungsflyer (pdf)<\/a><\/p><\/blockquote>\n<\/div>\n<p>&nbsp;<\/p>\n<h4 id=\"Sprung_Koblenz_im_Dialog\">Koblenz:\u00a0 im Dialog:<\/h4>\n<p><span class=\"yt-core-attributed-string yt-core-attributed-string--white-space-pre-wrap\" dir=\"auto\" role=\"text\"><span class=\"yt-core-attributed-string--link-inherit-color\" dir=\"auto\">Koblenz: Im Dialog ist eine Veranstaltungsreihe mit Experten-Vortr\u00e4gen, Interviews, Dokumentationen und pers\u00f6nlichem Austausch. Der B\u00fcrgerdialog m\u00f6chte den freien Meinungsaustausch unter Menschen f\u00f6rdern, die sich wohltuend und respektvoll begegnen.\u00a0<\/span><\/span><\/p>\n<p>Die betont parteifreie Veranstaltungsreihe wurde im M\u00e4rz 2018 von der Redakteurin und K\u00fcnstlerin <strong>Sabiene Jahn<\/strong> aus Koblenz ins Leben gerufen. Die Beobachtung, dass oft durch eine mangelnde Debattenkultur und die Anonymit\u00e4t der Nutzer des Internets auch eine zunehmende Entfremdung der Menschen untereinander und damit die Empathie vieler Nutzer f\u00fcreinander Schaden nahm, war die Idee f\u00fcr einen pers\u00f6nlichen Treffpunkt, um sich wieder gepflegt \u00fcber die Themen der Zeit miteinander auszutauschen.<\/p>\n<p><strong>Homepage:<\/strong>\u00a0 <a href=\"https:\/\/koblenzimdialog.de\/\" target=\"_blank\" rel=\"noopener\">https:\/\/koblenzimdialog.de\/<\/a><\/p>\n<p>Videos der Veranstaltungsreihe auf <strong>Youtube:\u00a0<\/strong> <a href=\"https:\/\/www.youtube.com\/@koblenzimdialog\" target=\"_blank\" rel=\"noopener\">https:\/\/www.youtube.com\/@koblenzimdialog<\/a><\/p>\n<p><span class=\"yt-core-attributed-string yt-core-attributed-string--white-space-pre-wrap\" dir=\"auto\" role=\"text\"><span class=\"yt-core-attributed-string--link-inherit-color\" dir=\"auto\"><strong>Kontakt:<\/strong> <a href=\"mailto:koblenzimdialog@gmail.com\" target=\"_blank\" rel=\"noopener\">koblenzimdialog@gmail.com<\/a><\/span><\/span><\/p>\n<p>&nbsp;<\/p>\n<hr \/>\n<h6>Bild(er): Screenshot aus Video: \u201eTapferer Soldat\u201c; Flyer zur Veranstaltung<\/h6>\n<p>&nbsp;<\/p>\n","protected":false},"excerpt":{"rendered":"<p>Red. Ironie, Ernst und ein M\u00fchlstein: Sabiene Jahn spricht mit dem \u201eTapferen Soldat\u201c Johannes Heibel \u2013 Kindersch\u00fctzer, Friedensaktivist und Mann mit einem mindestens fast 1-Tonnen-schweren Statement. In diesem Gespr\u00e4ch geht es um Missst\u00e4nde, Verantwortung und Missbrauch und warum man manchmal mit Ironie beginnen muss, um den Ernst der Lage zu begreifen. Ein Gespr\u00e4ch \u00fcber Kinderschutz, [&hellip;]<\/p>\n","protected":false},"author":5,"featured_media":0,"comment_status":"closed","ping_status":"open","sticky":false,"template":"","format":"standard","meta":{"jetpack_post_was_ever_published":false,"_jetpack_newsletter_access":"","_jetpack_dont_email_post_to_subs":false,"_jetpack_newsletter_tier_id":0,"_jetpack_memberships_contains_paywalled_content":false,"_jetpack_memberships_contains_paid_content":false,"footnotes":""},"categories":[1,10],"tags":[],"class_list":["post-3407","post","type-post","status-publish","format-standard","hentry","category-allgemein","category-termine-veranstaltungen"],"jetpack_featured_media_url":"","jetpack_shortlink":"https:\/\/wp.me\/p4d9vn-SX","jetpack_sharing_enabled":true,"_links":{"self":[{"href":"https:\/\/www.rheinland-pfalz-saarland.freidenker.org\/cms\/index.php?rest_route=\/wp\/v2\/posts\/3407","targetHints":{"allow":["GET"]}}],"collection":[{"href":"https:\/\/www.rheinland-pfalz-saarland.freidenker.org\/cms\/index.php?rest_route=\/wp\/v2\/posts"}],"about":[{"href":"https:\/\/www.rheinland-pfalz-saarland.freidenker.org\/cms\/index.php?rest_route=\/wp\/v2\/types\/post"}],"author":[{"embeddable":true,"href":"https:\/\/www.rheinland-pfalz-saarland.freidenker.org\/cms\/index.php?rest_route=\/wp\/v2\/users\/5"}],"replies":[{"embeddable":true,"href":"https:\/\/www.rheinland-pfalz-saarland.freidenker.org\/cms\/index.php?rest_route=%2Fwp%2Fv2%2Fcomments&post=3407"}],"version-history":[{"count":28,"href":"https:\/\/www.rheinland-pfalz-saarland.freidenker.org\/cms\/index.php?rest_route=\/wp\/v2\/posts\/3407\/revisions"}],"predecessor-version":[{"id":3443,"href":"https:\/\/www.rheinland-pfalz-saarland.freidenker.org\/cms\/index.php?rest_route=\/wp\/v2\/posts\/3407\/revisions\/3443"}],"wp:attachment":[{"href":"https:\/\/www.rheinland-pfalz-saarland.freidenker.org\/cms\/index.php?rest_route=%2Fwp%2Fv2%2Fmedia&parent=3407"}],"wp:term":[{"taxonomy":"category","embeddable":true,"href":"https:\/\/www.rheinland-pfalz-saarland.freidenker.org\/cms\/index.php?rest_route=%2Fwp%2Fv2%2Fcategories&post=3407"},{"taxonomy":"post_tag","embeddable":true,"href":"https:\/\/www.rheinland-pfalz-saarland.freidenker.org\/cms\/index.php?rest_route=%2Fwp%2Fv2%2Ftags&post=3407"}],"curies":[{"name":"wp","href":"https:\/\/api.w.org\/{rel}","templated":true}]}}