{"id":3248,"date":"2025-02-02T22:41:42","date_gmt":"2025-02-02T21:41:42","guid":{"rendered":"https:\/\/www.rheinland-pfalz-saarland.freidenker.org\/cms\/?p=3248"},"modified":"2025-08-02T22:49:26","modified_gmt":"2025-08-02T20:49:26","slug":"der-nds-gespraechskreis-frankfurt-m-macht-auf-aktuelle-termine-in-der-region-aufmerksam","status":"publish","type":"post","link":"https:\/\/www.rheinland-pfalz-saarland.freidenker.org\/cms\/?p=3248","title":{"rendered":"Der NDS-Gespr\u00e4chskreis Frankfurt\/M macht auf aktuelle Termine in der Region aufmerksam"},"content":{"rendered":"<p><img data-recalc-dims=\"1\" loading=\"lazy\" decoding=\"async\" data-attachment-id=\"3261\" data-permalink=\"https:\/\/www.rheinland-pfalz-saarland.freidenker.org\/cms\/?attachment_id=3261\" data-orig-file=\"https:\/\/i0.wp.com\/www.rheinland-pfalz-saarland.freidenker.org\/cms\/wp-content\/uploads\/2025\/02\/Nachdenkseiten-Gespraechskreis-Frankfurt-am-Main.png?fit=900%2C120&amp;ssl=1\" data-orig-size=\"900,120\" data-comments-opened=\"0\" data-image-meta=\"{&quot;aperture&quot;:&quot;0&quot;,&quot;credit&quot;:&quot;&quot;,&quot;camera&quot;:&quot;&quot;,&quot;caption&quot;:&quot;&quot;,&quot;created_timestamp&quot;:&quot;0&quot;,&quot;copyright&quot;:&quot;&quot;,&quot;focal_length&quot;:&quot;0&quot;,&quot;iso&quot;:&quot;0&quot;,&quot;shutter_speed&quot;:&quot;0&quot;,&quot;title&quot;:&quot;&quot;,&quot;orientation&quot;:&quot;0&quot;}\" data-image-title=\"Nachdenkseiten Gespr\u00e4chskreis Frankfurt am Main\" data-image-description=\"\" data-image-caption=\"\" data-medium-file=\"https:\/\/i0.wp.com\/www.rheinland-pfalz-saarland.freidenker.org\/cms\/wp-content\/uploads\/2025\/02\/Nachdenkseiten-Gespraechskreis-Frankfurt-am-Main.png?fit=300%2C40&amp;ssl=1\" data-large-file=\"https:\/\/i0.wp.com\/www.rheinland-pfalz-saarland.freidenker.org\/cms\/wp-content\/uploads\/2025\/02\/Nachdenkseiten-Gespraechskreis-Frankfurt-am-Main.png?fit=495%2C66&amp;ssl=1\" class=\"alignnone wp-image-3261\" src=\"https:\/\/i0.wp.com\/www.rheinland-pfalz-saarland.freidenker.org\/cms\/wp-content\/uploads\/2025\/02\/Nachdenkseiten-Gespraechskreis-Frankfurt-am-Main.png?resize=495%2C66&#038;ssl=1\" alt=\"\" width=\"495\" height=\"66\" srcset=\"https:\/\/i0.wp.com\/www.rheinland-pfalz-saarland.freidenker.org\/cms\/wp-content\/uploads\/2025\/02\/Nachdenkseiten-Gespraechskreis-Frankfurt-am-Main.png?w=900&amp;ssl=1 900w, https:\/\/i0.wp.com\/www.rheinland-pfalz-saarland.freidenker.org\/cms\/wp-content\/uploads\/2025\/02\/Nachdenkseiten-Gespraechskreis-Frankfurt-am-Main.png?resize=300%2C40&amp;ssl=1 300w, https:\/\/i0.wp.com\/www.rheinland-pfalz-saarland.freidenker.org\/cms\/wp-content\/uploads\/2025\/02\/Nachdenkseiten-Gespraechskreis-Frankfurt-am-Main.png?resize=768%2C102&amp;ssl=1 768w\" sizes=\"auto, (max-width: 495px) 100vw, 495px\" \/><\/p>\n<p>07.02.25 <strong>Frankfurt<\/strong>: <a href=\"#Sprung_L\u00fcders\">Michael L\u00fcders<\/a><\/p>\n<p>15.02.25 <strong>Limburg<\/strong>: <a href=\"#Sprung_Jubil\u00e4umsfeier\">Jubil\u00e4umsfeier NDS-GK mit Albrecht M\u00fcller und Anette Sorg<\/a><\/p>\n<p>16.02.25 <strong>Frankfurt<\/strong>: <a href=\"#Sprung_Parallelgesellschaften\">&#8222;NDS-GK: &#8222;Parallel-Gesellschaften&#8220; (Uli Riedel)<\/a><\/p>\n<p>17.02.25 <strong>Frankfurt<\/strong>: <a href=\"#Sprung_Bundestagswahl\">Parteien-und Kandidatenvorstellung zur Bundestagswahl 2025<\/a><\/p>\n<p>19.02.25 <strong>Darmstadt<\/strong>:<a href=\"#Sprung_Biebel\">NDS-GK: &#8222;Gesellschaftspolitische Beteiligung&#8220; (Peter Biebel)<\/a><b><br \/>\n<\/b><\/p>\n<p>20.02.25 <strong>Offenbach<\/strong>: <a href=\"#Sprung_Verheugen\">G\u00fcnter Verheugen<\/a><\/p>\n<p>10.03.25 <strong>Frankfurt<\/strong>: <a href=\"#Sprung_Krone-Schmalz\">Gabriele Krone-Schmalz<\/a><\/p>\n<p>29.03.25 <strong>Wiesbaden<\/strong>: <a href=\"#Sprung_Demo Wiesbaden\">Demo und Kundgebung: Keine Mittelstreckenraketen!<\/a><\/p>\n<p><a href=\"#Sprung_Nachbetrachtung_Vad\">Nachbetrachtung zur Veranstaltung mit<strong>\u00a0<\/strong>Erich Vad und Thomas Carl Schwoerer<\/a><\/p>\n<p>&nbsp;<\/p>\n<div style=\"text-align: left;\" align=\"center\">\n<hr \/>\n<h4 id=\"Sprung_L\u00fcders\"><b><span style=\"color: #ff0000;\">F<\/span>rankfurter <span style=\"color: #ff0000;\">F<\/span>riedens<span style=\"color: #ff0000;\">G<\/span>espr\u00e4che<br \/>\n<\/b>in Kooperation mit der <b><a href=\"https:\/\/frieden-und-zukunft.de\/\" target=\"_blank\" rel=\"noopener\">Friedens- und Zukunftswerkstatt e.V.<\/a><\/b><\/h4>\n<h3 style=\"text-align: left;\" align=\"center\">Naher Osten \/ Westasien: Krieg ohne Ende? Vortrag und Diskussion<\/h3>\n<div style=\"text-align: left;\" align=\"center\">\n<p>Referent:<strong> Michael L\u00fcders<\/strong><\/p>\n<p><img data-recalc-dims=\"1\" loading=\"lazy\" decoding=\"async\" data-attachment-id=\"3280\" data-permalink=\"https:\/\/www.rheinland-pfalz-saarland.freidenker.org\/cms\/?attachment_id=3280\" data-orig-file=\"https:\/\/i0.wp.com\/www.rheinland-pfalz-saarland.freidenker.org\/cms\/wp-content\/uploads\/2025\/02\/Lueders2.png?fit=150%2C150&amp;ssl=1\" data-orig-size=\"150,150\" data-comments-opened=\"0\" data-image-meta=\"{&quot;aperture&quot;:&quot;0&quot;,&quot;credit&quot;:&quot;&quot;,&quot;camera&quot;:&quot;&quot;,&quot;caption&quot;:&quot;&quot;,&quot;created_timestamp&quot;:&quot;0&quot;,&quot;copyright&quot;:&quot;&quot;,&quot;focal_length&quot;:&quot;0&quot;,&quot;iso&quot;:&quot;0&quot;,&quot;shutter_speed&quot;:&quot;0&quot;,&quot;title&quot;:&quot;&quot;,&quot;orientation&quot;:&quot;0&quot;}\" data-image-title=\"L\u00fcders2\" data-image-description=\"\" data-image-caption=\"\" data-medium-file=\"https:\/\/i0.wp.com\/www.rheinland-pfalz-saarland.freidenker.org\/cms\/wp-content\/uploads\/2025\/02\/Lueders2.png?fit=150%2C150&amp;ssl=1\" data-large-file=\"https:\/\/i0.wp.com\/www.rheinland-pfalz-saarland.freidenker.org\/cms\/wp-content\/uploads\/2025\/02\/Lueders2.png?fit=150%2C150&amp;ssl=1\" class=\"alignnone size-full wp-image-3280\" src=\"https:\/\/i0.wp.com\/www.rheinland-pfalz-saarland.freidenker.org\/cms\/wp-content\/uploads\/2025\/02\/Lueders2.png?resize=150%2C150&#038;ssl=1\" alt=\"\" width=\"150\" height=\"150\" \/><\/p>\n<p>Michael L\u00fcders analysiert in seinem Vortrag die Eskalation des Nahostkonflikts nach dem Hamas-\u00dcberfall auf Israel am 7. Oktober 2023. Israels Milit\u00e4roperationen h\u00e4tten zu \u00fcber <strong>40.000 Toten<\/strong> in Gaza gef\u00fchrt, vorwiegend Frauen und Kinder, sowie durch Zerst\u00f6rung der Infrastruktur und Hungersnot eine <strong>humanit\u00e4re Katastrophe<\/strong> ausgel\u00f6st. Die Gewalt habe sich regional ausgeweitet (Libanon, Jemen, Iran) und sei durch den <strong>Sturz des Assad-Regimes in Syrien<\/strong> weiter versch\u00e4rft worden, was auch Europa und Deutschland betreffe.<\/p>\n<p>L\u00fcders betont die <strong>historische Vorgeschichte<\/strong> des Konflikts, darunter die Vertreibung der Pal\u00e4stinenser:innen 1948 (Nakba) und die fortw\u00e4hrende v\u00f6lkerrechtswidrige Besatzung. Er kritisiert die <strong>einseitige deutsche Nahostpolitik<\/strong>, insbesondere die bedingungslose Solidarit\u00e4t mit Israel (\u201eStaatsr\u00e4son\u201c) und Waffenlieferungen an die ultrarechte Regierung. Er fordert eine <strong>Neupositionierung Deutschlands<\/strong>, die israelische Sicherheit mit pal\u00e4stinensischen Rechten verbindet und zu einer Deeskalation beitr\u00e4gt.<\/p>\n<\/div>\n<blockquote>\n<h3>Wann\/Wo:<\/h3>\n<h4>am Freitag, den 7. Februar 2025 um 18:00 Uhr<\/h4>\n<h4>Gewerkschaftshaus<br \/>\nWilhelm-Leuschner-Stra\u00dfe 69-77,<br \/>\n60329 Frankfurt<\/h4>\n<p><strong>Anmeldung:<\/strong> Bitte melden Sie sich per E-Mail <a href=\"mailto:termine@nachdenken-in-frankfurt.de?subject=Anmeldung%3A%20Michael%20L%C3%BCders%207.2.&amp;body=An%20der%20Veranstaltung%20von%20Michael%20L%C3%BCders%20%E2%80%9EKrieg%20ohne%20Ende%3F%E2%80%9C%0Aam%20Freitag%2C%20den%207.%20Februar%202025%20nehme%20ich%20teil.%0AIch%20bringe%20noch%20%5B*%5D%20Personen%20mit.%0A*%20Bitte%20Anzahl%20eintragen.%20\">termine@nachdenken-in-frankfurt.de<\/a> an.<\/p><\/blockquote>\n<h4><a href=\"https:\/\/frieden-und-zukunft.de\/2025-02-07_michael-lueders\/\" target=\"_blank\" rel=\"noopener\"><strong>Weitere Informationen<\/strong><\/a><\/h4>\n<p>&nbsp;<\/p>\n<div class=\"moz-forward-container\">\n<hr \/>\n<\/div>\n<\/div>\n<div>\n<h4 id=\"Sprung_Jubil\u00e4umsfeier\">Jubil\u00e4umsfeier 10 Jahre<br \/>\nNDS Gespr\u00e4chskreis Diez\u2013Limburg\u2013Bad Camberg<\/h4>\n<h3>Wie Meinungsmanipulation unser Leben und die Politik bestimmt<\/h3>\n<p><img data-recalc-dims=\"1\" loading=\"lazy\" decoding=\"async\" data-attachment-id=\"3262\" data-permalink=\"https:\/\/www.rheinland-pfalz-saarland.freidenker.org\/cms\/?attachment_id=3262\" data-orig-file=\"https:\/\/i0.wp.com\/www.rheinland-pfalz-saarland.freidenker.org\/cms\/wp-content\/uploads\/2025\/02\/NDS-Gespraechskreis.png?fit=150%2C129&amp;ssl=1\" data-orig-size=\"150,129\" data-comments-opened=\"0\" data-image-meta=\"{&quot;aperture&quot;:&quot;0&quot;,&quot;credit&quot;:&quot;&quot;,&quot;camera&quot;:&quot;&quot;,&quot;caption&quot;:&quot;&quot;,&quot;created_timestamp&quot;:&quot;0&quot;,&quot;copyright&quot;:&quot;&quot;,&quot;focal_length&quot;:&quot;0&quot;,&quot;iso&quot;:&quot;0&quot;,&quot;shutter_speed&quot;:&quot;0&quot;,&quot;title&quot;:&quot;&quot;,&quot;orientation&quot;:&quot;0&quot;}\" data-image-title=\"NDS-Gespr\u00e4chskreis\" data-image-description=\"\" data-image-caption=\"\" data-medium-file=\"https:\/\/i0.wp.com\/www.rheinland-pfalz-saarland.freidenker.org\/cms\/wp-content\/uploads\/2025\/02\/NDS-Gespraechskreis.png?fit=150%2C129&amp;ssl=1\" data-large-file=\"https:\/\/i0.wp.com\/www.rheinland-pfalz-saarland.freidenker.org\/cms\/wp-content\/uploads\/2025\/02\/NDS-Gespraechskreis.png?fit=150%2C129&amp;ssl=1\" class=\"alignnone size-full wp-image-3262\" src=\"https:\/\/i0.wp.com\/www.rheinland-pfalz-saarland.freidenker.org\/cms\/wp-content\/uploads\/2025\/02\/NDS-Gespraechskreis.png?resize=150%2C129&#038;ssl=1\" alt=\"\" width=\"150\" height=\"129\" \/><\/p>\n<\/div>\n<p>Redner\/Diskussionspartner: <strong>Anette Sorg<\/strong> und <strong>Albrecht M\u00fcller<\/strong><br \/>\nMusik: <strong>Playtime<\/strong> \u2013 Das Kleine Blues-Orchester<\/p>\n<div>\n<blockquote>\n<h3>Wann\/Wo:<\/h3>\n<h4>am Samstag, den 15. Februar 2025 um 18:00 Uhr<\/h4>\n<h4>Restaurant: &#8222;Zur Turnhalle&#8220;<br \/>\nSte.-Foy-Str. 16,<br \/>\n65549 Limburg<\/h4>\n<p>Der Eintritt ist frei. Um Spenden wird gebeten.<\/p><\/blockquote>\n<h4><a href=\"https:\/\/www.rheinland-pfalz-saarland.freidenker.org\/cms\/?p=3177\" target=\"_blank\" rel=\"noopener\">Mehr Infos<\/a><\/h4>\n<p>&nbsp;<\/p>\n<\/div>\n<div style=\"text-align: left;\" align=\"center\">\n<div>\n<hr \/>\n<\/div>\n<\/div>\n<h4 id=\"Sprung_Parallelgesellschaften\">Nach<span style=\"color: #ff0000;\">Denk<\/span>Seiten<span style=\"color: #ff0000; font-size: large;\"> <a href=\"https:\/\/nachdenken-in-frankfurt.de\/\" target=\"_blank\" rel=\"noopener\">Gespr\u00e4chskreis Frankfurt<\/a><\/span><\/h4>\n<h3>&#8222;Parallel-Gesellschaften&#8220; Alternative Lebensformen<\/h3>\n<p><img data-recalc-dims=\"1\" loading=\"lazy\" decoding=\"async\" data-attachment-id=\"3263\" data-permalink=\"https:\/\/www.rheinland-pfalz-saarland.freidenker.org\/cms\/?attachment_id=3263\" data-orig-file=\"https:\/\/i0.wp.com\/www.rheinland-pfalz-saarland.freidenker.org\/cms\/wp-content\/uploads\/2025\/02\/Parallel-Gesellschaften.png?fit=150%2C150&amp;ssl=1\" data-orig-size=\"150,150\" data-comments-opened=\"0\" data-image-meta=\"{&quot;aperture&quot;:&quot;0&quot;,&quot;credit&quot;:&quot;&quot;,&quot;camera&quot;:&quot;&quot;,&quot;caption&quot;:&quot;&quot;,&quot;created_timestamp&quot;:&quot;0&quot;,&quot;copyright&quot;:&quot;&quot;,&quot;focal_length&quot;:&quot;0&quot;,&quot;iso&quot;:&quot;0&quot;,&quot;shutter_speed&quot;:&quot;0&quot;,&quot;title&quot;:&quot;&quot;,&quot;orientation&quot;:&quot;0&quot;}\" data-image-title=\"Parallel-Gesellschaften\" data-image-description=\"\" data-image-caption=\"\" data-medium-file=\"https:\/\/i0.wp.com\/www.rheinland-pfalz-saarland.freidenker.org\/cms\/wp-content\/uploads\/2025\/02\/Parallel-Gesellschaften.png?fit=150%2C150&amp;ssl=1\" data-large-file=\"https:\/\/i0.wp.com\/www.rheinland-pfalz-saarland.freidenker.org\/cms\/wp-content\/uploads\/2025\/02\/Parallel-Gesellschaften.png?fit=150%2C150&amp;ssl=1\" class=\"alignnone wp-image-3263 size-full\" src=\"https:\/\/i0.wp.com\/www.rheinland-pfalz-saarland.freidenker.org\/cms\/wp-content\/uploads\/2025\/02\/Parallel-Gesellschaften.png?resize=150%2C150&#038;ssl=1\" alt=\"\" width=\"150\" height=\"150\" \/><\/p>\n<p>Moderation: <strong>Uli Riedel<\/strong><\/p>\n<p>Ein \u201eINPUT\u201c dazu und m\u00f6gliche weitere Aktivit\u00e4ten von PROF. DR. UWE GENZ (s.a. Internet: <a href=\"https:\/\/www.seminarhaus-buchschlag.com\/\" target=\"_blank\" rel=\"noopener\">SEMINARHAUS \u2013 BUCHSCHLAG<\/a>)<br \/>\nVorschl\u00e4ge zur Vernetzung, auf der Grundlage gemeinsam erarbeiteter Themen, mit Gruppen\/Initiativen aus dem Rhein-Main-Gebiet.<br \/>\nIch bitte um Beachtung f\u00fcr untenstehenden Aufruf (s. Anlage), den wir bei unserem n\u00e4chsten Treffen am 16. Februar 2025 <a href=\"https:\/\/www.rheinland-pfalz-saarland.freidenker.org\/cms\/wp-content\/uploads\/2025\/02\/Linker-Stammt-Adr-110125.pdf\">(s. Einladung)<\/a> zumindest &#8222;andiskutieren &#8220; sollten.<\/p>\n<p>Anschlie\u00dfend: Diskussion<\/p>\n<blockquote>\n<h3>Wann \/ Wo:<\/h3>\n<h4>am Sonntag, den 16. Feb 2025 um 15:00 Uhr<\/h4>\n<h4>Schwanheimer Bahnstra\u00dfe 98,<br \/>\n60529 Frankfurt\/M. Schwanheim<\/h4>\n<\/blockquote>\n<h4><a href=\"https:\/\/nachdenken-in-frankfurt.de\/termin\/monatlicher-gespraechskreis-februar\/\" target=\"_blank\" rel=\"noopener\">Weitere Informationen<\/a><\/h4>\n<p>&nbsp;<\/p>\n<hr \/>\n<h4 id=\"Sprung_Bundestagswahl\"><b><span style=\"color: #ff0000;\">F<\/span>rankfurter <span style=\"color: #ff0000;\">F<\/span>riedens<span style=\"color: #ff0000;\">G<\/span>espr\u00e4che<\/b><br \/>\nin Kooperation mit dem <a href=\"https:\/\/www.freidenker-hessen.de\/\"><b>Freidenker\u202fVerband e.V.<\/b><\/a><\/h4>\n<h3>Parteien- und Kandidatenvorstellung zur Bundestagswahl 2025<\/h3>\n<p><img data-recalc-dims=\"1\" loading=\"lazy\" decoding=\"async\" data-attachment-id=\"3256\" data-permalink=\"https:\/\/www.rheinland-pfalz-saarland.freidenker.org\/cms\/?attachment_id=3256\" data-orig-file=\"https:\/\/i0.wp.com\/www.rheinland-pfalz-saarland.freidenker.org\/cms\/wp-content\/uploads\/2025\/02\/Bundestagswahl.png?fit=150%2C150&amp;ssl=1\" data-orig-size=\"150,150\" data-comments-opened=\"0\" data-image-meta=\"{&quot;aperture&quot;:&quot;0&quot;,&quot;credit&quot;:&quot;&quot;,&quot;camera&quot;:&quot;&quot;,&quot;caption&quot;:&quot;&quot;,&quot;created_timestamp&quot;:&quot;0&quot;,&quot;copyright&quot;:&quot;&quot;,&quot;focal_length&quot;:&quot;0&quot;,&quot;iso&quot;:&quot;0&quot;,&quot;shutter_speed&quot;:&quot;0&quot;,&quot;title&quot;:&quot;&quot;,&quot;orientation&quot;:&quot;0&quot;}\" data-image-title=\"Bundestagswahl\" data-image-description=\"\" data-image-caption=\"\" data-medium-file=\"https:\/\/i0.wp.com\/www.rheinland-pfalz-saarland.freidenker.org\/cms\/wp-content\/uploads\/2025\/02\/Bundestagswahl.png?fit=150%2C150&amp;ssl=1\" data-large-file=\"https:\/\/i0.wp.com\/www.rheinland-pfalz-saarland.freidenker.org\/cms\/wp-content\/uploads\/2025\/02\/Bundestagswahl.png?fit=150%2C150&amp;ssl=1\" class=\"alignnone size-full wp-image-3256\" src=\"https:\/\/i0.wp.com\/www.rheinland-pfalz-saarland.freidenker.org\/cms\/wp-content\/uploads\/2025\/02\/Bundestagswahl.png?resize=150%2C150&#038;ssl=1\" alt=\"\" width=\"150\" height=\"150\" \/><\/p>\n<p>Moderation: <strong>Prof. Ulrike Gu\u00e9rot<\/strong><\/p>\n<p>Wir m\u00f6chten den Bundestagswahlkampf 2025 aktiv begleiten. Daf\u00fcr haben wir die Parteien und ihre Kandidaten eingeladen, ihre Positionen zu unserem Leitthema: <strong>&#8222;Frieden und soziale Gerechtigkeit&#8220;<\/strong><\/p>\n<p>Ziel der Veranstaltung ist es, eine Plattform zu schaffen, die politische Inhalte in den Mittelpunkt stellt, konstruktive Debatten erm\u00f6glicht und eine breite Beteiligung f\u00f6rdert.<\/p>\n<p>Diese Veranstaltung bietet Euch die M\u00f6glichkeit, verschiedene Perspektiven zu h\u00f6ren, Eure Fragen zu stellen und gemeinsam mit den Vertreterinnen und Vertretern der Parteien \u00fcber zentrale gesellschaftliche Themen zu diskutieren.<br \/>\nWir freuen uns sehr auf Eure Teilnahme und eine lebhafte Diskussion!<\/p>\n<h4>Um euch einen \u00dcberblick zu geben, wie ihr eure Fragen in die Veranstaltung einbringen k\u00f6nnt:<\/h4>\n<p><strong>Vorab eingereichte Fragen:<\/strong><br \/>\nSolltet ihr vorab Fragen einreichen wollen, k\u00f6nnt ihr gerne tun, auch unter einem Pseudonym. Diese k\u00f6nnen von der Moderation w\u00e4hrend der Veranstaltung eingebracht werden. <a href=\"mailto:info@nachdenken-in-frankfurt.de\" target=\"_blank\" rel=\"noopener\">info@nachdenken-in-frankfurt.de<\/a><\/p>\n<p><strong>Fragen w\u00e4hrend der Veranstaltung:<\/strong><br \/>\nF\u00fcr Nutzer von Smartphones planen wir, einen QR-Code bereitzustellen. \u00dcber diesen k\u00f6nnen Fragen direkt an die Moderation gesendet werden, die diese dann je nach Relevanz in die Diskussion einflie\u00dfen l\u00e4sst.<\/p>\n<p><strong>Direkte Fragestellung:<\/strong><br \/>\nIm letzten Drittel der Veranstaltung m\u00f6chten wir den Teilnehmern im Saal die M\u00f6glichkeit geben, ihre Fragen direkt \u00fcber ein Mikrofon an die Kandidaten zu richten.<\/p>\n<blockquote>\n<h3>Wann \/ Wo:<\/h3>\n<h4>am Montag, den 17. Feb 2025 um 19:00 Uhr<\/h4>\n<h4>Im SAALBAU S\u00fcdbahnhof, <strong>Anne-B\u00e4renz-Saal<\/strong><br \/>\nHedderichstra\u00dfe 51<br \/>\n60594 Frankfurt am Main<br \/>\n<a href=\"https:\/\/www.rheinland-pfalz-saarland.freidenker.org\/cms\/wp-content\/uploads\/2025\/02\/Anfahrt-sbahnhof.pdf\" target=\"_blank\" rel=\"noopener\">Anfahrtskizze S\u00fcdbahnhof<\/a><\/h4>\n<p>Der Eintritt ist frei,<br \/>\nes wird aber ausdr\u00fccklich um Spenden gebeten.<\/p>\n<p>Bitte per E-Mail <a href=\"mailto:termine@nachdenken-in-frankfurt.de\" target=\"_blank\" rel=\"noopener\">termine@nachdenken-in-frankfurt.de<\/a> anmelden.<\/p><\/blockquote>\n<p>&nbsp;<\/p>\n<hr \/>\n<h4 id=\"Sprung_Biebel\">NachDenkSeiten Gespr\u00e4chskreis Darmstadt<\/h4>\n<h3>&#8222;Gesellschaftspolitische Beteiligung \u2013 wirkt das noch \u00fcber die Parteien oder welche neuen Wege gibt es und welche k\u00f6nnten geeignet sein?&#8220;<\/h3>\n<p><img data-recalc-dims=\"1\" loading=\"lazy\" decoding=\"async\" data-attachment-id=\"3262\" data-permalink=\"https:\/\/www.rheinland-pfalz-saarland.freidenker.org\/cms\/?attachment_id=3262\" data-orig-file=\"https:\/\/i0.wp.com\/www.rheinland-pfalz-saarland.freidenker.org\/cms\/wp-content\/uploads\/2025\/02\/NDS-Gespraechskreis.png?fit=150%2C129&amp;ssl=1\" data-orig-size=\"150,129\" data-comments-opened=\"0\" data-image-meta=\"{&quot;aperture&quot;:&quot;0&quot;,&quot;credit&quot;:&quot;&quot;,&quot;camera&quot;:&quot;&quot;,&quot;caption&quot;:&quot;&quot;,&quot;created_timestamp&quot;:&quot;0&quot;,&quot;copyright&quot;:&quot;&quot;,&quot;focal_length&quot;:&quot;0&quot;,&quot;iso&quot;:&quot;0&quot;,&quot;shutter_speed&quot;:&quot;0&quot;,&quot;title&quot;:&quot;&quot;,&quot;orientation&quot;:&quot;0&quot;}\" data-image-title=\"NDS-Gespr\u00e4chskreis\" data-image-description=\"\" data-image-caption=\"\" data-medium-file=\"https:\/\/i0.wp.com\/www.rheinland-pfalz-saarland.freidenker.org\/cms\/wp-content\/uploads\/2025\/02\/NDS-Gespraechskreis.png?fit=150%2C129&amp;ssl=1\" data-large-file=\"https:\/\/i0.wp.com\/www.rheinland-pfalz-saarland.freidenker.org\/cms\/wp-content\/uploads\/2025\/02\/NDS-Gespraechskreis.png?fit=150%2C129&amp;ssl=1\" class=\"alignnone wp-image-3262 size-full\" src=\"https:\/\/i0.wp.com\/www.rheinland-pfalz-saarland.freidenker.org\/cms\/wp-content\/uploads\/2025\/02\/NDS-Gespraechskreis.png?resize=150%2C129&#038;ssl=1\" alt=\"Gespr\u00e4chskreis Darmstadt\" width=\"150\" height=\"129\" \/><\/p>\n<p>Moderation: <strong>Peter Biebel<\/strong><\/p>\n<p>Nicht zuletzt auch mit R\u00fcckblick auf die gesamten Vorg\u00e4nge des \u201e<em>Antikolonialen Weihnachtsmarktes<\/em>\u201c der evangelischen Michaelsgemeinde in Darmstadt sowie in Vorschau auf die anstehenden Wahl zum Deutschen Bundestag am 23. Februar 2025, besch\u00e4ftigen wir uns mit der grunds\u00e4tzlichen Frage: <strong>\u201eGesellschaftspolitische Beteiligung \u2013 wirkt das noch \u00fcber die Parteien oder welche neuen Wege gibt es und welche k\u00f6nnten geeignet sein?\u201c<\/strong> Hierzu wird es ein Initialreferat durch eine unserer regelm\u00e4\u00dfigen Teilnehmerinnen \u2013 eventuell mit einem Co-Referenten \u2013 geben, und wir werden diesem Thema den gr\u00f6\u00dften zeitlichen Raum des Abends widmen.<\/p>\n<p>Die ca. letzten 30 Minuten m\u00f6chten wir nutzen, um das <strong>\u201eLeitthema f\u00fcr die GK-Da Abende in 2025\u201c<\/strong> vorzustellen. Jeder, der Interesse daran hat, kann sich zu den darin beinhalteten einzelnen Unterthemen, die wir an diesem Abend vorstellen werden, gerne mit Initialrefaraten (gleich welcher Form) aktiv mit einbringen und damit dazu beitragen, den jeweiligen Abend auch nach den eigenen Vorstellungen mitzugestalten.<\/p>\n<p>Wir freuen uns auf euer Kommen und einen regen Meinungsaustausch.<\/p>\n<blockquote>\n<h3>Wann \/ Wo:<\/h3>\n<h4>am Mittwoch, den 19. Feb 2025 um 18:00 Uhr<\/h4>\n<h4>GEW-Haus<br \/>\nGagernstr. 8<br \/>\n64283 Darmstadt<\/h4>\n<\/blockquote>\n<h4><a href=\"https:\/\/nachdenken-in-darmstadt.de\/termine\/\" target=\"_blank\" rel=\"noopener\">Weitere Informationen<\/a><\/h4>\n<p>&nbsp;<\/p>\n<hr \/>\n<h4 id=\"Sprung_Verheugen\"><span style=\"color: #ff0000;\">F<\/span>rankfurter <span style=\"color: #ff0000;\">F<\/span>riedens<span style=\"color: #ff0000;\">G<\/span>espr\u00e4che<br \/>\nin Kooperation <a href=\"https:\/\/offenbacher-friedensinitiative.de\/\" target=\"_blank\" rel=\"noopener\">Offenbacher Friedensinitiative<\/a><\/h4>\n<h3>Der lange Weg zum Krieg<\/h3>\n<p>Referent: <strong>G\u00fcnter Verheugen<\/strong><\/p>\n<p><img data-recalc-dims=\"1\" loading=\"lazy\" decoding=\"async\" data-attachment-id=\"3281\" data-permalink=\"https:\/\/www.rheinland-pfalz-saarland.freidenker.org\/cms\/?attachment_id=3281\" data-orig-file=\"https:\/\/i0.wp.com\/www.rheinland-pfalz-saarland.freidenker.org\/cms\/wp-content\/uploads\/2025\/02\/Verheugen.png?fit=150%2C150&amp;ssl=1\" data-orig-size=\"150,150\" data-comments-opened=\"0\" data-image-meta=\"{&quot;aperture&quot;:&quot;0&quot;,&quot;credit&quot;:&quot;&quot;,&quot;camera&quot;:&quot;&quot;,&quot;caption&quot;:&quot;&quot;,&quot;created_timestamp&quot;:&quot;0&quot;,&quot;copyright&quot;:&quot;&quot;,&quot;focal_length&quot;:&quot;0&quot;,&quot;iso&quot;:&quot;0&quot;,&quot;shutter_speed&quot;:&quot;0&quot;,&quot;title&quot;:&quot;&quot;,&quot;orientation&quot;:&quot;0&quot;}\" data-image-title=\"Verheugen\" data-image-description=\"\" data-image-caption=\"\" data-medium-file=\"https:\/\/i0.wp.com\/www.rheinland-pfalz-saarland.freidenker.org\/cms\/wp-content\/uploads\/2025\/02\/Verheugen.png?fit=150%2C150&amp;ssl=1\" data-large-file=\"https:\/\/i0.wp.com\/www.rheinland-pfalz-saarland.freidenker.org\/cms\/wp-content\/uploads\/2025\/02\/Verheugen.png?fit=150%2C150&amp;ssl=1\" class=\"alignnone size-full wp-image-3281\" src=\"https:\/\/i0.wp.com\/www.rheinland-pfalz-saarland.freidenker.org\/cms\/wp-content\/uploads\/2025\/02\/Verheugen.png?resize=150%2C150&#038;ssl=1\" alt=\"\" width=\"150\" height=\"150\" \/><\/p>\n<p>Der langj\u00e4hrige SPD- und EU Politiker G\u00fcnter Verheugen erl\u00e4utert die Inhalte seines aktuellen Buchs. Es wird im Vortrag um die Vorgeschichte des Ukraine Kriegs, die geopolitischen Interessen der Beteiligten und eine nachhaltige Friedensordung gehen.<\/p>\n<p><a href=\"https:\/\/www.rheinland-pfalz-saarland.freidenker.org\/cms\/wp-content\/uploads\/2025\/02\/Flyer-Verheugen.pdf\">Flyer der Veranstaltung<\/a><\/p>\n<blockquote>\n<h3>Wann \/ Wo:<\/h3>\n<h4>am Donnerstag, den 20. Feb 2025 um 19:00 Uhr<\/h4>\n<h4>Parkside Studios<br \/>\nFriedhofstra\u00dfe 59<br \/>\n63065 Offenbach<\/h4>\n<\/blockquote>\n<h4><a href=\"https:\/\/offenbacher-friedensinitiative.de\/?p=12366\" target=\"_blank\" rel=\"noopener\">Weitere Informationen<\/a><\/h4>\n<p>&nbsp;<\/p>\n<hr \/>\n<h4 id=\"Sprung_Krone-Schmalz\"><span style=\"color: #ff0000;\">F<\/span>rankfurter <span style=\"color: #ff0000;\">F<\/span>riedens<span style=\"color: #ff0000;\">G<\/span>espr\u00e4che<br \/>\nin Kooperation mit dem <a href=\"https:\/\/www.freidenker-hessen.de\/\"><b>Freidenker\u202fVerband\u202fe.V.<\/b><\/a><\/h4>\n<h3>Russland \u2013 und wie weiter?<\/h3>\n<div style=\"text-align: left;\" align=\"center\">\n<p>Referentin: <strong>Prof. Dr. Krone-Schmalz<\/strong><\/p>\n<p><img data-recalc-dims=\"1\" loading=\"lazy\" decoding=\"async\" data-attachment-id=\"3285\" data-permalink=\"https:\/\/www.rheinland-pfalz-saarland.freidenker.org\/cms\/?attachment_id=3285\" data-orig-file=\"https:\/\/i0.wp.com\/www.rheinland-pfalz-saarland.freidenker.org\/cms\/wp-content\/uploads\/2025\/02\/Krone-Schmalz.png?fit=150%2C150&amp;ssl=1\" data-orig-size=\"150,150\" data-comments-opened=\"0\" data-image-meta=\"{&quot;aperture&quot;:&quot;0&quot;,&quot;credit&quot;:&quot;&quot;,&quot;camera&quot;:&quot;&quot;,&quot;caption&quot;:&quot;&quot;,&quot;created_timestamp&quot;:&quot;0&quot;,&quot;copyright&quot;:&quot;&quot;,&quot;focal_length&quot;:&quot;0&quot;,&quot;iso&quot;:&quot;0&quot;,&quot;shutter_speed&quot;:&quot;0&quot;,&quot;title&quot;:&quot;&quot;,&quot;orientation&quot;:&quot;0&quot;}\" data-image-title=\"Krone-Schmalz\" data-image-description=\"\" data-image-caption=\"\" data-medium-file=\"https:\/\/i0.wp.com\/www.rheinland-pfalz-saarland.freidenker.org\/cms\/wp-content\/uploads\/2025\/02\/Krone-Schmalz.png?fit=150%2C150&amp;ssl=1\" data-large-file=\"https:\/\/i0.wp.com\/www.rheinland-pfalz-saarland.freidenker.org\/cms\/wp-content\/uploads\/2025\/02\/Krone-Schmalz.png?fit=150%2C150&amp;ssl=1\" class=\"alignnone size-full wp-image-3285\" src=\"https:\/\/i0.wp.com\/www.rheinland-pfalz-saarland.freidenker.org\/cms\/wp-content\/uploads\/2025\/02\/Krone-Schmalz.png?resize=150%2C150&#038;ssl=1\" alt=\"\" width=\"150\" height=\"150\" \/><\/p>\n<p>Unter dem Titel &#8222;Russland \u2013 und wie weiter?&#8220; wollen wir die aktuellen geopolitischen Entwicklungen, die Beziehung zwischen Russland und Europa sowie m\u00f6gliche Wege zur Konfliktbew\u00e4ltigung beleuchten.<\/p>\n<p>Die Veranstaltung bietet die Gelegenheit, fundierte Analysen zu h\u00f6ren, kritische Fragen zu stellen und gemeinsam \u00fcber Perspektiven f\u00fcr Frieden und Verst\u00e4ndigung zu diskutieren.<\/p>\n<p>Wir freuen uns auf Eure Teilnahme und eine lebhafte Diskussion!<\/p>\n<blockquote>\n<h3>Wann \/ Wo:<\/h3>\n<h4>am Montag, den 10. M\u00e4rz 2025 um 19:00 Uhr<\/h4>\n<h4>SAALBAU Titus Forum<br \/>\nWalter-M\u00f6ller-Platz 2<br \/>\n60439 Frankfurt am Main<\/h4>\n<p>Bitte per E-Mail <a class=\"mail-link\" data-enc-email=\"grezvar[at]anpuqraxra-va-senaxsheg.qr?fhowrpg=Nazryqhat%3N%20Ibegent%20Xebar-Fpuznym%20nz%2010.3.&amp;obql=Na%20qre%20Irenafgnyghat%20iba%20Cebs.%20Qe.%20Tnoevryr%20Xebar-Fpuznym%20%R2%80%9REhffynaq%20%R2%80%93%20haq%20jvr%20jrvgre%3S%R2%80%9P%20nz%20Zbagnt%2P%20qra%2010.%20Z%P3%N4em%2024%20aruzr%20vpu%20grvy.%20%0NVpu%20oevatr%20abpu%20%5O*%5Q%20Crefbara%20zvg.%20%0N*%20Ovggr%20Namnuy%20rvagentra.%20%0NAQFTxSsz\" data-wpel-link=\"ignore\"><span id=\"eeb-261201-171970\">termine@nachdenken-in-frankfurt.de<\/span><\/a> anmelden<\/p>\n<p>Der Eintritt ist Frei, es wird aber ausdr\u00fccklich um Spenden gebeten.<\/p><\/blockquote>\n<h4><a href=\"https:\/\/nachdenken-in-frankfurt.de\/termin\/prof-krone-schmalz\/#more-6890\" target=\"_blank\" rel=\"noopener\">Weitere Informationen<\/a><\/h4>\n<\/div>\n<p>&nbsp;<\/p>\n<hr \/>\n<h4 id=\"Sprung_Demo Wiesbaden\"><span style=\"color: #ff0000;\">F<\/span>rankfurter<span style=\"color: #ff0000;\"> F<\/span>riedens<span style=\"color: #ff0000;\">G<\/span>espr\u00e4che<\/h4>\n<h4>Aufruf zur Demo und Kundgebung in Wiesbaden<\/h4>\n<p><img data-recalc-dims=\"1\" loading=\"lazy\" decoding=\"async\" data-attachment-id=\"3257\" data-permalink=\"https:\/\/www.rheinland-pfalz-saarland.freidenker.org\/cms\/?attachment_id=3257\" data-orig-file=\"https:\/\/i0.wp.com\/www.rheinland-pfalz-saarland.freidenker.org\/cms\/wp-content\/uploads\/2025\/02\/Demo-Wiesbaden.png?fit=150%2C109&amp;ssl=1\" data-orig-size=\"150,109\" data-comments-opened=\"0\" data-image-meta=\"{&quot;aperture&quot;:&quot;0&quot;,&quot;credit&quot;:&quot;&quot;,&quot;camera&quot;:&quot;&quot;,&quot;caption&quot;:&quot;&quot;,&quot;created_timestamp&quot;:&quot;0&quot;,&quot;copyright&quot;:&quot;&quot;,&quot;focal_length&quot;:&quot;0&quot;,&quot;iso&quot;:&quot;0&quot;,&quot;shutter_speed&quot;:&quot;0&quot;,&quot;title&quot;:&quot;&quot;,&quot;orientation&quot;:&quot;0&quot;}\" data-image-title=\"Demo Wiesbaden\" data-image-description=\"\" data-image-caption=\"\" data-medium-file=\"https:\/\/i0.wp.com\/www.rheinland-pfalz-saarland.freidenker.org\/cms\/wp-content\/uploads\/2025\/02\/Demo-Wiesbaden.png?fit=150%2C109&amp;ssl=1\" data-large-file=\"https:\/\/i0.wp.com\/www.rheinland-pfalz-saarland.freidenker.org\/cms\/wp-content\/uploads\/2025\/02\/Demo-Wiesbaden.png?fit=150%2C109&amp;ssl=1\" class=\"alignnone size-full wp-image-3257\" src=\"https:\/\/i0.wp.com\/www.rheinland-pfalz-saarland.freidenker.org\/cms\/wp-content\/uploads\/2025\/02\/Demo-Wiesbaden.png?resize=150%2C109&#038;ssl=1\" alt=\"\" width=\"150\" height=\"109\" \/><\/p>\n<h3>Keine neuen US-Mittelstreckenwaffen in Deutschland, Befehlskommando in Wiesbaden aufl\u00f6sen \u2013 f\u00fcr die Einhaltung des Friedensgebots der Hessischen Verfassung.<\/h3>\n<p>&nbsp;<\/p>\n<p><img data-recalc-dims=\"1\" loading=\"lazy\" decoding=\"async\" data-attachment-id=\"3254\" data-permalink=\"https:\/\/www.rheinland-pfalz-saarland.freidenker.org\/cms\/?attachment_id=3254\" data-orig-file=\"https:\/\/i0.wp.com\/www.rheinland-pfalz-saarland.freidenker.org\/cms\/wp-content\/uploads\/2025\/02\/2024-11_Banner-Verfassung_1200x400.jpg?fit=1200%2C400&amp;ssl=1\" data-orig-size=\"1200,400\" data-comments-opened=\"0\" data-image-meta=\"{&quot;aperture&quot;:&quot;0&quot;,&quot;credit&quot;:&quot;&quot;,&quot;camera&quot;:&quot;&quot;,&quot;caption&quot;:&quot;&quot;,&quot;created_timestamp&quot;:&quot;0&quot;,&quot;copyright&quot;:&quot;&quot;,&quot;focal_length&quot;:&quot;0&quot;,&quot;iso&quot;:&quot;0&quot;,&quot;shutter_speed&quot;:&quot;0&quot;,&quot;title&quot;:&quot;&quot;,&quot;orientation&quot;:&quot;1&quot;}\" data-image-title=\"2024-11_Banner-Verfassung_1200x400\" data-image-description=\"\" data-image-caption=\"\" data-medium-file=\"https:\/\/i0.wp.com\/www.rheinland-pfalz-saarland.freidenker.org\/cms\/wp-content\/uploads\/2025\/02\/2024-11_Banner-Verfassung_1200x400.jpg?fit=300%2C100&amp;ssl=1\" data-large-file=\"https:\/\/i0.wp.com\/www.rheinland-pfalz-saarland.freidenker.org\/cms\/wp-content\/uploads\/2025\/02\/2024-11_Banner-Verfassung_1200x400.jpg?fit=495%2C165&amp;ssl=1\" class=\"alignnone wp-image-3254\" src=\"https:\/\/i0.wp.com\/www.rheinland-pfalz-saarland.freidenker.org\/cms\/wp-content\/uploads\/2025\/02\/2024-11_Banner-Verfassung_1200x400.jpg?resize=495%2C165&#038;ssl=1\" alt=\"\" width=\"495\" height=\"165\" srcset=\"https:\/\/i0.wp.com\/www.rheinland-pfalz-saarland.freidenker.org\/cms\/wp-content\/uploads\/2025\/02\/2024-11_Banner-Verfassung_1200x400.jpg?w=1200&amp;ssl=1 1200w, https:\/\/i0.wp.com\/www.rheinland-pfalz-saarland.freidenker.org\/cms\/wp-content\/uploads\/2025\/02\/2024-11_Banner-Verfassung_1200x400.jpg?resize=300%2C100&amp;ssl=1 300w, https:\/\/i0.wp.com\/www.rheinland-pfalz-saarland.freidenker.org\/cms\/wp-content\/uploads\/2025\/02\/2024-11_Banner-Verfassung_1200x400.jpg?resize=1024%2C341&amp;ssl=1 1024w, https:\/\/i0.wp.com\/www.rheinland-pfalz-saarland.freidenker.org\/cms\/wp-content\/uploads\/2025\/02\/2024-11_Banner-Verfassung_1200x400.jpg?resize=768%2C256&amp;ssl=1 768w\" sizes=\"auto, (max-width: 495px) 100vw, 495px\" \/><\/p>\n<blockquote>\n<h3>Wann \/ Wo:<\/h3>\n<h4>am Samstag, den 29. M\u00e4rz 2025 um 12:00 Uhr<\/h4>\n<h4>Auftaktkundgebung:<br \/>\n12 Uhr ab Wiesbaden Hauptbahnhof<\/h4>\n<\/blockquote>\n<h4><\/h4>\n<h4>Weitere Informationen:<\/h4>\n<p><a href=\"https:\/\/frieden-und-zukunft.de\/2025-03-29-demo-wiesbaden\/\" target=\"_blank\" rel=\"noopener\">Friedens- und Zukunftswerkstatt e.V.<\/a><\/p>\n<p><a href=\"https:\/\/wiesbadener-buendnis.de\/\" target=\"_blank\" rel=\"noopener\">Wiesbadener B\u00fcndnis gegen Raketenstationierung<\/a><\/p>\n<p>&nbsp;<\/p>\n<hr \/>\n<h4 id=\"Sprung_Nachbetrachtung_Vad\">Nachbetrachtung zur Veranstaltung am 29. Januar mit Erich Vad und Thomas Carl Schwoerer in Neu Isenburg<\/h4>\n<p>Ein weiteres Highlight unseres <strong>Kooperationspartners <a href=\"https:\/\/westendverlag.de\/\" target=\"_blank\" rel=\"noopener\">Westend Verlag<\/a><\/strong>: Vad und Schwoerer f\u00fchrten eine anregende, inhaltlich hochwertige Diskussion \u2013 gepr\u00e4gt von gegenseitigem Respekt und sachlicher Tiefe. Die Debatte zeichnete sich durch ihre Qualit\u00e4t und konstruktive Auseinandersetzung aus, wie sie in heutigen gesellschaftlichen Diskursen leider immer seltener zu erleben ist.<\/p>\n<p>Es ist bedauerlich, dass eine derartige Debattenkultur \u2013 sachlich, respektvoll und konstruktiv \u2013 in weiten Teilen der Gesellschaft kaum noch zu finden ist. Die Veranstaltung unterstrich, wie wertvoll solch ein Austausch f\u00fcr die politische und gesellschaftliche Meinungsbildung sein kann.<\/p>\n<h4><strong><em>F\u00fcr alle, die nicht dabei sein konnten:<\/em><\/strong><\/h4>\n<blockquote>\n<h3><strong>Ernstfall f\u00fcr Deutschland?<\/strong><\/h3>\n<p><strong>Thomas Carl Schwoerer<\/strong>, Verleger und Bundessprecher der traditionsreichen Deutschen Friedensgesellschaft \u2013 Vereinigte KriegsdienstgegnerInnen, diskutierte mit <strong>Erich Vad<\/strong> \u00fcber Abschreckung und die geplante Stationierung von amerikanischen Mittelstreckenwaffen, \u00fcber eine enge europ\u00e4ische Zusammenarbeit und Alternativen zur Aufr\u00fcstung, eine m\u00f6gliche Abnabelung von den USA und dar\u00fcber, inwiefern sich gerade Deutschland f\u00fcr Frieden einsetzen kann und muss.<\/p>\n<p>Ein Funke \u2013 oder auch: ein Taurus-Marschflugk\u00f6rper \u2013 gen\u00fcgt und in Deutschland herrscht Krieg. Grausamer und schlimmer, als wir es uns vorstellen k\u00f6nnen. Ein Krieg, der unser aller Ende werden kann. Weshalb also haben deutsche Politiker noch immer keine Strategie entworfen, um den Krieg in der Ukraine politisch zu beenden? Diese Frage stellt Ex-General Erich Vad in seinem neuen Buch \u201eErnstfall f\u00fcr Deutschland. Ein Handbuch gegen den Krieg\u201c und entwirft ein furchterregendes Szenario, sollte der Ukraine-Krieg aus dem Ruder laufen und nach Deutschland \u00fcbergreifen.<\/p>\n<p><em>Eine Veranstaltung des Westend Verlags in Kooperation mit dem Fb Kultur und der Deutschen Friedensgesellschaft \u2013 Vereinigte KriegsdienstgegnerInnen Frankfurt<\/em><\/p><\/blockquote>\n<p>Die Aufzeichnung der Veranstaltung wird in K\u00fcrze auf dem <a href=\"https:\/\/www.youtube.com\/@FrankurterFriedensGespr%C3%A4che\/videos\" target=\"_blank\" rel=\"noopener\">YouTube-Kanal der <span style=\"color: #ff0000;\">F<\/span>rankfurter <span style=\"color: #ff0000;\">F<\/span>riedens<span style=\"color: #ff0000;\">G<\/span>espr\u00e4che<\/a>\u00a0verf\u00fcgbar sein.<\/p>\n<p>&nbsp;<\/p>\n<hr \/>\n<h6>Bild(er): NachDenkSeiten Gespr\u00e4chskreis Frankfurt<\/h6>\n<p>&nbsp;<\/p>\n","protected":false},"excerpt":{"rendered":"<p>07.02.25 Frankfurt: Michael L\u00fcders 15.02.25 Limburg: Jubil\u00e4umsfeier NDS-GK mit Albrecht M\u00fcller und Anette Sorg 16.02.25 Frankfurt: &#8222;NDS-GK: &#8222;Parallel-Gesellschaften&#8220; (Uli Riedel) 17.02.25 Frankfurt: Parteien-und Kandidatenvorstellung zur Bundestagswahl 2025 19.02.25 Darmstadt:NDS-GK: &#8222;Gesellschaftspolitische Beteiligung&#8220; (Peter Biebel) 20.02.25 Offenbach: G\u00fcnter Verheugen 10.03.25 Frankfurt: Gabriele Krone-Schmalz 29.03.25 Wiesbaden: Demo und Kundgebung: Keine Mittelstreckenraketen! Nachbetrachtung zur Veranstaltung mit\u00a0Erich Vad und Thomas [&hellip;]<\/p>\n","protected":false},"author":5,"featured_media":0,"comment_status":"closed","ping_status":"open","sticky":false,"template":"","format":"standard","meta":{"jetpack_post_was_ever_published":false,"_jetpack_newsletter_access":"","_jetpack_dont_email_post_to_subs":false,"_jetpack_newsletter_tier_id":0,"_jetpack_memberships_contains_paywalled_content":false,"_jetpack_memberships_contains_paid_content":false,"footnotes":""},"categories":[1,10],"tags":[],"class_list":["post-3248","post","type-post","status-publish","format-standard","hentry","category-allgemein","category-termine-veranstaltungen"],"jetpack_featured_media_url":"","jetpack_shortlink":"https:\/\/wp.me\/p4d9vn-Qo","jetpack_sharing_enabled":true,"_links":{"self":[{"href":"https:\/\/www.rheinland-pfalz-saarland.freidenker.org\/cms\/index.php?rest_route=\/wp\/v2\/posts\/3248","targetHints":{"allow":["GET"]}}],"collection":[{"href":"https:\/\/www.rheinland-pfalz-saarland.freidenker.org\/cms\/index.php?rest_route=\/wp\/v2\/posts"}],"about":[{"href":"https:\/\/www.rheinland-pfalz-saarland.freidenker.org\/cms\/index.php?rest_route=\/wp\/v2\/types\/post"}],"author":[{"embeddable":true,"href":"https:\/\/www.rheinland-pfalz-saarland.freidenker.org\/cms\/index.php?rest_route=\/wp\/v2\/users\/5"}],"replies":[{"embeddable":true,"href":"https:\/\/www.rheinland-pfalz-saarland.freidenker.org\/cms\/index.php?rest_route=%2Fwp%2Fv2%2Fcomments&post=3248"}],"version-history":[{"count":32,"href":"https:\/\/www.rheinland-pfalz-saarland.freidenker.org\/cms\/index.php?rest_route=\/wp\/v2\/posts\/3248\/revisions"}],"predecessor-version":[{"id":3297,"href":"https:\/\/www.rheinland-pfalz-saarland.freidenker.org\/cms\/index.php?rest_route=\/wp\/v2\/posts\/3248\/revisions\/3297"}],"wp:attachment":[{"href":"https:\/\/www.rheinland-pfalz-saarland.freidenker.org\/cms\/index.php?rest_route=%2Fwp%2Fv2%2Fmedia&parent=3248"}],"wp:term":[{"taxonomy":"category","embeddable":true,"href":"https:\/\/www.rheinland-pfalz-saarland.freidenker.org\/cms\/index.php?rest_route=%2Fwp%2Fv2%2Fcategories&post=3248"},{"taxonomy":"post_tag","embeddable":true,"href":"https:\/\/www.rheinland-pfalz-saarland.freidenker.org\/cms\/index.php?rest_route=%2Fwp%2Fv2%2Ftags&post=3248"}],"curies":[{"name":"wp","href":"https:\/\/api.w.org\/{rel}","templated":true}]}}