{"id":2097,"date":"2024-10-05T20:04:49","date_gmt":"2024-10-05T18:04:49","guid":{"rendered":"https:\/\/www.rheinland-pfalz-saarland.freidenker.org\/cms\/?p=2097"},"modified":"2025-08-07T21:30:35","modified_gmt":"2025-08-07T19:30:35","slug":"filmvorfuehrung-nuernberg-in-koblenz-die-nuernberger-hauptprozesse-aus-russischer-sicht","status":"publish","type":"post","link":"https:\/\/www.rheinland-pfalz-saarland.freidenker.org\/cms\/?p=2097","title":{"rendered":"Filmvorf\u00fchrung \u201eN\u00fcrnberg\u201c in Koblenz: Die N\u00fcrnberger Hauptprozesse aus russischer Sicht"},"content":{"rendered":"<p>Einladung zur Filmvorf\u00fchrung mit Ausstellung und Diskussion:<\/p>\n<p><strong>Veranstalter<\/strong>: <a href=\"https:\/\/koblenzimdialog.de\/\" target=\"_blank\" rel=\"noopener\"><strong>Koblenz im Dialog<\/strong><\/a>, <strong>Freidenker-Verband<\/strong> und <a href=\"https:\/\/diebasis-partei.de\/\" target=\"_blank\" rel=\"noopener\"><strong>DieBasis<\/strong><\/a>:<\/p>\n<p><img data-recalc-dims=\"1\" loading=\"lazy\" decoding=\"async\" data-attachment-id=\"2100\" data-permalink=\"https:\/\/www.rheinland-pfalz-saarland.freidenker.org\/cms\/?attachment_id=2100\" data-orig-file=\"https:\/\/i0.wp.com\/www.rheinland-pfalz-saarland.freidenker.org\/cms\/wp-content\/uploads\/2024\/10\/nuernberg-foto2.webp?fit=800%2C783&amp;ssl=1\" data-orig-size=\"800,783\" data-comments-opened=\"1\" data-image-meta=\"{&quot;aperture&quot;:&quot;0&quot;,&quot;credit&quot;:&quot;&quot;,&quot;camera&quot;:&quot;&quot;,&quot;caption&quot;:&quot;&quot;,&quot;created_timestamp&quot;:&quot;0&quot;,&quot;copyright&quot;:&quot;&quot;,&quot;focal_length&quot;:&quot;0&quot;,&quot;iso&quot;:&quot;0&quot;,&quot;shutter_speed&quot;:&quot;0&quot;,&quot;title&quot;:&quot;&quot;,&quot;orientation&quot;:&quot;0&quot;}\" data-image-title=\"nuernberg-foto2\" data-image-description=\"\" data-image-caption=\"\" data-medium-file=\"https:\/\/i0.wp.com\/www.rheinland-pfalz-saarland.freidenker.org\/cms\/wp-content\/uploads\/2024\/10\/nuernberg-foto2.webp?fit=300%2C294&amp;ssl=1\" data-large-file=\"https:\/\/i0.wp.com\/www.rheinland-pfalz-saarland.freidenker.org\/cms\/wp-content\/uploads\/2024\/10\/nuernberg-foto2.webp?fit=284%2C278&amp;ssl=1\" class=\"alignnone wp-image-2100\" src=\"https:\/\/i0.wp.com\/www.rheinland-pfalz-saarland.freidenker.org\/cms\/wp-content\/uploads\/2024\/10\/nuernberg-foto2.webp?resize=495%2C484&#038;ssl=1\" alt=\"&quot;N\u00fcrnberg&quot;\" width=\"495\" height=\"484\" srcset=\"https:\/\/i0.wp.com\/www.rheinland-pfalz-saarland.freidenker.org\/cms\/wp-content\/uploads\/2024\/10\/nuernberg-foto2.webp?w=800&amp;ssl=1 800w, https:\/\/i0.wp.com\/www.rheinland-pfalz-saarland.freidenker.org\/cms\/wp-content\/uploads\/2024\/10\/nuernberg-foto2.webp?resize=300%2C294&amp;ssl=1 300w, https:\/\/i0.wp.com\/www.rheinland-pfalz-saarland.freidenker.org\/cms\/wp-content\/uploads\/2024\/10\/nuernberg-foto2.webp?resize=768%2C752&amp;ssl=1 768w\" sizes=\"auto, (max-width: 495px) 100vw, 495px\" \/><\/p>\n<h2>\u201eN\u00fcrnberg\u201c<\/h2>\n<p>Die erste russische Verfilmung der N\u00fcrnberger Hauptprozesse, die der Geschichte und der T\u00e4tigkeit des von den Siegerm\u00e4chten (UdSSR, USA, Gro\u00dfbritannien und Frankreich) zur Verfolgung und Bestrafung der Hauptkriegsverbrecher der europ\u00e4ischen &#8222;Achsen&#8220;-L\u00e4nder gestifteten Internationalen Milit\u00e4rgerichtshofs gewidmet ist.<\/p>\n<p><strong>&#8222;N\u00fcrnberg&#8220;<\/strong> kam am 2. M\u00e4rz 2023 in die russischen Kinos. Er basiert auf dem Roman von <strong>Alexander Swjaginze<\/strong>, dem ehemaligen stellvertretenden Generalstaatsanwalt Russlands, der auch das Drehbuch zu dem Film schrieb. Der von der Produktionsfirma Cinema Production mit Unterst\u00fctzung der Russischen Historischen Gesellschaft produzierte Film ist mit Schauspielern aus Russland, den USA, Frankreich, Belgien, \u00d6sterreich (<strong>Wolfgang Cerny)<\/strong> und Deutschland (<strong>Carsten Norgaard<\/strong>, <strong>Klaus Schindler<\/strong>, <strong>Thorsten Krohn<\/strong> und <strong>Ludwig Hollburg<\/strong>) besetzt.<\/p>\n<p>Zum historischen Prozess gibt es in dem Film Szenen aus dem Gerichtssaal, wobei der N\u00fcrnberger Prozess an sich nur einen geringen Anteil an der Handlung hat, w\u00e4hrend sich au\u00dferhalb des Gerichtssaales ein Agenten-Melodrama abspielt.<\/p>\n<p>Der Film wird im mehrsprachigen Original gezeigt (russisch, englisch, deutsch). Die englischen und russischen Passagen sind mit deutschen Untertiteln unterlegt.<\/p>\n<p>&nbsp;<\/p>\n<blockquote>\n<h3>Wann \/ Wo:<\/h3>\n<h4>Samstag, 16. November 2024,<br \/>\n16:00 Uhr (Einlass: 15:30 Uhr)<\/h4>\n<h4>Coenen Palais Koblenz<br \/>\nHofstra\u00dfe 272<br \/>\n56077 Koblenz-Ehrenbreitstein<\/h4>\n<p>Schutzgeb\u00fchr: 5,00 \u20ac<\/p>\n<p>Tickets und weitere Informationen bei: <a href=\"https:\/\/krasser.guru\/veranstaltungen\/was-haben-wir-wirklich-gelernt-nuernberg\/\" target=\"_blank\" rel=\"noopener\"><strong>Krasser Guru<\/strong><\/a><\/p>\n<h5>Die geringe Schutzgeb\u00fchr ist als Spende f\u00fcr den hohen finanziellen Aufwand einer solchen Veranstaltung zu verstehen und wir danken f\u00fcr Ihr Verst\u00e4ndnis. Sch\u00fcler k\u00f6nnen ihren Beitrag, abzgl. der Geb\u00fchren und Mehrwertsteuer, die \u00fcber das Buchungssystem Krasser Guru zustandekommen, am Veranstaltungsort wieder zur\u00fcckerhalten. Bei Nichtteilnahme entf\u00e4llt diese M\u00f6glichkeit. Die russische Botschaft bat sich aus, die Veranstaltung kostenfrei f\u00fcr jeden Interessenten zu halten, lediglich Spenden seien m\u00f6glich.<\/h5>\n<\/blockquote>\n<p>&nbsp;<\/p>\n<p><!--more--><\/p>\n<p><strong>Trailer <\/strong>(russisch):<\/p>\n<p><iframe loading=\"lazy\" title=\"YouTube video player\" src=\"https:\/\/www.youtube.com\/embed\/JA3xGGGA3I4?si=WVgBHbpPDvI06_2k\" width=\"495\" height=\"278\" frameborder=\"0\" allowfullscreen=\"allowfullscreen\"><span style=\"display: inline-block; width: 0px; overflow: hidden; line-height: 0;\" data-mce-type=\"bookmark\" class=\"mce_SELRES_start\">\ufeff<\/span><\/iframe><\/p>\n<p>&nbsp;<\/p>\n<p>Eine nichtkommerzielle Premieren-Vorf\u00fchrung des Spielfilms &#8222;N\u00fcrnberg&#8220; (Regie: N.Lebedew, Drehbuch: A.Swjaginzew) in Deutschland fand im Mai 2023 Kino- und Konzertsaal des Generalkonsulates der Russischen F\u00f6deration in Bonn statt. Unterst\u00fctzt wurde die Auff\u00fchrung durch die A.Petschersky-Stiftung.<\/p>\n<div id=\"attachment_2101\" style=\"width: 505px\" class=\"wp-caption alignnone\"><a href=\"https:\/\/bonn.mid.ru\/de\/pressemitteilungen\/ber_die_vorf_hrung_des_spielfilms_n_rnberg\/\" target=\"_blank\" rel=\"noopener\"><img data-recalc-dims=\"1\" loading=\"lazy\" decoding=\"async\" aria-describedby=\"caption-attachment-2101\" data-attachment-id=\"2101\" data-permalink=\"https:\/\/www.rheinland-pfalz-saarland.freidenker.org\/cms\/?attachment_id=2101\" data-orig-file=\"https:\/\/i0.wp.com\/www.rheinland-pfalz-saarland.freidenker.org\/cms\/wp-content\/uploads\/2024\/10\/Ausstellung-im-Konsulat.jpg?fit=769%2C356&amp;ssl=1\" data-orig-size=\"769,356\" data-comments-opened=\"1\" data-image-meta=\"{&quot;aperture&quot;:&quot;0&quot;,&quot;credit&quot;:&quot;&quot;,&quot;camera&quot;:&quot;&quot;,&quot;caption&quot;:&quot;&quot;,&quot;created_timestamp&quot;:&quot;0&quot;,&quot;copyright&quot;:&quot;&quot;,&quot;focal_length&quot;:&quot;0&quot;,&quot;iso&quot;:&quot;0&quot;,&quot;shutter_speed&quot;:&quot;0&quot;,&quot;title&quot;:&quot;&quot;,&quot;orientation&quot;:&quot;0&quot;}\" data-image-title=\"Ausstellung im Konsulat\" data-image-description=\"\" data-image-caption=\"\" data-medium-file=\"https:\/\/i0.wp.com\/www.rheinland-pfalz-saarland.freidenker.org\/cms\/wp-content\/uploads\/2024\/10\/Ausstellung-im-Konsulat.jpg?fit=300%2C139&amp;ssl=1\" data-large-file=\"https:\/\/i0.wp.com\/www.rheinland-pfalz-saarland.freidenker.org\/cms\/wp-content\/uploads\/2024\/10\/Ausstellung-im-Konsulat.jpg?fit=495%2C229&amp;ssl=1\" class=\"wp-image-2101\" title=\"zur Pressemitteilung...\" src=\"https:\/\/i0.wp.com\/www.rheinland-pfalz-saarland.freidenker.org\/cms\/wp-content\/uploads\/2024\/10\/Ausstellung-im-Konsulat.jpg?resize=495%2C229&#038;ssl=1\" alt=\"A.Pechersky-Stiftung: Fotoausstellung mit dem Titel &quot;Der N\u00fcrnberger Prozess: Ein Blick aus Moskau&quot;\" width=\"495\" height=\"229\" srcset=\"https:\/\/i0.wp.com\/www.rheinland-pfalz-saarland.freidenker.org\/cms\/wp-content\/uploads\/2024\/10\/Ausstellung-im-Konsulat.jpg?w=769&amp;ssl=1 769w, https:\/\/i0.wp.com\/www.rheinland-pfalz-saarland.freidenker.org\/cms\/wp-content\/uploads\/2024\/10\/Ausstellung-im-Konsulat.jpg?resize=300%2C139&amp;ssl=1 300w\" sizes=\"auto, (max-width: 495px) 100vw, 495px\" \/><\/a><p id=\"caption-attachment-2101\" class=\"wp-caption-text\">A.Pechersky-Stiftung: Fotoausstellung mit dem Titel &#8222;Der N\u00fcrnberger Prozess: Ein Blick aus Moskau&#8220;<\/p><\/div>\n<blockquote>\n<h3 class=\"news-detail__title\"><em>\u00dcber die Vorf\u00fchrung des Spielfilms &#8222;N\u00fcrnberg&#8220;<\/em><\/h3>\n<p><em>&#8222;Neben den Mitarbeitern des Generalkonsulates, ihren Familienangeh\u00f6rigen und den Sch\u00fclern der Gesamtschule des Generalkonsulates nahm auch eine Gruppe von Landsleuten, die im Konsularbezirk des Generalkonsulates wohnen, darunter Vertreter des Verbands der Blockadeveteranen, an der Premierenvorf\u00fchrung teil.<\/em><\/p>\n<p><em>&#8222;Im Rahmen der Premierenvorf\u00fchrung genossen die G\u00e4ste ein &#8222;Glas Champagner&#8220; und eine von der A.Pechersky-Stiftung zur Verf\u00fcgung gestellte Fotoausstellung mit dem Titel &#8222;Der N\u00fcrnberger Prozess: Ein Blick aus Moskau&#8220;.<\/em><\/p>\n<p><em>[&#8230;] Dank seines hervorragenden Drehbuchs und Spektakularit\u00e4t wurde er mit gro\u00dfem Interesse und Beifall aufgenommen.<\/em><\/p>\n<p><em>Angesichts der Relevanz der im Film angesprochenen Themen will sich das Generalkonsulat weiterhin daf\u00fcr einsetzen, dass dieser einzigartige historische Film auch an anderen geeigneten Orten in seinem Konsularbezirk (Nordrhein-Westfalen, Rheinland-Pfalz, Saarland) gezeigt wird, zumal es f\u00fcr das deutsch- und englischsprachige Publikum angepasste Versionen des Films gibt.<\/em><\/p>\n<p><em><strong>Text: <\/strong><a href=\"https:\/\/bonn.mid.ru\/de\/pressemitteilungen\/ber_die_vorf_hrung_des_spielfilms_n_rnberg\/\" target=\"_blank\" rel=\"noopener\">Generalkonsulat der Russischen F\u00f6deration in Bonn<\/a><\/em><\/p><\/blockquote>\n<p>&nbsp;<\/p>\n<p>Im Rahmen der Reihe &#8222;Koblenz im Dialog&#8220; hat <a href=\"https:\/\/koblenzimdialog.de\/\" target=\"_blank\" rel=\"noopener\"><strong>Sabiene Jahn<\/strong><\/a> die Auff\u00fchrung dieses Films f\u00fcr den November 2024 in Koblenz am Rhein organisiert: <a href=\"https:\/\/www.rheinland-pfalz-saarland.freidenker.org\/cms\/wp-content\/uploads\/2024\/10\/Banner-79-Jahre-Nuernberger-Prozesse-neu.pdf\">79 Jahre Nu\u0308rnberger Prozesse<\/a> (Flyer)<\/p>\n<p>&nbsp;<\/p>\n<hr \/>\n<h6>Bild(er): <a href=\"https:\/\/diebasis-hb.de\/2024\/08\/nuernberg-kommt-nach-bremen\/\" target=\"_blank\" rel=\"noopener\">DieBasis Bremen<\/a>; Generalkonsulat der Russischen F\u00f6deration in Bonn<\/h6>\n","protected":false},"excerpt":{"rendered":"<p>Einladung zur Filmvorf\u00fchrung mit Ausstellung und Diskussion: Veranstalter: Koblenz im Dialog, Freidenker-Verband und DieBasis: \u201eN\u00fcrnberg\u201c Die erste russische Verfilmung der N\u00fcrnberger Hauptprozesse, die der Geschichte und der T\u00e4tigkeit des von den Siegerm\u00e4chten (UdSSR, USA, Gro\u00dfbritannien und Frankreich) zur Verfolgung und Bestrafung der Hauptkriegsverbrecher der europ\u00e4ischen &#8222;Achsen&#8220;-L\u00e4nder gestifteten Internationalen Milit\u00e4rgerichtshofs gewidmet ist. &#8222;N\u00fcrnberg&#8220; kam am 2. [&hellip;]<\/p>\n","protected":false},"author":5,"featured_media":0,"comment_status":"open","ping_status":"open","sticky":false,"template":"","format":"standard","meta":{"jetpack_post_was_ever_published":false,"_jetpack_newsletter_access":"","_jetpack_dont_email_post_to_subs":false,"_jetpack_newsletter_tier_id":0,"_jetpack_memberships_contains_paywalled_content":false,"_jetpack_memberships_contains_paid_content":false,"footnotes":""},"categories":[1,10],"tags":[],"class_list":["post-2097","post","type-post","status-publish","format-standard","hentry","category-allgemein","category-termine-veranstaltungen"],"jetpack_featured_media_url":"","jetpack_shortlink":"https:\/\/wp.me\/p4d9vn-xP","jetpack_sharing_enabled":true,"_links":{"self":[{"href":"https:\/\/www.rheinland-pfalz-saarland.freidenker.org\/cms\/index.php?rest_route=\/wp\/v2\/posts\/2097","targetHints":{"allow":["GET"]}}],"collection":[{"href":"https:\/\/www.rheinland-pfalz-saarland.freidenker.org\/cms\/index.php?rest_route=\/wp\/v2\/posts"}],"about":[{"href":"https:\/\/www.rheinland-pfalz-saarland.freidenker.org\/cms\/index.php?rest_route=\/wp\/v2\/types\/post"}],"author":[{"embeddable":true,"href":"https:\/\/www.rheinland-pfalz-saarland.freidenker.org\/cms\/index.php?rest_route=\/wp\/v2\/users\/5"}],"replies":[{"embeddable":true,"href":"https:\/\/www.rheinland-pfalz-saarland.freidenker.org\/cms\/index.php?rest_route=%2Fwp%2Fv2%2Fcomments&post=2097"}],"version-history":[{"count":17,"href":"https:\/\/www.rheinland-pfalz-saarland.freidenker.org\/cms\/index.php?rest_route=\/wp\/v2\/posts\/2097\/revisions"}],"predecessor-version":[{"id":2147,"href":"https:\/\/www.rheinland-pfalz-saarland.freidenker.org\/cms\/index.php?rest_route=\/wp\/v2\/posts\/2097\/revisions\/2147"}],"wp:attachment":[{"href":"https:\/\/www.rheinland-pfalz-saarland.freidenker.org\/cms\/index.php?rest_route=%2Fwp%2Fv2%2Fmedia&parent=2097"}],"wp:term":[{"taxonomy":"category","embeddable":true,"href":"https:\/\/www.rheinland-pfalz-saarland.freidenker.org\/cms\/index.php?rest_route=%2Fwp%2Fv2%2Fcategories&post=2097"},{"taxonomy":"post_tag","embeddable":true,"href":"https:\/\/www.rheinland-pfalz-saarland.freidenker.org\/cms\/index.php?rest_route=%2Fwp%2Fv2%2Ftags&post=2097"}],"curies":[{"name":"wp","href":"https:\/\/api.w.org\/{rel}","templated":true}]}}