{"id":1837,"date":"2024-09-12T17:37:30","date_gmt":"2024-09-12T15:37:30","guid":{"rendered":"https:\/\/www.rheinland-pfalz-saarland.freidenker.org\/cms\/?p=1837"},"modified":"2025-08-15T16:10:26","modified_gmt":"2025-08-15T14:10:26","slug":"aufruf-zur-bundesweiten-friedensdemonstation-am-3-oktober-in-berlin","status":"publish","type":"post","link":"https:\/\/www.rheinland-pfalz-saarland.freidenker.org\/cms\/?p=1837","title":{"rendered":"Aufruf zur bundesweiten Friedensdemonstation am 3. Oktober in Berlin (mit Nachtrag)"},"content":{"rendered":"<p><em><strong>Red.<\/strong><\/em><\/p>\n<p>Am 3. Oktober findet in Berlin eine Friedensdemonstration statt, organisiert von der Initiative <strong><a href=\"https:\/\/nie-wieder-krieg.org\/\" target=\"_blank\" rel=\"noopener\">&#8222;Nie wieder Krieg &#8211; die Waffen nieder&#8220;<\/a><\/strong>. Sie wird von einem breiten B\u00fcndnis verschiedener Initiativen wie <a href=\"https:\/\/www.stoppramstein.de\/\" target=\"_blank\" rel=\"noopener\">&#8222;Stopp Ramstein&#8220;<\/a>, <a href=\"https:\/\/frieden-und-zukunft.de\/\" target=\"_blank\" rel=\"noopener\">&#8222;Friedens- und Zukunftswerkstatt&#8220;<\/a> (<a href=\"#FriedenswerkstattFfm\">s. auch erg\u00e4nzender Text unten<\/a>) und den <strong>Freidenkern<\/strong> unterst\u00fctzt.<\/p>\n<blockquote>\n<hr \/>\n<h3><span style=\"color: #ff0000;\">Nachtrag:<\/span><\/h3>\n<p><strong>Bitte unbedingt auch den folgenden Artikel vom 27.09.24 auf der Seite des Bundesverbands der Freidenker lesen,<\/strong><\/p>\n<p>in dem der Vorsitzende des Freidenker-Verbands <strong>Sebastian Bahlo<\/strong> klarstellt, dass es nicht ohne Grund Kontroversen zum untenstehenden Demonstrationsaufruf gibt. Bahlo verweist darin u. a. auf Meinungsbeitr\u00e4ge von Freidenkerin <strong>Dagmar Henn<\/strong>, &#8222;die den Text des Aufrufs scharf kritisiert&#8220; (<a href=\"https:\/\/www.freidenker.org\/?p=19584\" target=\"_blank\" rel=\"noopener\">hier<\/a>) und vom stellvertretenden Vorsitzenden <strong>Klaus Hartmann<\/strong>, &#8222;der sich mit Angriffen auf die Friedensbewegung von innen besch\u00e4ftigt&#8220; (<a href=\"https:\/\/www.freidenker.org\/?p=19902\" target=\"_blank\" rel=\"noopener\">hier<\/a>).<\/p>\n<p><strong>Der Deutsche Freidenker-Verband<\/strong> ruft nat\u00fcrlich weiterhin &#8211; trotz seiner Kritik an den Darstellungen und Auslassungen der Initiatoren des Aufrufs, bzw. erst recht &#8211; zur Teilnahme an der Demo auf. Spaltungs- und Zersetzungsversuche gegen\u00fcber der Friedensbewegung m\u00fcssen zur\u00fcckgewiesen werden, denn: <strong>&#8222;Wir m\u00fcssen auf die Stra\u00dfe, um den wahnsinnigen Kurs auf Aufr\u00fcstung, Sterbehilfe f\u00fcr die Ukraine und Kriegseskalation gegen\u00fcber Russland zu stoppen.&#8220;<\/strong><\/p>\n<h4 style=\"text-align: center;\"><strong>Keine Zustimmung zur Stationierung neuer US-Raketen!<\/strong><\/h4>\n<h4 style=\"text-align: center;\"><strong>NATO raus \u2013 aus der Ukraine und aus Deutschland!<\/strong><\/h4>\n<h3 class=\"cm-entry-title\" style=\"text-align: center;\"><a href=\"https:\/\/www.freidenker.org\/?p=19914\" target=\"_blank\" rel=\"noopener\">\u201eNie wieder Krieg!\u201c \u2013 Freidenker-Verband ruft zur Teilnahme am 3. Oktober auf<\/a><\/h3>\n<hr \/>\n<\/blockquote>\n<p>&nbsp;<\/p>\n<p><a href=\"https:\/\/nie-wieder-krieg.org\/\" target=\"_blank\" rel=\"noopener\"><img data-recalc-dims=\"1\" loading=\"lazy\" decoding=\"async\" data-attachment-id=\"1846\" data-permalink=\"https:\/\/www.rheinland-pfalz-saarland.freidenker.org\/cms\/?attachment_id=1846\" data-orig-file=\"https:\/\/i0.wp.com\/www.rheinland-pfalz-saarland.freidenker.org\/cms\/wp-content\/uploads\/2024\/09\/bild_03_10_24.jpg?fit=1536%2C534&amp;ssl=1\" data-orig-size=\"1536,534\" data-comments-opened=\"1\" data-image-meta=\"{&quot;aperture&quot;:&quot;0&quot;,&quot;credit&quot;:&quot;&quot;,&quot;camera&quot;:&quot;&quot;,&quot;caption&quot;:&quot;&quot;,&quot;created_timestamp&quot;:&quot;0&quot;,&quot;copyright&quot;:&quot;&quot;,&quot;focal_length&quot;:&quot;0&quot;,&quot;iso&quot;:&quot;0&quot;,&quot;shutter_speed&quot;:&quot;0&quot;,&quot;title&quot;:&quot;&quot;,&quot;orientation&quot;:&quot;1&quot;}\" data-image-title=\"bild_03_10_24\" data-image-description=\"\" data-image-caption=\"\" data-medium-file=\"https:\/\/i0.wp.com\/www.rheinland-pfalz-saarland.freidenker.org\/cms\/wp-content\/uploads\/2024\/09\/bild_03_10_24.jpg?fit=300%2C104&amp;ssl=1\" data-large-file=\"https:\/\/i0.wp.com\/www.rheinland-pfalz-saarland.freidenker.org\/cms\/wp-content\/uploads\/2024\/09\/bild_03_10_24.jpg?fit=495%2C172&amp;ssl=1\" class=\"alignnone wp-image-1846 size-full\" title=\"zur Homepage &quot;Die Waffen nieder - Nie wieder Krieg&quot; \" src=\"https:\/\/i0.wp.com\/www.rheinland-pfalz-saarland.freidenker.org\/cms\/wp-content\/uploads\/2024\/09\/bild_03_10_24.jpg?resize=1536%2C534&#038;ssl=1\" alt=\"&quot;Die Waffen nieder - Nie wieder Krieg&quot; \" width=\"1536\" height=\"534\" srcset=\"https:\/\/i0.wp.com\/www.rheinland-pfalz-saarland.freidenker.org\/cms\/wp-content\/uploads\/2024\/09\/bild_03_10_24.jpg?w=1536&amp;ssl=1 1536w, https:\/\/i0.wp.com\/www.rheinland-pfalz-saarland.freidenker.org\/cms\/wp-content\/uploads\/2024\/09\/bild_03_10_24.jpg?resize=300%2C104&amp;ssl=1 300w, https:\/\/i0.wp.com\/www.rheinland-pfalz-saarland.freidenker.org\/cms\/wp-content\/uploads\/2024\/09\/bild_03_10_24.jpg?resize=1024%2C356&amp;ssl=1 1024w, https:\/\/i0.wp.com\/www.rheinland-pfalz-saarland.freidenker.org\/cms\/wp-content\/uploads\/2024\/09\/bild_03_10_24.jpg?resize=768%2C267&amp;ssl=1 768w\" sizes=\"auto, (max-width: 1000px) 100vw, 1000px\" \/><\/a><\/p>\n<p>Die Initiative <strong>&#8222;Stopp Ramstein&#8220;<\/strong> schreibt in ihrer Presseinformation einleitend:<\/p>\n<blockquote><p>&#8222;Wir leben in einer hochgef\u00e4hrlichen Zeit. Die Landtagswahlen in Th\u00fcringen und Sachsen haben gezeigt, dass die Augenwischerei der Bundesregierung, die uns trotz ihres Aufr\u00fcstungs- und Eskalationskurses in Sicherheit zu wiegen versucht, immer weniger Fr\u00fcchte tr\u00e4gt. Auch an der Wahlurne wird die Frage nach Krieg oder Frieden immer entscheidender.<\/p>\n<p>Zunehmend mehr Menschen haben Angst, dass die Kriege in der Ukraine und in Nahost weiter eskalieren und sich zu v\u00f6llig unkontrollierbaren Fl\u00e4chenbr\u00e4nden auswachsen k\u00f6nnten. Die vom Bundeskanzler gegebene Zustimmung, neue Mittelstreckenraketen, Marschflugk\u00f6rper und Hyperschallwaffen in Deutschland zu stationieren, ohne das Parlament einzubeziehen oder die Zustimmung der Bev\u00f6lkerung einzuholen, trifft nun auch auf Widerspruch in der eigenen Partei und in konservativen Kreisen.<\/p>\n<p><strong>Es ist dringend an der Zeit, den breiter werdenden Unmut als Widerstand auf die Stra\u00dfe zu bringen.<\/strong> Die von der Initiative \u201eNie wieder Krieg \u2013 Die Waffen nieder\u201c organisierte Friedensdemonstration am 3. Oktober in Berlin kommt gerade zur rechten Zeit. Die Mobilisierung im gesamten Bundesgebiet nimmt an Fahrt auf. Vor Ort werben Gruppen aus der Zivilgesellschaft, den Gewerkschaften, dem sozialen und antifaschistischen und dem parteipolitischen Bereich f\u00fcr eine Teilnahme. Sie organisieren Mitfahrm\u00f6glichkeiten, kleben Plakate und verteilen Flugbl\u00e4tter.&#8220;<\/p><\/blockquote>\n<p>&nbsp;<\/p>\n<p>Hier der Aufruf aus dem\u00a0<a href=\"https:\/\/www.rheinland-pfalz-saarland.freidenker.org\/cms\/wp-content\/uploads\/2024\/09\/Rundbrief_4_09.2024_Initiative-Nie-wieder-Krieg-die-Waffen-nieder.pdf\" target=\"_blank\" rel=\"noopener\"><strong>Rundbrief Nr. 4 (pdf)<\/strong><\/a> der Initiative <strong><a href=\"https:\/\/nie-wieder-krieg.org\/\" target=\"_blank\" rel=\"noopener\">&#8222;Nie wieder Krieg &#8211; die Waffen nieder&#8220;<\/a><\/strong>, erg\u00e4nzt um aktuelle Mitteilungen und links wie die Forderungen, Infos zu Bahntickets und aktuellen Mitfahrm\u00f6glichkeiten:<\/p>\n<h2>Nein zu Krieg und Hochr\u00fcstung! Ja zu Frieden und internationaler Solidarit\u00e4t<\/h2>\n<p><strong>Liebe <\/strong><strong>Friedensfreundinnen und Friedensfreunde,<\/strong><\/p>\n<p>der Wahlkampf in Th\u00fcringen, Sachsen und Brandenburg hat gezeigt: f\u00fcr die Menschen im Land ist der Frieden das zentrale Thema. Die aktuellen \u00c4u\u00dferungen des Bundeskanzlers zur Rechtfertigung der Stationierung von Mittelstreckenwaffen zeigen erneut, wie gef\u00e4hrlich die friedenspolitische Situation ist.<\/p>\n<p>Die zunehmende Bereitschaft, zur Demonstration am 3. Oktober nach Berlin aufzurufen, w\u00e4chst \u2013 wie man der Homepage unserer Initiative entnehmen kann. Organisationen und Initiativen senden uns ihre Unterst\u00fctzung und berichten von Aktionen zur Mobilisierung \u2013 besonders am Antikriegstag.<\/p>\n<p><!--more-->In mehr als 100 St\u00e4dten fanden Aktionen statt. Dabei wurde aufgerufen, am 3. Oktober nach Berlin zu fahren und gegen den R\u00fcstungswahn und die geplante Stationierung US-amerikanischer Mittelstreckenraketen zu demonstrieren. Zunehmend rufen auch gewerkschaftliche Gliederungen zur bundesweiten Demonstration auf.<\/p>\n<p>Alle aktuellen Informationen findet ihr auf unserer Webseite unter folgendem link: <strong><a href=\"http:\/\/Alles zur Friedensdemonstration am 3. Oktober in Berlin\" target=\"_blank\" rel=\"noopener\">Alles zur Friedensdemonstration am 3. Oktober in Berlin<\/a><\/strong><\/p>\n<p>Mit diesem 4. Rundbrief bitten wir erneut um eure Unterst\u00fctzung f\u00fcr die gemeinsame Demonstration am 3. Oktober 2024 in Berlin. Bitte teilt uns mit, was ihr zur Vorbereitung plant: <a href=\"mailto:demo_info@nie-wieder-krieg.org\"><strong>demo_info@nie-wieder-krieg.org<\/strong><\/a><\/p>\n<h3><strong>Aufrufe f\u00fcr die Demonstration:<\/strong><\/h3>\n<p>Wir wenden uns an alle Menschen, die dazu beitragen wollen, aus der Sackgasse von Konfrontation und Krieg herauszukommen. Lasst uns in der jetzigen Situation, in der die Welt zunehmend aus den Fugen ger\u00e4t, aufeinander zugehen, Barrieren \u00fcberwinden und f\u00fcr Vers\u00f6hnung werben. Lasst uns alte Streitigkeiten, Differenzen, unterschiedliche Einsch\u00e4tzungen zur\u00fcckstellen, um in dieser Situation gr\u00f6\u00dfter Gefahr f\u00fcr den Weltfrieden gemeinsam zu handeln. Wir wollen die Friedensbewegung st\u00e4rken und viele unterschiedliche Kr\u00e4fte zum gemeinsamen Handeln ermutigen. Eigen\u00adst\u00e4ndige Aufrufe aus verschiedenen gesellschaftlichen Bereichen und Aufrufe von Organisationen und Initiativen sind willkommen. Alle tragen dazu bei, eine positive Atmosph\u00e4re f\u00fcr die bundesweite Demonstration zu schaffen.<\/p>\n<h3><strong>Auftakt- und Schlusskundgebungsorte sowie der Sternmarsch:<br \/>\n<\/strong><\/h3>\n<blockquote><p><strong>Auftaktkundgebungen um 12:30 Uhr<\/strong>:<\/p>\n<ul>\n<li>Breitscheidplatz \/ Ged\u00e4chtniskirche<\/li>\n<li>Rathenower Str. \/ Ecke Alt Moabit<\/li>\n<li>Gleisdreieck \/ Sch\u00f6neberger Ufer<\/li>\n<\/ul>\n<p><strong>Die Abschlusskundgebung findet um 14:30 Uhr am Gro\u00dfen Stern statt.<\/strong><\/p><\/blockquote>\n<h3>Forderungen:<\/h3>\n<blockquote><p>Verhandlungen zur sofortigen Beendigung des Krieges in der Ukraine und in Gaza!<br \/>\n<strong>\u2013 Keine Waffenlieferungen an die Ukraine, Israel und in alle Welt!<\/strong><\/p>\n<p>Atomwaffen raus aus Deutschland und Atomwaffenverbotsvertrag unterzeichnen!<br \/>\n<strong>\u2013 Keine Modernisierung der Atomwaffen und keine atomare Teilhabe!<\/strong><\/p>\n<p><b>Keine Stationierung von US-Mittelstreckenwaffen in Deutschland!<\/b><\/p>\n<p>Friedenserziehung an Schulen und Aufrechterhaltung der Zivilklausel an Universit\u00e4ten und Hochschulen!<br \/>\n<strong>\u2013 Keine Bundeswehr an Schulen und keine \u201eneue\u201c Wehrpflicht!<\/strong><\/p>\n<p>Recht auf Kriegsdienstverweigerung \u00fcberall!<br \/>\n<strong>\u2013 Keine Zwangsrekrutierung!<\/strong><\/p>\n<p>Abr\u00fcstung! Geld in Bildung, Gesundheitswesen, Klimaschutz und Infrastruktur investieren, Sozialstaat ausbauen!<br \/>\n<strong>\u2013 Keine Milliarden in die R\u00fcstung!<\/strong><\/p>\n<p>Demokratischen Meinungsaustausch f\u00f6rdern, sachliche Berichterstattung erm\u00f6glichen!<br \/>\n<strong>\u2013 Keine Einschr\u00e4nkung der Meinungs- und Versammlungsfreiheit!<\/strong><\/p><\/blockquote>\n<h3><strong>Rednerinnen und Redner:<br \/>\n<\/strong><\/h3>\n<p>Als Rednerinnen und Redner f\u00fcr die <strong>Abschlusskundgebung<\/strong> haben bislang zugesagt:<\/p>\n<ul>\n<li>Peter Gauweiler (CSU),<\/li>\n<li>Gesine L\u00f6tzsch (MdB, Die Linke),<\/li>\n<li>Ralf Stegner (MdB, SPD) und<\/li>\n<li>Sahra Wagenknecht (MdB, BSW).<\/li>\n<\/ul>\n<p>Wir erwarten auch eine Stimme zum Gaza-Krieg sowie einen Beitrag zum Ukrainekrieg.<\/p>\n<p>Die Begr\u00fc\u00dfungsrede im Namen der Veranstalter erfolgt durch Reiner Braun. Moderiert wird die Abschlusskundgebung durch Wiebke Diehl und Jutta Kausch. Musikalische Mitwirkung: Tino Eisbrenner und Pablo Mir\u00f3.<\/p>\n<p>Auf den <strong>Auftaktkundgebungen<\/strong> werden u.a. sprechen:<\/p>\n<ul>\n<li>Alev Bahadir (DIDF),<\/li>\n<li>Angelika Claussen (IPPNW),<\/li>\n<li>Olaf Harms (ver.di Hamburg),<\/li>\n<li>Michael M\u00fcller (NaturFreunde, MdB a.D.),<\/li>\n<li>Ingrid Pfanzelt (M\u00fcnchen steht auf) und<\/li>\n<li>Christiane Reymann (Frieden Links).<\/li>\n<\/ul>\n<p>Moderiert werden diese Kundgebungen von Andreas Gr\u00fcnwald, Yussuf As und Rita-Sybille Heinrich.<\/p>\n<p>1776 Gruppen und Einzelpersonen rufen bisher dazu auf, die Friedensdemonstration am 3. Oktober in Berlin zu unterst\u00fctzen. Hier die Liste der Unterst\u00fctzenden f\u00fcr die Demo: <a href=\"https:\/\/nie-wieder-krieg.org\/2024\/08\/20\/unterstuetzer-3-10-2024\/\" target=\"_blank\" rel=\"noopener\">https:\/\/nie-wieder-krieg.org\/2024\/08\/20\/unterstuetzer-3-10-2024\/<\/a><\/p>\n<p>M\u00f6chtest auch Du bzw. Deine Gruppe dazu mit aufrufen, so kannst du uns dies \u00fcber unser Eingabeformular auf der folgenden Seite mitteilen: <a href=\"https:\/\/nie-wieder-krieg.org\/nein-zu-krieg-und-hochruestung\/\" target=\"_self\" rel=\"noopener\"><b>https:\/\/nie-wieder-krieg.org\/nein-zu-krieg-und-hochruestung\/<\/b><\/a><\/p>\n<h3><strong>Plakate und Flyer<\/strong>:<\/h3>\n<p>Plakate (DIN A3 und A2) und Flyer sind in neuer Auflage fertiggestellt und k\u00f6nnen bestellt werden (Druckvorlage auf der Webseite). Wegen der gro\u00dfen Nachfrage musste eine weitere Auflage der <strong>\u201eZeitung gegen den Krieg<\/strong>\u201c gedruckt werden. Bestellungen bitte an: <a href=\"mailto:demo_info@nie-wieder-krieg.org\"><strong>demo_info@nie-wieder-krieg.org<\/strong><\/a><strong><u>\u00a0 <\/u><\/strong><\/p>\n<p><a href=\"https:\/\/i0.wp.com\/www.rheinland-pfalz-saarland.freidenker.org\/cms\/wp-content\/uploads\/2024\/09\/2024-10-03_Plakat-A4_print.jpg?ssl=1\"><img data-recalc-dims=\"1\" loading=\"lazy\" decoding=\"async\" data-attachment-id=\"1881\" data-permalink=\"https:\/\/www.rheinland-pfalz-saarland.freidenker.org\/cms\/?attachment_id=1881\" data-orig-file=\"https:\/\/i0.wp.com\/www.rheinland-pfalz-saarland.freidenker.org\/cms\/wp-content\/uploads\/2024\/09\/2024-10-03_Plakat-A4_print.jpg?fit=801%2C1130&amp;ssl=1\" data-orig-size=\"801,1130\" data-comments-opened=\"1\" data-image-meta=\"{&quot;aperture&quot;:&quot;0&quot;,&quot;credit&quot;:&quot;&quot;,&quot;camera&quot;:&quot;&quot;,&quot;caption&quot;:&quot;&quot;,&quot;created_timestamp&quot;:&quot;0&quot;,&quot;copyright&quot;:&quot;&quot;,&quot;focal_length&quot;:&quot;0&quot;,&quot;iso&quot;:&quot;0&quot;,&quot;shutter_speed&quot;:&quot;0&quot;,&quot;title&quot;:&quot;&quot;,&quot;orientation&quot;:&quot;0&quot;}\" data-image-title=\"2024-10-03_Plakat-A4_print\" data-image-description=\"\" data-image-caption=\"\" data-medium-file=\"https:\/\/i0.wp.com\/www.rheinland-pfalz-saarland.freidenker.org\/cms\/wp-content\/uploads\/2024\/09\/2024-10-03_Plakat-A4_print.jpg?fit=213%2C300&amp;ssl=1\" data-large-file=\"https:\/\/i0.wp.com\/www.rheinland-pfalz-saarland.freidenker.org\/cms\/wp-content\/uploads\/2024\/09\/2024-10-03_Plakat-A4_print.jpg?fit=197%2C278&amp;ssl=1\" class=\"alignnone wp-image-1881 size-medium\" src=\"https:\/\/i0.wp.com\/www.rheinland-pfalz-saarland.freidenker.org\/cms\/wp-content\/uploads\/2024\/09\/2024-10-03_Plakat-A4_print.jpg?resize=213%2C300&#038;ssl=1\" alt=\"Plakat Friedensdemo 3. Oktober 24\" width=\"213\" height=\"300\" srcset=\"https:\/\/i0.wp.com\/www.rheinland-pfalz-saarland.freidenker.org\/cms\/wp-content\/uploads\/2024\/09\/2024-10-03_Plakat-A4_print.jpg?resize=213%2C300&amp;ssl=1 213w, https:\/\/i0.wp.com\/www.rheinland-pfalz-saarland.freidenker.org\/cms\/wp-content\/uploads\/2024\/09\/2024-10-03_Plakat-A4_print.jpg?resize=726%2C1024&amp;ssl=1 726w, https:\/\/i0.wp.com\/www.rheinland-pfalz-saarland.freidenker.org\/cms\/wp-content\/uploads\/2024\/09\/2024-10-03_Plakat-A4_print.jpg?resize=768%2C1083&amp;ssl=1 768w, https:\/\/i0.wp.com\/www.rheinland-pfalz-saarland.freidenker.org\/cms\/wp-content\/uploads\/2024\/09\/2024-10-03_Plakat-A4_print.jpg?w=801&amp;ssl=1 801w\" sizes=\"auto, (max-width: 213px) 100vw, 213px\" \/><\/a><\/p>\n<h3><strong>Facebook und Social Media:<\/strong><\/h3>\n<p>Wir bitten erneut alle, die Social Media-Plattformen nutzen, auf die Friedensdemonstration hinzuweisen und Freunde einzuladen.<\/p>\n<h3><strong>Mobilisierungsvideos:<br \/>\n<\/strong><\/h3>\n<p>Wir werden in den n\u00e4chsten Woche Videos zur Unterst\u00fctzung der Demonstration von <strong>Jeffrey Sachs<\/strong>, <strong>Michael M\u00fcller<\/strong>, <strong>Sahra Wagenknecht<\/strong> und <strong>Peter Brandt<\/strong> ver\u00f6ffentlichen \u2013 bitte teilen und weiterverbreiten.<\/p>\n<h3><strong>Anreise \u2013 bitte unbedingt informieren:<br \/>\n<\/strong><\/h3>\n<p>Inzwischen mehren sich die Angaben f\u00fcr die \u00f6rtlichen und regionalen Abfahrten zur Friedensdemo nach Berlin. Bitte teilt uns mit, was ihr zur Anreise plant \u2013 ob ihr Mitfahrm\u00f6glichkeiten mit Bussen, mit der Bahn oder in anderer Weise organisiert. Wir ver\u00f6ffentlichen dies mit Kontaktdaten auf unserer Webseite. Bitte teilt uns in diesem Zusammenhang auch mit, mit wie vielen Bussen ihr kommt. Dazu besteht hier Gelegenheit:<strong><br \/>\n<\/strong><a href=\"https:\/\/nie-wieder-krieg.org\/2024\/08\/23\/gemeinsame-anfahrten\/\"><strong>https:\/\/nie-wieder-krieg.org\/2024\/08\/23\/gemeinsame-anfahrten\/<\/strong><\/a><strong><br \/>\n<\/strong><\/p>\n<p>Genaue Hinweise f\u00fcr Parkpl\u00e4tze werden wir euch noch zukommen lassen.<br \/>\nF\u00fcr Berlin und die umliegenden Bundesl\u00e4nder ist eine Anreise mit den Regionalz\u00fcgen bzw. der S-Bahn die beste M\u00f6glichkeit. Wer als Ordnerin oder Ordner helfen kann: Bitte meldet euch schnell bei unserem Demonstrationsb\u00fcro (siehe unten).<\/p>\n<h3><strong>Finanzen:<\/strong><\/h3>\n<p>Bitte unterst\u00fctzt uns auch in dieser Hinsicht. Wir freuen uns \u00fcber jede auch noch so kleine Spende auf das folgende <strong>Konto der Friedens- und Zukunftswerkstatt, bei der Frankfurter Sparkasse, IBAN DE20 5005 0201 0200 0813 90 \u2013 BIC HELADEF1822<\/strong> \u2013 Stichwort: \u201e03.10. \u2013 Berlin\u201c<\/p>\n<p>&nbsp;<\/p>\n<p>Wir wollen mit der Demonstration einen Ansto\u00df geben, dass mehr Menschen sich f\u00fcr den Frieden aktiv einsetzen. Weitere Schreiben zur Vorbereitung der bundesweiten Demonstration werden folgen.<\/p>\n<p>Mit friedlichen Gr\u00fc\u00dfen<\/p>\n<p><strong>Initiative \u201eNie wieder Krieg \u2013 Die Waffen nieder\u201c<\/strong><br \/>\nYusuf As, Reiner Braun, Wiebke Diehl, Andreas Gru\u0308nwald, Rita-Sybille Heinrich,<br \/>\nJutta Kausch-Henken, Ralf Kra\u0308mer, Willi van Ooyen, Christof Ostheimer, Peter Wahl<\/p>\n<p>Das Demonstrationsb\u00fcro 3.10.2024 ist regelm\u00e4\u00dfig von Sebastian Krau\u00df besetzt:<\/p>\n<p>Montag 11-16 Uhr | Dienstag 16-21 Uhr | Mittwoch 11-16 Uhr | Donnerstag 10-15 Uhr. Zu erreichen unter der Rufnummer 030 20654857 oder unter der oben benannten Mail-Adresse. Postadresse: c\/o IALANA | Marienstr. 19\/20 | 10117 Berlin.<\/p>\n<p>&nbsp;<\/p>\n<h2 id=\"FriedenswerkstattFfm\">Erg\u00e4nzender Text: aktuelle Mitteilungen der Friedens- und Zukunftswerkstatt f\u00fcr die Region um Frankfurt am Main (vom 11.09.24):<\/h2>\n<p>Liebe Friedensfreundinnen, liebe Friedensfreunde,<\/p>\n<p>nach unserem Treffen am 4. September im Frankfurter Gewerkschaftshaus wollen wir euch \u00fcber die weiteren Aktivit\u00e4ten und die Vorbereitung der gro\u00dfen Demonstration am 3. Oktober 2024 in Berlin informieren.<\/p>\n<p><strong>Bei der gelungenen Aktion mit ca. 400 Teilnehmerinnen am 31. August 2024 in Wiesbaden und Mainz-Kastel sagte der Vorsitzende der Naturfreunde, Michael M\u00fcller:<\/strong><\/p>\n<blockquote>\n<p style=\"text-align: left;\">\u201c<em>Wir leben in dem gef\u00e4hrlichsten Jahrzehnt seit Ende des Zweiten Weltkrieges, in dem ein Bellizismus immer st\u00e4rker die Politik bestimmt. Wir m\u00fcssen aber alles tun, damit unser Jahrzehnt nicht \u00e4hnlich schrecklich endet. Doch kaum einer wagt zu sagen, dass die Zeitenwende nicht Militarisierung der internationalen Politik sein darf. Zeitenwende, das ist Solidarit\u00e4t, Nachhaltigkeit und Gemeinsame Sicherheit, so wie das in den UN-Berichten beschrieben wurde.\u00a0 <\/em><\/p>\n<p style=\"text-align: left;\"><em>Doch daf\u00fcr scheint es kaum Verst\u00e4ndnis zu geben. Was ist das f\u00fcr eine un\u00fcbertreffliche Dummheit, wenn 2 Prozent und mehr des BIP f\u00fcr das Milit\u00e4r ausgegeben werden, aber die Politik bei der gr\u00f6\u00dften Herausforderung, dem Schutz des Erdklimas, versagt. Hier w\u00fcrden 2 Prozent des BIP reichen, um die Erderw\u00e4rmung auf unter zwei Grad zu begrenzen und damit erbitterte Klimakriege zu verhindern. Das w\u00e4re die Zeitenwende, die wir brauchen. Zum Antikriegstag demonstriert die Friedensbewegung auch in Wiesbaden, den Irrweg zu stoppen, der den schrecklichen Krieg in der Ukraine zu einem immer gr\u00f6\u00dferen Krieg macht. Kriege haben n\u00e4mlich keine Grenzen in sich. Auch in Deutschland werden falsche Entscheidungen getroffen: Immer mehr Waffen und Milit\u00e4r. Immer mehr Engagement f\u00fcr den Krieg und Konfrontation. Bertha von Suttner hat Recht: \u201eEin \u00d6l-Brand kann nicht mit \u00d6l gel\u00f6scht werden\u201c.<\/em><\/p>\n<p style=\"text-align: left;\"><em>Wir sagen Nein zur Lieferung schwerer Waffen, die den Krieg, das Sterben und das Leid der Menschen verl\u00e4ngern. Wir sagen \u2013 wie schon vor mehr als 40 Jahren &#8211; Nein zur Stationierung neuer amerikanischer Mittelstreckenraketen und die nur in unserem Land. Und wir sagen auch Nein zur Einrichtung einer Nato-Koordinationsstelle in Wiesbaden \u2013 eine von weltweit f\u00fcnf Multi Domain Task Forces, die lange vor dem Krieg beschlossen wurden. Die Zustimmung zu neuen Mittelstreckenraketen ist ein Schlag gegen das eigene Verdienst der Friedens- und Entspannungspolitik. Von neuem wird in Europa eine Mauer errichtet. Die Einrichtung der Koordinierungsstelle zeigt, dass die Nato im Interesse der USA immer mehr die strategische Dominanz der westlichen Politik einnimmt, die nur die milit\u00e4rische Option kennt.\u201c<\/em><\/p>\n<\/blockquote>\n<p>&nbsp;<\/p>\n<p style=\"text-align: left;\"><strong>Wir werden die Aktionen in Wiesbaden verst\u00e4rken m\u00fcssen, um die geplante Kriegsf\u00fchrungszentrale zu verhindern.<\/strong><\/p>\n<p>\u00a0[&#8230;]<\/p>\n<p><strong>Wir haben Bahn-Tickets gebucht, f\u00fcr die noch ein gr\u00f6\u00dferes Kontingent verf\u00fcgbar war: <a href=\"https:\/\/frieden-und-zukunft.de\/anmeldung-bahnticket-berlin\/\">https:\/\/frieden-und-zukunft.de\/anmeldung-bahnticket-berlin\/<\/a> <\/strong><\/p>\n<blockquote><p>Abfahrt: 6:14 Uhr Frankfurt am Main HBF (Ankunft Berlin HBF um 10:32 Uhr)<\/p>\n<p>R\u00fcckfahrt Berlin HBF 19:26 Uhr (Ankunft Frankfurt a. M um 23:44 Uhr)<\/p>\n<p>Die Fahrtkosten betragen 65,00 \u20ac, erm\u00e4\u00dfigt 50,00 \u20ac<\/p><\/blockquote>\n<p>[&#8230;]<\/p>\n<p><strong>Am Mittwoch, 25. September 2024 wollen wir uns um 18:00 Uhr im Frankfurter Gewerkschaftshaus erneut zu einer Beratung zusammenfinden, um die Einzelheiten der Demonstration und eventuelle weitere Aktivit\u00e4ten und die n\u00e4chsten Aktionen zu besprechen.<\/strong><\/p>\n<p><strong>\u00a0<\/strong>Mit friedlichen Gr\u00fc\u00dfen, Willi van Ooyen und Karl-Heinz Peil<br \/>\nFrieden- und Zukunftswerkstatt e. V.<br \/>\nc\/o Frankfurter Gewerkschaftshaus<br \/>\nWilhelm-Leuschner-Str. 69 &#8211; 77<br \/>\n60329 Frankfurt am Main<br \/>\nTel.: 069 24 24 99.50<br \/>\nFax: 069 24 24 99.51<\/p>\n<p><a href=\"http:\/\/www.frieden-und-zukunft.de\"><strong>www.frieden-und-zukunft.de<\/strong><\/a><\/p>\n<p>&nbsp;<\/p>\n<p>Zu empfehlen ist auch das aktuelle Heft der Friedens- und Zukunftswerkstatt e.V., das <a href=\"https:\/\/frieden-und-zukunft.de\/fj-archiv\/\" target=\"_blank\" rel=\"noopener\">zweimonatlich erscheinende FriedensJournal<\/a>:<\/p>\n<p>Ausgabe Nr. 5\/2024:<\/p>\n<p><a href=\"https:\/\/www.frieden-und-zukunft.de\/pdf\/fj\/FJ_2024-5_Web.pdf\" target=\"_blank\" rel=\"noopener\"><img data-recalc-dims=\"1\" loading=\"lazy\" decoding=\"async\" data-attachment-id=\"1886\" data-permalink=\"https:\/\/www.rheinland-pfalz-saarland.freidenker.org\/cms\/?attachment_id=1886\" data-orig-file=\"https:\/\/i0.wp.com\/www.rheinland-pfalz-saarland.freidenker.org\/cms\/wp-content\/uploads\/2024\/09\/FJ_2024-5_Titel.jpg?fit=794%2C1123&amp;ssl=1\" data-orig-size=\"794,1123\" data-comments-opened=\"1\" data-image-meta=\"{&quot;aperture&quot;:&quot;0&quot;,&quot;credit&quot;:&quot;&quot;,&quot;camera&quot;:&quot;&quot;,&quot;caption&quot;:&quot;&quot;,&quot;created_timestamp&quot;:&quot;0&quot;,&quot;copyright&quot;:&quot;&quot;,&quot;focal_length&quot;:&quot;0&quot;,&quot;iso&quot;:&quot;0&quot;,&quot;shutter_speed&quot;:&quot;0&quot;,&quot;title&quot;:&quot;&quot;,&quot;orientation&quot;:&quot;0&quot;}\" data-image-title=\"FJ_2024-5_Titel\" data-image-description=\"\" data-image-caption=\"\" data-medium-file=\"https:\/\/i0.wp.com\/www.rheinland-pfalz-saarland.freidenker.org\/cms\/wp-content\/uploads\/2024\/09\/FJ_2024-5_Titel.jpg?fit=212%2C300&amp;ssl=1\" data-large-file=\"https:\/\/i0.wp.com\/www.rheinland-pfalz-saarland.freidenker.org\/cms\/wp-content\/uploads\/2024\/09\/FJ_2024-5_Titel.jpg?fit=197%2C278&amp;ssl=1\" class=\"alignnone wp-image-1886 size-medium\" title=\"FriedensJournal 5\/2024 als pdf\" src=\"https:\/\/i0.wp.com\/www.rheinland-pfalz-saarland.freidenker.org\/cms\/wp-content\/uploads\/2024\/09\/FJ_2024-5_Titel.jpg?resize=212%2C300&#038;ssl=1\" alt=\"FriedensJournal 5\/2024\" width=\"212\" height=\"300\" srcset=\"https:\/\/i0.wp.com\/www.rheinland-pfalz-saarland.freidenker.org\/cms\/wp-content\/uploads\/2024\/09\/FJ_2024-5_Titel.jpg?resize=212%2C300&amp;ssl=1 212w, https:\/\/i0.wp.com\/www.rheinland-pfalz-saarland.freidenker.org\/cms\/wp-content\/uploads\/2024\/09\/FJ_2024-5_Titel.jpg?resize=724%2C1024&amp;ssl=1 724w, https:\/\/i0.wp.com\/www.rheinland-pfalz-saarland.freidenker.org\/cms\/wp-content\/uploads\/2024\/09\/FJ_2024-5_Titel.jpg?resize=768%2C1086&amp;ssl=1 768w, https:\/\/i0.wp.com\/www.rheinland-pfalz-saarland.freidenker.org\/cms\/wp-content\/uploads\/2024\/09\/FJ_2024-5_Titel.jpg?w=794&amp;ssl=1 794w\" sizes=\"auto, (max-width: 212px) 100vw, 212px\" \/><\/a><\/p>\n<p><a href=\"https:\/\/www.frieden-und-zukunft.de\/pdf\/fj\/FJ_2024-5_Web.pdf\" target=\"_blank\" rel=\"noopener\">Zeitenwende f\u00fcr die Friedensbewegung?<\/a><\/p>\n<p>(mit Beitr\u00e4gen von Jeffrey Sachs, Michael Brie, Erhard Crome, Frank Deppe, Peter Wahl, Karl-Heinz Peil, Christiane Reymann, George Rashmawi, Mena Winkler. Jonathan Beullens; Buchbesprechung: Johannes Zang: Kein Land in Sicht? Gaza zwischen Besatzung, Blockade und Krieg (Arn Strohmeyer)<\/p>\n<p>&nbsp;<\/p>\n<hr \/>\n<h6>Bild(er): nie-wieder-krieg.org; Friedens- und Zukunftswerkstatt e.V.<\/h6>\n","protected":false},"excerpt":{"rendered":"<p>Red. Am 3. Oktober findet in Berlin eine Friedensdemonstration statt, organisiert von der Initiative &#8222;Nie wieder Krieg &#8211; die Waffen nieder&#8220;. Sie wird von einem breiten B\u00fcndnis verschiedener Initiativen wie &#8222;Stopp Ramstein&#8220;, &#8222;Friedens- und Zukunftswerkstatt&#8220; (s. auch erg\u00e4nzender Text unten) und den Freidenkern unterst\u00fctzt. Nachtrag: Bitte unbedingt auch den folgenden Artikel vom 27.09.24 auf der [&hellip;]<\/p>\n","protected":false},"author":5,"featured_media":0,"comment_status":"open","ping_status":"open","sticky":false,"template":"","format":"standard","meta":{"jetpack_post_was_ever_published":false,"_jetpack_newsletter_access":"","_jetpack_dont_email_post_to_subs":false,"_jetpack_newsletter_tier_id":0,"_jetpack_memberships_contains_paywalled_content":false,"_jetpack_memberships_contains_paid_content":false,"footnotes":""},"categories":[1,8,10],"tags":[],"class_list":["post-1837","post","type-post","status-publish","format-standard","hentry","category-allgemein","category-mitgliederinformationen","category-termine-veranstaltungen"],"jetpack_featured_media_url":"","jetpack_shortlink":"https:\/\/wp.me\/p4d9vn-tD","jetpack_sharing_enabled":true,"_links":{"self":[{"href":"https:\/\/www.rheinland-pfalz-saarland.freidenker.org\/cms\/index.php?rest_route=\/wp\/v2\/posts\/1837","targetHints":{"allow":["GET"]}}],"collection":[{"href":"https:\/\/www.rheinland-pfalz-saarland.freidenker.org\/cms\/index.php?rest_route=\/wp\/v2\/posts"}],"about":[{"href":"https:\/\/www.rheinland-pfalz-saarland.freidenker.org\/cms\/index.php?rest_route=\/wp\/v2\/types\/post"}],"author":[{"embeddable":true,"href":"https:\/\/www.rheinland-pfalz-saarland.freidenker.org\/cms\/index.php?rest_route=\/wp\/v2\/users\/5"}],"replies":[{"embeddable":true,"href":"https:\/\/www.rheinland-pfalz-saarland.freidenker.org\/cms\/index.php?rest_route=%2Fwp%2Fv2%2Fcomments&post=1837"}],"version-history":[{"count":55,"href":"https:\/\/www.rheinland-pfalz-saarland.freidenker.org\/cms\/index.php?rest_route=\/wp\/v2\/posts\/1837\/revisions"}],"predecessor-version":[{"id":2087,"href":"https:\/\/www.rheinland-pfalz-saarland.freidenker.org\/cms\/index.php?rest_route=\/wp\/v2\/posts\/1837\/revisions\/2087"}],"wp:attachment":[{"href":"https:\/\/www.rheinland-pfalz-saarland.freidenker.org\/cms\/index.php?rest_route=%2Fwp%2Fv2%2Fmedia&parent=1837"}],"wp:term":[{"taxonomy":"category","embeddable":true,"href":"https:\/\/www.rheinland-pfalz-saarland.freidenker.org\/cms\/index.php?rest_route=%2Fwp%2Fv2%2Fcategories&post=1837"},{"taxonomy":"post_tag","embeddable":true,"href":"https:\/\/www.rheinland-pfalz-saarland.freidenker.org\/cms\/index.php?rest_route=%2Fwp%2Fv2%2Ftags&post=1837"}],"curies":[{"name":"wp","href":"https:\/\/api.w.org\/{rel}","templated":true}]}}