{"id":1512,"date":"2024-06-09T22:48:04","date_gmt":"2024-06-09T20:48:04","guid":{"rendered":"https:\/\/www.rheinland-pfalz-saarland.freidenker.org\/cms\/?p=1512"},"modified":"2025-08-15T17:33:24","modified_gmt":"2025-08-15T15:33:24","slug":"aufruf-zur-teilnahme-an-der-friedenswoche-stopp-air-base-ramstein-2024-vom-16-23-juni-2004","status":"publish","type":"post","link":"https:\/\/www.rheinland-pfalz-saarland.freidenker.org\/cms\/?p=1512","title":{"rendered":"Aufruf zur Teilnahme an der Friedenswoche &#8222;Stopp Air Base Ramstein 2024&#8220; vom 16.-23. Juni 2004"},"content":{"rendered":"<h4>Die Doomsday Clock (Weltuntergangsuhr) steht auf 90 Sekunden vor Zw\u00f6lf :<\/h4>\n<h3 style=\"text-align: center;\"><span style=\"color: #db0000;\">So nah am Abgrund stand die Welt noch nie!<\/span><a title=\"Infografik: Weltuntergangsuhr steht auf 90 Sek. vor Mitternacht | Statista\" href=\"https:\/\/de.statista.com\/infografik\/12700\/doomsday-clock\/\" target=\"_blank\" rel=\"noopener\"><img data-recalc-dims=\"1\" decoding=\"async\" style=\"width: 100%; height: auto !important; max-width: 495 px; -ms-interpolation-mode: bicubic;\" src=\"https:\/\/i0.wp.com\/cdn.statcdn.com\/Infographic\/images\/normal\/12700.jpeg?ssl=1\" alt=\"Infografik: Weltuntergangsuhr steht auf 90 Sek. vor Mitternacht | Statista\"   \/><\/a><\/h3>\n<p>Angesichts all der derzeitigen Konfliktherde ruft der <strong>Deutsche Freidenker-Verband<\/strong> eindringlich zur <strong>Teilnahme an der Aktionswoche vom 16.-23. Juni 2024 in der Gro\u00dfregion Kaiserslautern<\/strong>, dem Ort konzentrierter US-Milit\u00e4rpr\u00e4senz in Deutschland auf.<\/p>\n<p><!--more--><br \/>\nAn diesem zentralen Ort des Widerstandes gegen Militarisierung und Kriegsf\u00fchrung findet seit 2015 Die Kampagne \u201e<a href=\"https:\/\/www.stoppramstein.de\/\" target=\"_blank\" rel=\"noopener\">Stopp Air Base Ramstein<\/a>\u201c statt. Sie wurde initiiert von Personen aus der Friedensbewegung, anderer sozialen Bewegungen, der Wissenschaft sowie der Politik. Alle sind seit Jahren in der Friedensbewegung aktiv. Dabei sind Friedensengagierte aus der Region, die schon seit Jahren gegen die US-Milit\u00e4rbasis protestieren. <a href=\"https:\/\/www.stoppramstein.de\/\" target=\"_blank\" rel=\"noopener\"><img data-recalc-dims=\"1\" loading=\"lazy\" decoding=\"async\" data-attachment-id=\"1529\" data-permalink=\"https:\/\/www.rheinland-pfalz-saarland.freidenker.org\/cms\/?attachment_id=1529\" data-orig-file=\"https:\/\/i0.wp.com\/www.rheinland-pfalz-saarland.freidenker.org\/cms\/wp-content\/uploads\/2024\/06\/Stopp-Air-Base-Ramstein.jpg?fit=640%2C360&amp;ssl=1\" data-orig-size=\"640,360\" data-comments-opened=\"0\" data-image-meta=\"{&quot;aperture&quot;:&quot;0&quot;,&quot;credit&quot;:&quot;&quot;,&quot;camera&quot;:&quot;&quot;,&quot;caption&quot;:&quot;&quot;,&quot;created_timestamp&quot;:&quot;0&quot;,&quot;copyright&quot;:&quot;&quot;,&quot;focal_length&quot;:&quot;0&quot;,&quot;iso&quot;:&quot;0&quot;,&quot;shutter_speed&quot;:&quot;0&quot;,&quot;title&quot;:&quot;&quot;,&quot;orientation&quot;:&quot;0&quot;}\" data-image-title=\"Stopp Air Base Ramstein\" data-image-description=\"\" data-image-caption=\"\" data-medium-file=\"https:\/\/i0.wp.com\/www.rheinland-pfalz-saarland.freidenker.org\/cms\/wp-content\/uploads\/2024\/06\/Stopp-Air-Base-Ramstein.jpg?fit=300%2C169&amp;ssl=1\" data-large-file=\"https:\/\/i0.wp.com\/www.rheinland-pfalz-saarland.freidenker.org\/cms\/wp-content\/uploads\/2024\/06\/Stopp-Air-Base-Ramstein.jpg?fit=495%2C278&amp;ssl=1\" class=\"aligncenter wp-image-1529\" title=\"zur Initiative &quot;Stopp Air Base Ramstein&quot;...\" src=\"https:\/\/i0.wp.com\/www.rheinland-pfalz-saarland.freidenker.org\/cms\/wp-content\/uploads\/2024\/06\/Stopp-Air-Base-Ramstein.jpg?resize=495%2C278&#038;ssl=1\" alt=\"Homepage der Initiative &quot;Stopp Air Base Ramstein&quot;...\" width=\"495\" height=\"278\" srcset=\"https:\/\/i0.wp.com\/www.rheinland-pfalz-saarland.freidenker.org\/cms\/wp-content\/uploads\/2024\/06\/Stopp-Air-Base-Ramstein.jpg?w=640&amp;ssl=1 640w, https:\/\/i0.wp.com\/www.rheinland-pfalz-saarland.freidenker.org\/cms\/wp-content\/uploads\/2024\/06\/Stopp-Air-Base-Ramstein.jpg?resize=300%2C169&amp;ssl=1 300w\" sizes=\"auto, (max-width: 495px) 100vw, 495px\" \/><\/a><\/p>\n<p>Wie jedes Jahr findet ein Friedenscamp statt, eine Abendveranstaltung am Freitag, den 21. Juni mit <strong>Daniele Ganser, Eugen Drewerman und Christiane Reymann<\/strong> (diesmal im Friedenscamp!), eine eine Demo in Kaiserslautern und weitere Aktivit\u00e4ten. Der <strong>Freidenker-Verband wird bei der Abendveranstaltung am 21. Juni und am 22. Juni mit einem Infostand vertreten sein<\/strong>. N\u00e4here Informationen zum Ablauf, zum Friedenscamp und zu den einzelnen Veranstaltungen sind auf der Seite der Initiative &#8222;Stopp Air Base Ramstein&#8220; abzurufen:<\/p>\n<p><a href=\"https:\/\/www.stoppramstein.de\/event\/\" target=\"_blank\" rel=\"noopener\"><img data-recalc-dims=\"1\" loading=\"lazy\" decoding=\"async\" data-attachment-id=\"1537\" data-permalink=\"https:\/\/www.rheinland-pfalz-saarland.freidenker.org\/cms\/?attachment_id=1537\" data-orig-file=\"https:\/\/i0.wp.com\/www.rheinland-pfalz-saarland.freidenker.org\/cms\/wp-content\/uploads\/2024\/06\/Friedenswoche-2024.jpg?fit=462%2C249&amp;ssl=1\" data-orig-size=\"462,249\" data-comments-opened=\"0\" data-image-meta=\"{&quot;aperture&quot;:&quot;0&quot;,&quot;credit&quot;:&quot;&quot;,&quot;camera&quot;:&quot;&quot;,&quot;caption&quot;:&quot;&quot;,&quot;created_timestamp&quot;:&quot;0&quot;,&quot;copyright&quot;:&quot;&quot;,&quot;focal_length&quot;:&quot;0&quot;,&quot;iso&quot;:&quot;0&quot;,&quot;shutter_speed&quot;:&quot;0&quot;,&quot;title&quot;:&quot;&quot;,&quot;orientation&quot;:&quot;0&quot;}\" data-image-title=\"Friedenswoche 2024\" data-image-description=\"\" data-image-caption=\"\" data-medium-file=\"https:\/\/i0.wp.com\/www.rheinland-pfalz-saarland.freidenker.org\/cms\/wp-content\/uploads\/2024\/06\/Friedenswoche-2024.jpg?fit=300%2C162&amp;ssl=1\" data-large-file=\"https:\/\/i0.wp.com\/www.rheinland-pfalz-saarland.freidenker.org\/cms\/wp-content\/uploads\/2024\/06\/Friedenswoche-2024.jpg?fit=462%2C249&amp;ssl=1\" class=\"aligncenter wp-image-1537 size-full\" title=\"zum Terminkalender...\" src=\"https:\/\/i0.wp.com\/www.rheinland-pfalz-saarland.freidenker.org\/cms\/wp-content\/uploads\/2024\/06\/Friedenswoche-2024.jpg?resize=462%2C249&#038;ssl=1\" alt=\"Friedenswoche 2024\" width=\"462\" height=\"249\" srcset=\"https:\/\/i0.wp.com\/www.rheinland-pfalz-saarland.freidenker.org\/cms\/wp-content\/uploads\/2024\/06\/Friedenswoche-2024.jpg?w=462&amp;ssl=1 462w, https:\/\/i0.wp.com\/www.rheinland-pfalz-saarland.freidenker.org\/cms\/wp-content\/uploads\/2024\/06\/Friedenswoche-2024.jpg?resize=300%2C162&amp;ssl=1 300w\" sizes=\"auto, (max-width: 462px) 100vw, 462px\" \/><\/a><\/p>\n<p>Aktuell zum Thema fand, <a href=\"https:\/\/www.rheinland-pfalz-saarland.freidenker.org\/cms\/?p=1334\" target=\"_blank\" rel=\"noopener\">wie angek\u00fcndigt<\/a>, am Freitag, den 7. Juni 2024 eine Veranstaltung mit <strong>Karl-Heinz Peil<\/strong> in Idar-Oberstein statt: <strong>Milit\u00e4rische Einrichtungen in der Nachbarschaft: US-Milit\u00e4r in Rheinland-Pfalz.<\/strong><\/p>\n<p>Der Referent<strong> Karl-Heinz Peil<\/strong> ist zweiter Vorsitzender der <a href=\"https:\/\/frieden-und-zukunft.de\/\" target=\"_blank\" rel=\"noopener\">Friedens- und Zukunftswerkstatt e.V. in Frankfurt a.M.<\/a> und u.a. verantwortlicher Redakteur des zweimonatlich erscheinenden<a href=\"https:\/\/frieden-und-zukunft.de\/fj-archiv\/\" target=\"_blank\" rel=\"noopener\"> FriedensJournal<\/a>, sowie seit 2015 bei den j\u00e4hrlichen Aktionswochen der Kampagne <strong>&#8222;Stopp Air Base Ramstein&#8220;<\/strong> aktiv und dadurch in der Lage, kompetent und in geballter Form entsprechendes Wissen zu vermitteln.<\/p>\n<p>Unter der Veranstaltungsreihe <strong>Koblenz: Im Dialog <\/strong>entstand aus der Veranstaltung das folgende professionelle Video &#8211; geeignet, um sich im vorbereitend oder im Rahmen der Friedenswoche\u00a0 mit vielen interessanten und wichtigen (Hintergrund-)Informationen und Zusammenh\u00e4ngen zu wappnen:<strong><br \/>\n<\/strong><\/p>\n<p><iframe loading=\"lazy\" title=\"YouTube video player\" src=\"https:\/\/www.youtube.com\/embed\/wjZa6X8mVdU?si=s4cetRL0EjzY60xC\" width=\"495\" height=\"278\" frameborder=\"0\" allowfullscreen=\"allowfullscreen\"><span style=\"display: inline-block; width: 0px; overflow: hidden; line-height: 0;\" data-mce-type=\"bookmark\" class=\"mce_SELRES_start\">\ufeff<\/span><\/iframe><\/p>\n<p>Wer es etwas kurzgefasster mag, kann sich im Artikel von Karl-Heinz Peil auf <a href=\"https:\/\/weltnetz.tv\/\" target=\"_blank\" rel=\"noopener\">WeltnetzTV<\/a> informieren \u00fcber &#8222;<strong>f\u00fcnf alte und neue Gr\u00fcnde, warum die konzentrierte US-Milit\u00e4rpr\u00e4senz in der Gro\u00dfregion Kaiserslautern seit 2015 andauernd ein zentraler Ort des Widerstandes gegen Militarisierung und Kriegsf\u00fchrung ist&#8230;&#8220;<\/strong> mit Peils Fazit und Appell:<\/p>\n<h4 style=\"text-align: center;\"><span style=\"color: #db0000;\"><strong>&#8222;&#8230; und warum die diesj\u00e4hrige Aktionswoche vom 16. bis 23. Juni wichtiger denn je ist.&#8220;:<\/strong><\/span><\/h4>\n<p style=\"text-align: center;\"><a href=\"https:\/\/weltnetz.tv\/story\/3010-ramstein-und-kaiserslautern-zentrale-orte-der-militarisierung-und-kriegsfuehrung\" target=\"_blank\" rel=\"noopener\"><strong>Ramstein und Kaiserslautern: zentrale Orte der Militarisierung und Kriegsf\u00fchrung<\/strong><\/a><\/p>\n<p>&nbsp;<\/p>\n<hr \/>\n<h6>Bild(er): Statista, Kampagne &#8222;Stopp Air Base Ramstein&#8220;<\/h6>\n","protected":false},"excerpt":{"rendered":"<p>Die Doomsday Clock (Weltuntergangsuhr) steht auf 90 Sekunden vor Zw\u00f6lf : So nah am Abgrund stand die Welt noch nie! Angesichts all der derzeitigen Konfliktherde ruft der Deutsche Freidenker-Verband eindringlich zur Teilnahme an der Aktionswoche vom 16.-23. Juni 2024 in der Gro\u00dfregion Kaiserslautern, dem Ort konzentrierter US-Milit\u00e4rpr\u00e4senz in Deutschland auf.<\/p>\n","protected":false},"author":5,"featured_media":0,"comment_status":"closed","ping_status":"open","sticky":false,"template":"","format":"standard","meta":{"jetpack_post_was_ever_published":false,"_jetpack_newsletter_access":"","_jetpack_dont_email_post_to_subs":false,"_jetpack_newsletter_tier_id":0,"_jetpack_memberships_contains_paywalled_content":false,"_jetpack_memberships_contains_paid_content":false,"footnotes":""},"categories":[1,10],"tags":[],"class_list":["post-1512","post","type-post","status-publish","format-standard","hentry","category-allgemein","category-termine-veranstaltungen"],"jetpack_featured_media_url":"","jetpack_shortlink":"https:\/\/wp.me\/p4d9vn-oo","jetpack_sharing_enabled":true,"_links":{"self":[{"href":"https:\/\/www.rheinland-pfalz-saarland.freidenker.org\/cms\/index.php?rest_route=\/wp\/v2\/posts\/1512","targetHints":{"allow":["GET"]}}],"collection":[{"href":"https:\/\/www.rheinland-pfalz-saarland.freidenker.org\/cms\/index.php?rest_route=\/wp\/v2\/posts"}],"about":[{"href":"https:\/\/www.rheinland-pfalz-saarland.freidenker.org\/cms\/index.php?rest_route=\/wp\/v2\/types\/post"}],"author":[{"embeddable":true,"href":"https:\/\/www.rheinland-pfalz-saarland.freidenker.org\/cms\/index.php?rest_route=\/wp\/v2\/users\/5"}],"replies":[{"embeddable":true,"href":"https:\/\/www.rheinland-pfalz-saarland.freidenker.org\/cms\/index.php?rest_route=%2Fwp%2Fv2%2Fcomments&post=1512"}],"version-history":[{"count":37,"href":"https:\/\/www.rheinland-pfalz-saarland.freidenker.org\/cms\/index.php?rest_route=\/wp\/v2\/posts\/1512\/revisions"}],"predecessor-version":[{"id":1911,"href":"https:\/\/www.rheinland-pfalz-saarland.freidenker.org\/cms\/index.php?rest_route=\/wp\/v2\/posts\/1512\/revisions\/1911"}],"wp:attachment":[{"href":"https:\/\/www.rheinland-pfalz-saarland.freidenker.org\/cms\/index.php?rest_route=%2Fwp%2Fv2%2Fmedia&parent=1512"}],"wp:term":[{"taxonomy":"category","embeddable":true,"href":"https:\/\/www.rheinland-pfalz-saarland.freidenker.org\/cms\/index.php?rest_route=%2Fwp%2Fv2%2Fcategories&post=1512"},{"taxonomy":"post_tag","embeddable":true,"href":"https:\/\/www.rheinland-pfalz-saarland.freidenker.org\/cms\/index.php?rest_route=%2Fwp%2Fv2%2Ftags&post=1512"}],"curies":[{"name":"wp","href":"https:\/\/api.w.org\/{rel}","templated":true}]}}