{"id":1175,"date":"2024-02-28T20:29:52","date_gmt":"2024-02-28T19:29:52","guid":{"rendered":"https:\/\/www.rheinland-pfalz-saarland.freidenker.org\/cms\/?p=1175"},"modified":"2025-08-15T17:51:47","modified_gmt":"2025-08-15T15:51:47","slug":"wilhelm-domke-schulz-in-koblenz-am-10-maerz-2024-gekaperte-revolutionen","status":"publish","type":"post","link":"https:\/\/www.rheinland-pfalz-saarland.freidenker.org\/cms\/?p=1175","title":{"rendered":"Wilhelm Domke-Schulz in Koblenz am 10. M\u00e4rz 2024: Gekaperte Revolutionen"},"content":{"rendered":"<h4><a href=\"https:\/\/koblenzimdialog.de\/\" target=\"_blank\" rel=\"noopener\">Koblenz im Dialog<\/a> l\u00e4dt ein zum Vortrag von Wilhelm Domke-Schulz, Medienanalyst und Filmregisseur:<\/h4>\n<p><a href=\"https:\/\/krasser.guru\/veranstaltungen\/gekaperte-revolutionen\/\" target=\"_blank\" rel=\"noopener\"><img data-recalc-dims=\"1\" loading=\"lazy\" decoding=\"async\" data-attachment-id=\"1179\" data-permalink=\"https:\/\/www.rheinland-pfalz-saarland.freidenker.org\/cms\/?attachment_id=1179\" data-orig-file=\"https:\/\/i0.wp.com\/www.rheinland-pfalz-saarland.freidenker.org\/cms\/wp-content\/uploads\/2024\/02\/Wilhelm-Domke-Schulz-KID-1.jpg?fit=960%2C540&amp;ssl=1\" data-orig-size=\"960,540\" data-comments-opened=\"0\" data-image-meta=\"{&quot;aperture&quot;:&quot;0&quot;,&quot;credit&quot;:&quot;&quot;,&quot;camera&quot;:&quot;&quot;,&quot;caption&quot;:&quot;&quot;,&quot;created_timestamp&quot;:&quot;0&quot;,&quot;copyright&quot;:&quot;&quot;,&quot;focal_length&quot;:&quot;0&quot;,&quot;iso&quot;:&quot;0&quot;,&quot;shutter_speed&quot;:&quot;0&quot;,&quot;title&quot;:&quot;&quot;,&quot;orientation&quot;:&quot;0&quot;}\" data-image-title=\"Wilhelm-Domke-Schulz-KID-1\" data-image-description=\"\" data-image-caption=\"\" data-medium-file=\"https:\/\/i0.wp.com\/www.rheinland-pfalz-saarland.freidenker.org\/cms\/wp-content\/uploads\/2024\/02\/Wilhelm-Domke-Schulz-KID-1.jpg?fit=300%2C169&amp;ssl=1\" data-large-file=\"https:\/\/i0.wp.com\/www.rheinland-pfalz-saarland.freidenker.org\/cms\/wp-content\/uploads\/2024\/02\/Wilhelm-Domke-Schulz-KID-1.jpg?fit=495%2C278&amp;ssl=1\" class=\"alignnone wp-image-1179\" src=\"https:\/\/i0.wp.com\/www.rheinland-pfalz-saarland.freidenker.org\/cms\/wp-content\/uploads\/2024\/02\/Wilhelm-Domke-Schulz-KID-1.jpg?resize=495%2C278&#038;ssl=1\" alt=\"\" width=\"495\" height=\"278\" srcset=\"https:\/\/i0.wp.com\/www.rheinland-pfalz-saarland.freidenker.org\/cms\/wp-content\/uploads\/2024\/02\/Wilhelm-Domke-Schulz-KID-1.jpg?w=960&amp;ssl=1 960w, https:\/\/i0.wp.com\/www.rheinland-pfalz-saarland.freidenker.org\/cms\/wp-content\/uploads\/2024\/02\/Wilhelm-Domke-Schulz-KID-1.jpg?resize=300%2C169&amp;ssl=1 300w, https:\/\/i0.wp.com\/www.rheinland-pfalz-saarland.freidenker.org\/cms\/wp-content\/uploads\/2024\/02\/Wilhelm-Domke-Schulz-KID-1.jpg?resize=768%2C432&amp;ssl=1 768w\" sizes=\"auto, (max-width: 495px) 100vw, 495px\" \/><\/a><\/p>\n<h3>Gekaperte Revolutionen<\/h3>\n<h4>Was wir am Beispiel DDR und UKRAINE lernen k\u00f6nnen<\/h4>\n<p>Klartext zur ostdeutschen Revolution. Was war daran wirklich \u201erevolution\u00e4r\u201c und wer waren die Schattenspieler, die den aufrichtigen Wunsch nach Demokratie in der DDR blockierten und den Schwung des Aufbruchs einiger Tausend Menschen nutzten, um ihre ureigenen Pl\u00e4ne durchzusetzen? Was genau passierte auf dem Maidan in der Ukraine?<\/p>\n<p>Der Westen glaubt heute noch an das M\u00e4rchen, dass das Volk es genauso wollte. Pustekuchen. Nur, was genau k\u00f6nnen wir daraus lernen, was konkret muss man heute wissen, um sich nicht noch einmal aufs Kreuz legen zu lassen? Welcher Werkzeuge braucht es und welche Herausforderungen stellen sich f\u00fcr eine neue Qualit\u00e4t der gesamtdeutschen Wende?<\/p>\n<p>&nbsp;<\/p>\n<blockquote>\n<h4><strong>Veranstaltungsort:<\/strong><\/h4>\n<p><strong>Sonntag, 10. M\u00e4rz 2024, 15:00 &#8211; 18:00 Uhr<\/strong><\/p>\n<p><strong>Deinhard Sektmuseum, Deinhardpassage 3, <\/strong><\/p>\n<p><strong>56068 Koblenz<\/strong><\/p>\n<p><strong>Einlass: 14:00 Uhr<\/strong><\/p>\n<p><a href=\"https:\/\/krasser.guru\/veranstaltungen\/gekaperte-revolutionen\/\" target=\"_blank\" rel=\"noopener\"><strong><em>Tickets online bei Krasser.Guru.<\/em><\/strong><\/a><\/p><\/blockquote>\n<p>&nbsp;<\/p>\n<p><strong>Wilhelm Domke-Schulz,<\/strong> Jahrgang 1956, studierte Dramaturgie an der Hochschule f\u00fcr Film und Fernsehen \u00bbKonrad Wolf\u00ab in Potsdam-Babelsberg. Er arbeitete zun\u00e4chst als freier Dramaturg f\u00fcr Spiel- und Dokumentarfilm in Berlin, Potsdam und Leipzig und war 20 Jahre als Hochschuldozent f\u00fcr Medienwissenschaft t\u00e4tig. 1991 machte er sich als Produzent selbstst\u00e4ndig und ist seither domke-schulz-film. Domke-Schulz produzierte bisher \u00fcber siebzig Filme, vor allem Reportagen und Geschichtsdokumentationen f\u00fcr den \u00f6ffentlich-rechtlichen Rundfunk sowie k\u00fcnstlerische Dokumentarfilme wie etwa \u00bbLife at a Standstill: A Middle East Diary\u00ab (preisgekr\u00f6nt in Chicago 2003) oder \u00bbKrimreise\u00ab (ausgezeichnet 2018 in St. Petersburg) sowie \u201eRemember Odessa\u201c (ausgezeichnet 2022 in Kalkutta und Moskau, 2023 in Sewastopol, Hauptpreis 2023 in Minsk). 2019 erschien sein Roman-Deb\u00fct \u201eWerners wundersame Reise durch die DDR\u201c.<\/p>\n<p>&nbsp;<\/p>\n<p><strong>\u201cGesichter des Donbass\u201d. Von Wilhelm Domke-Schulz:<br \/>\n<\/strong><\/p>\n<iframe loading=\"lazy\"  id=\"_ytid_12334\"  width=\"495\" height=\"278\"  data-origwidth=\"495\" data-origheight=\"278\"  data-relstop=\"1\" src=\"https:\/\/www.youtube.com\/embed\/H4PQRDmYtDQ?enablejsapi=1&autoplay=0&cc_load_policy=1&cc_lang_pref=de&iv_load_policy=3&loop=0&rel=0&fs=1&playsinline=0&autohide=2&theme=dark&color=red&controls=1&disablekb=0&\" class=\"__youtube_prefs__  no-lazyload\" title=\"YouTube player\"  allow=\"fullscreen; accelerometer; autoplay; clipboard-write; encrypted-media; gyroscope; picture-in-picture; web-share\" referrerpolicy=\"strict-origin-when-cross-origin\" allowfullscreen data-no-lazy=\"1\" data-skipgform_ajax_framebjll=\"\"><\/iframe>\n<p>&nbsp;<\/p>\n<p><strong>Werners wundersame Reise durch die DDR. Interview mit Katrin Huss (Achtung Buch):<\/strong><\/p>\n<iframe loading=\"lazy\"  id=\"_ytid_46038\"  width=\"495\" height=\"278\"  data-origwidth=\"495\" data-origheight=\"278\"  data-relstop=\"1\" src=\"https:\/\/www.youtube.com\/embed\/KWkT4SzLg9Q?enablejsapi=1&autoplay=0&cc_load_policy=1&cc_lang_pref=de&iv_load_policy=3&loop=0&rel=0&fs=1&playsinline=0&autohide=2&theme=dark&color=red&controls=1&disablekb=0&\" class=\"__youtube_prefs__  no-lazyload\" title=\"YouTube player\"  allow=\"fullscreen; accelerometer; autoplay; clipboard-write; encrypted-media; gyroscope; picture-in-picture; web-share\" referrerpolicy=\"strict-origin-when-cross-origin\" allowfullscreen data-no-lazy=\"1\" data-skipgform_ajax_framebjll=\"\"><\/iframe>\n<p>&nbsp;<\/p>\n<p><a href=\"https:\/\/domke-schulz-film.de\/\" target=\"_blank\" rel=\"noopener\"><strong>domke-schulz-film<\/strong><\/a><\/p>\n<p>Seit ihrer Gr\u00fcndung 1991 hat sich die domke-schulz-film dem unterhaltsamen, informativen Journalismus verschrieben und sich damit einen guten Namen in der \u2028Filmbranche gemacht. So produziert die domke-schulz-film sehr erfolgreich Reportagen, Features und mehrteilige Dokumentationen f\u00fcr deutsche Fernsehsender, u.a. den Mitteldeutschen Rundfunk (MDR), das Erste Deutsche Fernsehen (ARD), den \u2028Rundfunk Berlin-Brandenburg (RBB), den Norddeutschen Rundfunk (NDR) \u2028und den Westdeutschen Rundfunk (WDR). Bei der Themenwahl steht immer der Mensch, sein soziales, kulturelles oder religi\u00f6ses Umfeld im Mittelpunkt. Und das nicht nur in Deutschland, denn spannende Geschichten und packende Schicksale ereignen sich auf der ganzen Welt, das ist es, was die Menschen \u00fcber Kontinente hinweg verbindet. So entstanden im Laufe der Jahre viele fesselnde Filmproduktionen, vor allem \u00fcber den Nahostkonflikt in Israel \/ Pal\u00e4stina, aber auch \u00fcber Themen in Gro\u00dfbritannien, Frankreich, Holland, Indien und den USA.<\/p>\n<p>&nbsp;<\/p>\n<hr \/>\n<h6>Bild(er): Koblenz im Dialog<\/h6>\n","protected":false},"excerpt":{"rendered":"<p>Koblenz im Dialog l\u00e4dt ein zum Vortrag von Wilhelm Domke-Schulz, Medienanalyst und Filmregisseur: Gekaperte Revolutionen Was wir am Beispiel DDR und UKRAINE lernen k\u00f6nnen Klartext zur ostdeutschen Revolution. Was war daran wirklich \u201erevolution\u00e4r\u201c und wer waren die Schattenspieler, die den aufrichtigen Wunsch nach Demokratie in der DDR blockierten und den Schwung des Aufbruchs einiger Tausend [&hellip;]<\/p>\n","protected":false},"author":5,"featured_media":0,"comment_status":"closed","ping_status":"open","sticky":false,"template":"","format":"standard","meta":{"jetpack_post_was_ever_published":false,"_jetpack_newsletter_access":"","_jetpack_dont_email_post_to_subs":false,"_jetpack_newsletter_tier_id":0,"_jetpack_memberships_contains_paywalled_content":false,"_jetpack_memberships_contains_paid_content":false,"footnotes":""},"categories":[1,10],"tags":[],"class_list":["post-1175","post","type-post","status-publish","format-standard","hentry","category-allgemein","category-termine-veranstaltungen"],"jetpack_featured_media_url":"","jetpack_shortlink":"https:\/\/wp.me\/p4d9vn-iX","jetpack_sharing_enabled":true,"_links":{"self":[{"href":"https:\/\/www.rheinland-pfalz-saarland.freidenker.org\/cms\/index.php?rest_route=\/wp\/v2\/posts\/1175","targetHints":{"allow":["GET"]}}],"collection":[{"href":"https:\/\/www.rheinland-pfalz-saarland.freidenker.org\/cms\/index.php?rest_route=\/wp\/v2\/posts"}],"about":[{"href":"https:\/\/www.rheinland-pfalz-saarland.freidenker.org\/cms\/index.php?rest_route=\/wp\/v2\/types\/post"}],"author":[{"embeddable":true,"href":"https:\/\/www.rheinland-pfalz-saarland.freidenker.org\/cms\/index.php?rest_route=\/wp\/v2\/users\/5"}],"replies":[{"embeddable":true,"href":"https:\/\/www.rheinland-pfalz-saarland.freidenker.org\/cms\/index.php?rest_route=%2Fwp%2Fv2%2Fcomments&post=1175"}],"version-history":[{"count":8,"href":"https:\/\/www.rheinland-pfalz-saarland.freidenker.org\/cms\/index.php?rest_route=\/wp\/v2\/posts\/1175\/revisions"}],"predecessor-version":[{"id":1922,"href":"https:\/\/www.rheinland-pfalz-saarland.freidenker.org\/cms\/index.php?rest_route=\/wp\/v2\/posts\/1175\/revisions\/1922"}],"wp:attachment":[{"href":"https:\/\/www.rheinland-pfalz-saarland.freidenker.org\/cms\/index.php?rest_route=%2Fwp%2Fv2%2Fmedia&parent=1175"}],"wp:term":[{"taxonomy":"category","embeddable":true,"href":"https:\/\/www.rheinland-pfalz-saarland.freidenker.org\/cms\/index.php?rest_route=%2Fwp%2Fv2%2Fcategories&post=1175"},{"taxonomy":"post_tag","embeddable":true,"href":"https:\/\/www.rheinland-pfalz-saarland.freidenker.org\/cms\/index.php?rest_route=%2Fwp%2Fv2%2Ftags&post=1175"}],"curies":[{"name":"wp","href":"https:\/\/api.w.org\/{rel}","templated":true}]}}