{"id":1046,"date":"2024-01-20T14:41:42","date_gmt":"2024-01-20T13:41:42","guid":{"rendered":"https:\/\/www.rheinland-pfalz-saarland.freidenker.org\/cms\/?p=1046"},"modified":"2025-08-15T17:58:32","modified_gmt":"2025-08-15T15:58:32","slug":"russland-zwischen-feindesland-und-neuer-heimat","status":"publish","type":"post","link":"https:\/\/www.rheinland-pfalz-saarland.freidenker.org\/cms\/?p=1046","title":{"rendered":"Autorenlesung und Diskussion mit Ulrich Heyden in Frankfurt\/Main"},"content":{"rendered":"<p>Der Deutsche Freidenker Verband, Kreisverband Frankfurt am Main l\u00e4dt &#8211; anl\u00e4sslich seines neuen Buchs &#8211; zur <strong>Lesung und Diskussion mit Ulrich Heyden<\/strong> ein:<\/p>\n<h4><strong>Russland \u2013 zwischen Feindesland und neuer Heimat<\/strong><\/h4>\n<p>&#8222;Schon lange trug ich mich mit dem Gedanken, ein Buch \u00fcber mein Leben in Deutschland &#8211; die ersten 38 Jahre &#8211; und dann in Russland &#8211; 31 Jahre &#8211; zu schreiben. Den letzten Ansto\u00df bekam ich im August 2022 in Donezk, als in einem Nachbargeb\u00e4ude meines Hotels \u201ePark Inn\u201c amerikanische HIMARS-Geschosse einschlugen. Ich hatte doch noch so viel zu erz\u00e4hlen! Nun ist das Buch in der Endfertigung und erscheint am 2. Februar 2024 im Promedia Verlag, Wien.&#8220;<\/p>\n<div id=\"attachment_1058\" style=\"width: 233px\" class=\"wp-caption alignnone\"><a href=\"https:\/\/mediashop.at\/buecher\/mein-weg-nach-russland\/\" target=\"_blank\" rel=\"noopener\"><img data-recalc-dims=\"1\" loading=\"lazy\" decoding=\"async\" aria-describedby=\"caption-attachment-1058\" data-attachment-id=\"1058\" data-permalink=\"https:\/\/www.rheinland-pfalz-saarland.freidenker.org\/cms\/?attachment_id=1058\" data-orig-file=\"https:\/\/i0.wp.com\/www.rheinland-pfalz-saarland.freidenker.org\/cms\/wp-content\/uploads\/2024\/01\/Ulrich-Heyden_Mein-Weg-nach-Russland-e1705756485216.jpg?fit=223%2C317&amp;ssl=1\" data-orig-size=\"223,317\" data-comments-opened=\"0\" data-image-meta=\"{&quot;aperture&quot;:&quot;0&quot;,&quot;credit&quot;:&quot;&quot;,&quot;camera&quot;:&quot;&quot;,&quot;caption&quot;:&quot;&quot;,&quot;created_timestamp&quot;:&quot;0&quot;,&quot;copyright&quot;:&quot;&quot;,&quot;focal_length&quot;:&quot;0&quot;,&quot;iso&quot;:&quot;0&quot;,&quot;shutter_speed&quot;:&quot;0&quot;,&quot;title&quot;:&quot;&quot;,&quot;orientation&quot;:&quot;0&quot;}\" data-image-title=\"Ulrich Heyden_Mein Weg nach Russland\" data-image-description=\"\" data-image-caption=\"\" data-medium-file=\"https:\/\/i0.wp.com\/www.rheinland-pfalz-saarland.freidenker.org\/cms\/wp-content\/uploads\/2024\/01\/Ulrich-Heyden_Mein-Weg-nach-Russland-e1705756485216.jpg?fit=211%2C300&amp;ssl=1\" data-large-file=\"https:\/\/i0.wp.com\/www.rheinland-pfalz-saarland.freidenker.org\/cms\/wp-content\/uploads\/2024\/01\/Ulrich-Heyden_Mein-Weg-nach-Russland-e1705756485216.jpg?fit=196%2C278&amp;ssl=1\" class=\"wp-image-1058 size-full\" title=\"zum Verlag Promedia...\" src=\"https:\/\/i0.wp.com\/www.rheinland-pfalz-saarland.freidenker.org\/cms\/wp-content\/uploads\/2024\/01\/Ulrich-Heyden_Mein-Weg-nach-Russland-e1705756485216.jpg?resize=223%2C317&#038;ssl=1\" alt=\"Ulrich Heyden, Mein Weg nach Russland\" width=\"223\" height=\"317\" srcset=\"https:\/\/i0.wp.com\/www.rheinland-pfalz-saarland.freidenker.org\/cms\/wp-content\/uploads\/2024\/01\/Ulrich-Heyden_Mein-Weg-nach-Russland-e1705756485216.jpg?w=223&amp;ssl=1 223w, https:\/\/i0.wp.com\/www.rheinland-pfalz-saarland.freidenker.org\/cms\/wp-content\/uploads\/2024\/01\/Ulrich-Heyden_Mein-Weg-nach-Russland-e1705756485216.jpg?resize=211%2C300&amp;ssl=1 211w\" sizes=\"auto, (max-width: 223px) 100vw, 223px\" \/><\/a><p id=\"caption-attachment-1058\" class=\"wp-caption-text\">Ulrich Heyden, Mein Weg nach Russland. Erinnerungen eines Reporters, Wien 2024, Promedia, 272 S., 25,00 Euro<\/p><\/div>\n<p>&nbsp;<\/p>\n<p>Seit 30 Jahren lebt und arbeitet Ulrich Heyden in Russland, einem Land, das sein Vater als Wehrmachtsoffizier \u00fcberfallen hat. Die g\u00e4nzlich unterschiedliche Wahrnehmung Russlands, dargestellt in der Familiengeschichte des Autors, zieht sich als roter Faden durch das Buch.<\/p>\n<p>Seit 1992 ist Heyden als Journalist in Moskau t\u00e4tig. 2001 wird er Moskau-Korrespondent der S\u00e4chsischen Zeitung, die ihn aber nach zw\u00f6lf Jahren Zusammenarbeit in der Hochphase des Kiewer Maidan, \u00fcber den der Autor skeptisch berichtet, k\u00fcndigt.<\/p>\n<p>&nbsp;<\/p>\n<h4>Lesung mit dem Autor, Lieder zur Gitarre mit <a href=\"https:\/\/www.friedensmusik.de\/musik\/E\/32-ernesto-schwarz\" target=\"_blank\" rel=\"noopener\">Ernesto Schwarz<\/a><\/h4>\n<p>&nbsp;<\/p>\n<blockquote>\n<h4>Veranstaltungsort:<\/h4>\n<p><strong>Montag, 05. Februar 2024<\/strong><\/p>\n<p><strong>19 Uhr im Saalbau Gallus, Mart Stam-Raum<\/strong><\/p>\n<p><strong>Frankenallee 111, 60326 Frankfurt am Main<\/strong><\/p><\/blockquote>\n<p>&nbsp;<\/p>\n<h4><strong>Veranstalter<\/strong>:<\/h4>\n<p><a href=\"https:\/\/www.freidenker-hessen.de\/category\/dfv-frankfurt-am-main\/\" target=\"_blank\" rel=\"noopener\">Deutscher Freidenker Verband,<\/a><\/p>\n<p><a href=\"https:\/\/www.freidenker-hessen.de\/category\/dfv-frankfurt-am-main\/\" target=\"_blank\" rel=\"noopener\">Landesverband Hessen, Kreisverband Frankfurt am Main<\/a><\/p>\n<p>email: <a href=\"mailto:dfv-hessen@freidenker.org\" target=\"_blank\" rel=\"noopener\">dfv-hessen@freidenker.org<\/a><\/p>\n<p>Unterst\u00fctzt von den Nachdenkseiten-Gespr\u00e4chskreisen Darmstadt, Frankfurt\/M und Limburg\/Diez\/Camberg<\/p>\n<p>&nbsp;<\/p>\n<h4>Weitere Infos:<\/h4>\n<p>Homepage von Ulrich Heyden: <a href=\"https:\/\/ulrich-heyden.de\/\" target=\"_blank\" rel=\"noopener\">https:\/\/ulrich-heyden.de\/<\/a><\/p>\n<p>Ulrich Heiden auf Youtube: <a href=\"https:\/\/www.youtube.com\/@UlrichHeydenRussland\" target=\"_blank\" rel=\"noopener\">https:\/\/www.youtube.com\/@UlrichHeydenRussland<\/a><\/p>\n<p>&nbsp;<\/p>\n<hr \/>\n<h6>Bild(er): Buchcover Verlag Promedia<\/h6>\n","protected":false},"excerpt":{"rendered":"<p>Der Deutsche Freidenker Verband, Kreisverband Frankfurt am Main l\u00e4dt &#8211; anl\u00e4sslich seines neuen Buchs &#8211; zur Lesung und Diskussion mit Ulrich Heyden ein: Russland \u2013 zwischen Feindesland und neuer Heimat &#8222;Schon lange trug ich mich mit dem Gedanken, ein Buch \u00fcber mein Leben in Deutschland &#8211; die ersten 38 Jahre &#8211; und dann in Russland [&hellip;]<\/p>\n","protected":false},"author":5,"featured_media":0,"comment_status":"closed","ping_status":"open","sticky":false,"template":"","format":"standard","meta":{"jetpack_post_was_ever_published":false,"_jetpack_newsletter_access":"","_jetpack_dont_email_post_to_subs":false,"_jetpack_newsletter_tier_id":0,"_jetpack_memberships_contains_paywalled_content":false,"_jetpack_memberships_contains_paid_content":false,"footnotes":""},"categories":[1,10],"tags":[],"class_list":["post-1046","post","type-post","status-publish","format-standard","hentry","category-allgemein","category-termine-veranstaltungen"],"jetpack_featured_media_url":"","jetpack_shortlink":"https:\/\/wp.me\/p4d9vn-gS","jetpack_sharing_enabled":true,"_links":{"self":[{"href":"https:\/\/www.rheinland-pfalz-saarland.freidenker.org\/cms\/index.php?rest_route=\/wp\/v2\/posts\/1046","targetHints":{"allow":["GET"]}}],"collection":[{"href":"https:\/\/www.rheinland-pfalz-saarland.freidenker.org\/cms\/index.php?rest_route=\/wp\/v2\/posts"}],"about":[{"href":"https:\/\/www.rheinland-pfalz-saarland.freidenker.org\/cms\/index.php?rest_route=\/wp\/v2\/types\/post"}],"author":[{"embeddable":true,"href":"https:\/\/www.rheinland-pfalz-saarland.freidenker.org\/cms\/index.php?rest_route=\/wp\/v2\/users\/5"}],"replies":[{"embeddable":true,"href":"https:\/\/www.rheinland-pfalz-saarland.freidenker.org\/cms\/index.php?rest_route=%2Fwp%2Fv2%2Fcomments&post=1046"}],"version-history":[{"count":24,"href":"https:\/\/www.rheinland-pfalz-saarland.freidenker.org\/cms\/index.php?rest_route=\/wp\/v2\/posts\/1046\/revisions"}],"predecessor-version":[{"id":1930,"href":"https:\/\/www.rheinland-pfalz-saarland.freidenker.org\/cms\/index.php?rest_route=\/wp\/v2\/posts\/1046\/revisions\/1930"}],"wp:attachment":[{"href":"https:\/\/www.rheinland-pfalz-saarland.freidenker.org\/cms\/index.php?rest_route=%2Fwp%2Fv2%2Fmedia&parent=1046"}],"wp:term":[{"taxonomy":"category","embeddable":true,"href":"https:\/\/www.rheinland-pfalz-saarland.freidenker.org\/cms\/index.php?rest_route=%2Fwp%2Fv2%2Fcategories&post=1046"},{"taxonomy":"post_tag","embeddable":true,"href":"https:\/\/www.rheinland-pfalz-saarland.freidenker.org\/cms\/index.php?rest_route=%2Fwp%2Fv2%2Ftags&post=1046"}],"curies":[{"name":"wp","href":"https:\/\/api.w.org\/{rel}","templated":true}]}}